{"id":56554,"date":"2025-11-28T20:03:38","date_gmt":"2025-11-28T23:03:38","guid":{"rendered":"https:\/\/ejornais.com.br\/index.php\/2025\/11\/28\/consumidor-tera-reducao-no-preco-da-energia-eletrica-em-dezembro\/"},"modified":"2025-11-28T20:03:38","modified_gmt":"2025-11-28T23:03:38","slug":"consumidor-tera-reducao-no-preco-da-energia-eletrica-em-dezembro","status":"publish","type":"post","link":"https:\/\/ejornais.com.br\/index.php\/2025\/11\/28\/consumidor-tera-reducao-no-preco-da-energia-eletrica-em-dezembro\/","title":{"rendered":"Consumidor ter\u00e1 redu\u00e7\u00e3o no pre\u00e7o da energia el\u00e9trica em dezembro"},"content":{"rendered":"<p> Por MRNews<br \/>\n<\/p>\n<div wp_automatic_readability=\"53.291896869245\">\n<p>A Ag\u00eancia Nacional de Energia El\u00e9trica (Aneel) anunciou nesta sexta-feira (28) que a bandeira tarif\u00e1ria em dezembro passou da vermelha no patamar 1, em novembro, para amarela em dezembro.<\/p>\n<p><strong>Isso significa que a pessoa deixa de pagar R$ 4,46 a cada 100 quilowatts-hora (KW\/h) consumidos e passa a pagar R$ 1,885<\/strong>.<\/p>\n<p>De acordo com a Aneel, a entrada do per\u00edodo chuvoso no pa\u00eds, a previs\u00e3o de chuvas para dezembro \u00e9 superior \u00e0s chuvas que ocorreram em novembro, na maior parte do pa\u00eds.<\/p>\n<p><strong><a href=\"https:\/\/mrnews.com.br\/index.php\/2025\/11\/28\/cnu-2025-locais-das-provas-discursivas-serao-divulgados-nesta-segunda\/\">CNU 2025: locais das provas discursivas ser\u00e3o divulgados nesta segunda<\/a><\/strong><\/p>\n<p><strong><a href=\"https:\/\/mrnews.com.br\/index.php\/2025\/11\/28\/ebc-prorroga-inscricoes-para-vaga-no-comite-editorial-ate-dia-6\/\">EBC prorroga inscri\u00e7\u00f5es para vaga no Comit\u00ea Editorial at\u00e9 dia 6<\/a><\/strong><\/p>\n<blockquote wp_automatic_readability=\"14\">\n<p>\u201cContudo, essa expectativa de chuvas est\u00e1, em geral, abaixo da sua m\u00e9dia hist\u00f3rica para esse m\u00eas do ano. Diante de condi\u00e7\u00f5es de gera\u00e7\u00e3o de energia um pouco mais favor\u00e1veis, foi poss\u00edvel mudar da bandeira vermelha patamar 1 para amarela. Por isso, o acionamento das termel\u00e9tricas continua sendo essencial para atender \u00e0 demanda\u201d, informou a Ag\u00eancia.<\/p>\n<\/blockquote>\n<p>A Aneel acrescentou \u201cque a gera\u00e7\u00e3o solar \u00e9 intermitente e n\u00e3o fornece energia de forma cont\u00ednua, especialmente no per\u00edodo noturno e nos hor\u00e1rios de maior consumo\u201d.\u00a0A redu\u00e7\u00e3o ocorre ap\u00f3s a ado\u00e7\u00e3o da bandeira vermelha patamar 1 em outubro e novembro.<\/p>\n<p><strong>Em agosto e setembro, a Aneel havia acionado a bandeira vermelha patamar 2, com adicional de R$ 7,87 por 100 kWh.<\/strong><\/p>\n<p><strong>&gt;&gt;Ag\u00eancia Brasil explica: como funcionam as bandeiras tarif\u00e1rias<\/strong><\/p>\n<p><strong><a href=\"https:\/\/mrnews.com.br\/index.php\/2025\/11\/28\/tres-brasileiros-vao-a-semi-de-etapa-da-copa-do-mundo-de-skate-street\/\">Tr\u00eas brasileiros v\u00e3o \u00e0 semi de etapa da Copa do Mundo de skate street<\/a><\/strong><\/p>\n<p><strong><a href=\"https:\/\/mrnews.com.br\/index.php\/2025\/11\/28\/belem-ananindeua-e-marituba-terao-aplicacao-do-enem-2025-no-domingo\/\">Bel\u00e9m, Ananindeua e Marituba ter\u00e3o aplica\u00e7\u00e3o do Enem 2025 no domingo<\/a><\/strong><\/p>\n<h2>Custos extras<\/h2>\n<p>Criado em 2015 pela Aneel, o sistema de bandeiras tarif\u00e1rias reflete os custos vari\u00e1veis da gera\u00e7\u00e3o de energia el\u00e9trica. Divididas em cores, as bandeiras indicam quanto est\u00e1 custando para o Sistema Interligado Nacional (SIN) gerar a energia usada nas resid\u00eancias, em estabelecimentos comerciais e nas ind\u00fastrias.<\/p>\n<p>Quando a conta de luz \u00e9 calculada pela bandeira verde, n\u00e3o h\u00e1 nenhum acr\u00e9scimo. Quando s\u00e3o aplicadas as bandeiras vermelha ou amarela, a conta sofre acr\u00e9scimos a cada 100 quilowatts-hora (kWh) consumidos.<\/p>\n<\/div>\n","protected":false},"excerpt":{"rendered":"<p>Por MRNews A Ag\u00eancia Nacional de Energia El\u00e9trica (Aneel) anunciou nesta sexta-feira (28) que a bandeira tarif\u00e1ria em dezembro passou<\/p>\n","protected":false},"author":2,"featured_media":0,"comment_status":"","ping_status":"","sticky":false,"template":"","format":"standard","meta":{"colormag_page_container_layout":"default_layout","colormag_page_sidebar_layout":"default_layout","footnotes":""},"categories":[1],"tags":[],"class_list":["post-56554","post","type-post","status-publish","format-standard","hentry","category-ejornais"],"aioseo_notices":[],"aioseo_head":"\n\t\t<!-- All in One SEO 5.0.1.1 - aioseo.com -->\n\t<meta name=\"description\" content=\"Por MRNews A Ag\u00eancia Nacional de Energia El\u00e9trica (Aneel) anunciou nesta sexta-feira (28) que a bandeira tarif\u00e1ria em dezembro passou da vermelha no patamar 1, em novembro, para amarela em dezembro. Isso significa que a pessoa deixa de pagar R$ 4,46 a cada 100 quilowatts-hora (KW\/h) consumidos e passa a pagar R$ 1,885. De acordo\" \/>\n\t<meta name=\"robots\" content=\"max-image-preview:large\" \/>\n\t<meta name=\"author\" content=\"admin1\"\/>\n\t<link rel=\"canonical\" href=\"https:\/\/ejornais.com.br\/index.php\/2025\/11\/28\/consumidor-tera-reducao-no-preco-da-energia-eletrica-em-dezembro\/\" \/>\n\t<meta name=\"generator\" content=\"All in One SEO (AIOSEO) 5.0.1.1\" \/>\n\t\t<meta property=\"og:locale\" content=\"pt_BR\" \/>\n\t\t<meta property=\"og:site_name\" content=\"eJornais - Cat\u00e1logo de Jornais no mundo, Not\u00edcias, Blog e Esportes ao vivo\" \/>\n\t\t<meta property=\"og:type\" content=\"article\" \/>\n\t\t<meta property=\"og:title\" content=\"Consumidor ter\u00e1 redu\u00e7\u00e3o no pre\u00e7o da energia el\u00e9trica em dezembro - eJornais\" \/>\n\t\t<meta property=\"og:description\" content=\"Por MRNews A Ag\u00eancia Nacional de Energia El\u00e9trica (Aneel) anunciou nesta sexta-feira (28) que a bandeira tarif\u00e1ria em dezembro passou da vermelha no patamar 1, em novembro, para amarela em dezembro. Isso significa que a pessoa deixa de pagar R$ 4,46 a cada 100 quilowatts-hora (KW\/h) consumidos e passa a pagar R$ 1,885. De acordo\" \/>\n\t\t<meta property=\"og:url\" content=\"https:\/\/ejornais.com.br\/index.php\/2025\/11\/28\/consumidor-tera-reducao-no-preco-da-energia-eletrica-em-dezembro\/\" \/>\n\t\t<meta property=\"article:published_time\" content=\"2025-11-28T23:03:38+00:00\" \/>\n\t\t<meta property=\"article:modified_time\" content=\"2025-11-28T23:03:38+00:00\" \/>\n\t\t<meta name=\"twitter:card\" content=\"summary_large_image\" \/>\n\t\t<meta name=\"twitter:title\" content=\"Consumidor ter\u00e1 redu\u00e7\u00e3o no pre\u00e7o da energia el\u00e9trica em dezembro - eJornais\" \/>\n\t\t<meta name=\"twitter:description\" content=\"Por MRNews A Ag\u00eancia Nacional de Energia El\u00e9trica (Aneel) anunciou nesta sexta-feira (28) que a bandeira tarif\u00e1ria em dezembro passou da vermelha no patamar 1, em novembro, para amarela em dezembro. Isso significa que a pessoa deixa de pagar R$ 4,46 a cada 100 quilowatts-hora (KW\/h) consumidos e passa a pagar R$ 1,885. De acordo\" \/>\n\t\t<script type=\"application\/ld+json\" class=\"aioseo-schema\">\n\t\t\t{\"@context\":\"https:\\\/\\\/schema.org\",\"@graph\":[{\"@type\":\"BlogPosting\",\"@id\":\"https:\\\/\\\/ejornais.com.br\\\/index.php\\\/2025\\\/11\\\/28\\\/consumidor-tera-reducao-no-preco-da-energia-eletrica-em-dezembro\\\/#blogposting\",\"name\":\"Consumidor ter\\u00e1 redu\\u00e7\\u00e3o no pre\\u00e7o da energia el\\u00e9trica em dezembro - eJornais\",\"headline\":\"Consumidor ter\\u00e1 redu\\u00e7\\u00e3o no pre\\u00e7o da energia el\\u00e9trica em dezembro\",\"author\":{\"@id\":\"https:\\\/\\\/ejornais.com.br\\\/index.php\\\/author\\\/admin1\\\/#author\"},\"publisher\":{\"@id\":\"https:\\\/\\\/ejornais.com.br\\\/#organization\"},\"datePublished\":\"2025-11-28T20:03:38-03:00\",\"dateModified\":\"2025-11-28T20:03:38-03:00\",\"inLanguage\":\"pt-BR\",\"mainEntityOfPage\":{\"@id\":\"https:\\\/\\\/ejornais.com.br\\\/index.php\\\/2025\\\/11\\\/28\\\/consumidor-tera-reducao-no-preco-da-energia-eletrica-em-dezembro\\\/#webpage\"},\"isPartOf\":{\"@id\":\"https:\\\/\\\/ejornais.com.br\\\/index.php\\\/2025\\\/11\\\/28\\\/consumidor-tera-reducao-no-preco-da-energia-eletrica-em-dezembro\\\/#webpage\"},\"articleSection\":\"Cat\\u00e1logo de Jornais\"},{\"@type\":\"BreadcrumbList\",\"@id\":\"https:\\\/\\\/ejornais.com.br\\\/index.php\\\/2025\\\/11\\\/28\\\/consumidor-tera-reducao-no-preco-da-energia-eletrica-em-dezembro\\\/#breadcrumblist\",\"itemListElement\":[{\"@type\":\"ListItem\",\"@id\":\"https:\\\/\\\/ejornais.com.br#listItem\",\"position\":1,\"name\":\"In\\u00edcio\",\"item\":\"https:\\\/\\\/ejornais.com.br\",\"nextItem\":{\"@type\":\"ListItem\",\"@id\":\"https:\\\/\\\/ejornais.com.br\\\/index.php\\\/category\\\/ejornais\\\/#listItem\",\"name\":\"Cat\\u00e1logo de Jornais\"}},{\"@type\":\"ListItem\",\"@id\":\"https:\\\/\\\/ejornais.com.br\\\/index.php\\\/category\\\/ejornais\\\/#listItem\",\"position\":2,\"name\":\"Cat\\u00e1logo de Jornais\",\"item\":\"https:\\\/\\\/ejornais.com.br\\\/index.php\\\/category\\\/ejornais\\\/\",\"nextItem\":{\"@type\":\"ListItem\",\"@id\":\"https:\\\/\\\/ejornais.com.br\\\/index.php\\\/2025\\\/11\\\/28\\\/consumidor-tera-reducao-no-preco-da-energia-eletrica-em-dezembro\\\/#listItem\",\"name\":\"Consumidor ter\\u00e1 redu\\u00e7\\u00e3o no pre\\u00e7o da energia el\\u00e9trica em dezembro\"},\"previousItem\":{\"@type\":\"ListItem\",\"@id\":\"https:\\\/\\\/ejornais.com.br#listItem\",\"name\":\"In\\u00edcio\"}},{\"@type\":\"ListItem\",\"@id\":\"https:\\\/\\\/ejornais.com.br\\\/index.php\\\/2025\\\/11\\\/28\\\/consumidor-tera-reducao-no-preco-da-energia-eletrica-em-dezembro\\\/#listItem\",\"position\":3,\"name\":\"Consumidor ter\\u00e1 redu\\u00e7\\u00e3o no pre\\u00e7o da energia el\\u00e9trica em dezembro\",\"previousItem\":{\"@type\":\"ListItem\",\"@id\":\"https:\\\/\\\/ejornais.com.br\\\/index.php\\\/category\\\/ejornais\\\/#listItem\",\"name\":\"Cat\\u00e1logo de Jornais\"}}]},{\"@type\":\"Organization\",\"@id\":\"https:\\\/\\\/ejornais.com.br\\\/#organization\",\"name\":\"eJornais\",\"description\":\"Cat\\u00e1logo de Jornais no mundo, Not\\u00edcias, Blog e Esportes ao vivo\",\"url\":\"https:\\\/\\\/ejornais.com.br\\\/\"},{\"@type\":\"Person\",\"@id\":\"https:\\\/\\\/ejornais.com.br\\\/index.php\\\/author\\\/admin1\\\/#author\",\"url\":\"https:\\\/\\\/ejornais.com.br\\\/index.php\\\/author\\\/admin1\\\/\",\"name\":\"admin1\",\"image\":{\"@type\":\"ImageObject\",\"@id\":\"https:\\\/\\\/ejornais.com.br\\\/index.php\\\/2025\\\/11\\\/28\\\/consumidor-tera-reducao-no-preco-da-energia-eletrica-em-dezembro\\\/#authorImage\",\"url\":\"https:\\\/\\\/secure.gravatar.com\\\/avatar\\\/04084e6d73c042b8646e7c17b494073bf0ede3ea13c7105cfc45cbbbc28385a4?s=96&d=mm&r=g\",\"width\":96,\"height\":96,\"caption\":\"admin1\"}},{\"@type\":\"WebPage\",\"@id\":\"https:\\\/\\\/ejornais.com.br\\\/index.php\\\/2025\\\/11\\\/28\\\/consumidor-tera-reducao-no-preco-da-energia-eletrica-em-dezembro\\\/#webpage\",\"url\":\"https:\\\/\\\/ejornais.com.br\\\/index.php\\\/2025\\\/11\\\/28\\\/consumidor-tera-reducao-no-preco-da-energia-eletrica-em-dezembro\\\/\",\"name\":\"Consumidor ter\\u00e1 redu\\u00e7\\u00e3o no pre\\u00e7o da energia el\\u00e9trica em dezembro - eJornais\",\"description\":\"Por MRNews A Ag\\u00eancia Nacional de Energia El\\u00e9trica (Aneel) anunciou nesta sexta-feira (28) que a bandeira tarif\\u00e1ria em dezembro passou da vermelha no patamar 1, em novembro, para amarela em dezembro. Isso significa que a pessoa deixa de pagar R$ 4,46 a cada 100 quilowatts-hora (KW\\\/h) consumidos e passa a pagar R$ 1,885. De acordo\",\"inLanguage\":\"pt-BR\",\"isPartOf\":{\"@id\":\"https:\\\/\\\/ejornais.com.br\\\/#website\"},\"breadcrumb\":{\"@id\":\"https:\\\/\\\/ejornais.com.br\\\/index.php\\\/2025\\\/11\\\/28\\\/consumidor-tera-reducao-no-preco-da-energia-eletrica-em-dezembro\\\/#breadcrumblist\"},\"author\":{\"@id\":\"https:\\\/\\\/ejornais.com.br\\\/index.php\\\/author\\\/admin1\\\/#author\"},\"creator\":{\"@id\":\"https:\\\/\\\/ejornais.com.br\\\/index.php\\\/author\\\/admin1\\\/#author\"},\"datePublished\":\"2025-11-28T20:03:38-03:00\",\"dateModified\":\"2025-11-28T20:03:38-03:00\"},{\"@type\":\"WebSite\",\"@id\":\"https:\\\/\\\/ejornais.com.br\\\/#website\",\"url\":\"https:\\\/\\\/ejornais.com.br\\\/\",\"name\":\"eJornais\",\"description\":\"Cat\\u00e1logo de Jornais no mundo, Not\\u00edcias, Blog e Esportes ao vivo\",\"inLanguage\":\"pt-BR\",\"publisher\":{\"@id\":\"https:\\\/\\\/ejornais.com.br\\\/#organization\"}}]}\n\t\t<\/script>\n\t\t<!-- All in One SEO -->\n\n","aioseo_head_json":{"title":"Consumidor ter\u00e1 redu\u00e7\u00e3o no pre\u00e7o da energia el\u00e9trica em dezembro - eJornais","description":"Por MRNews A Ag\u00eancia Nacional de Energia El\u00e9trica (Aneel) anunciou nesta sexta-feira (28) que a bandeira tarif\u00e1ria em dezembro passou da vermelha no patamar 1, em novembro, para amarela em dezembro. Isso significa que a pessoa deixa de pagar R$ 4,46 a cada 100 quilowatts-hora (KW\/h) consumidos e passa a pagar R$ 1,885. De acordo","canonical_url":"https:\/\/ejornais.com.br\/index.php\/2025\/11\/28\/consumidor-tera-reducao-no-preco-da-energia-eletrica-em-dezembro\/","robots":"max-image-preview:large","keywords":"","webmasterTools":{"miscellaneous":""},"schema":{"@context":"https:\/\/schema.org","@graph":[{"@type":"BlogPosting","@id":"https:\/\/ejornais.com.br\/index.php\/2025\/11\/28\/consumidor-tera-reducao-no-preco-da-energia-eletrica-em-dezembro\/#blogposting","name":"Consumidor ter\u00e1 redu\u00e7\u00e3o no pre\u00e7o da energia el\u00e9trica em dezembro - eJornais","headline":"Consumidor ter\u00e1 redu\u00e7\u00e3o no pre\u00e7o da energia el\u00e9trica em dezembro","author":{"@id":"https:\/\/ejornais.com.br\/index.php\/author\/admin1\/#author"},"publisher":{"@id":"https:\/\/ejornais.com.br\/#organization"},"datePublished":"2025-11-28T20:03:38-03:00","dateModified":"2025-11-28T20:03:38-03:00","inLanguage":"pt-BR","mainEntityOfPage":{"@id":"https:\/\/ejornais.com.br\/index.php\/2025\/11\/28\/consumidor-tera-reducao-no-preco-da-energia-eletrica-em-dezembro\/#webpage"},"isPartOf":{"@id":"https:\/\/ejornais.com.br\/index.php\/2025\/11\/28\/consumidor-tera-reducao-no-preco-da-energia-eletrica-em-dezembro\/#webpage"},"articleSection":"Cat\u00e1logo de Jornais"},{"@type":"BreadcrumbList","@id":"https:\/\/ejornais.com.br\/index.php\/2025\/11\/28\/consumidor-tera-reducao-no-preco-da-energia-eletrica-em-dezembro\/#breadcrumblist","itemListElement":[{"@type":"ListItem","@id":"https:\/\/ejornais.com.br#listItem","position":1,"name":"In\u00edcio","item":"https:\/\/ejornais.com.br","nextItem":{"@type":"ListItem","@id":"https:\/\/ejornais.com.br\/index.php\/category\/ejornais\/#listItem","name":"Cat\u00e1logo de Jornais"}},{"@type":"ListItem","@id":"https:\/\/ejornais.com.br\/index.php\/category\/ejornais\/#listItem","position":2,"name":"Cat\u00e1logo de Jornais","item":"https:\/\/ejornais.com.br\/index.php\/category\/ejornais\/","nextItem":{"@type":"ListItem","@id":"https:\/\/ejornais.com.br\/index.php\/2025\/11\/28\/consumidor-tera-reducao-no-preco-da-energia-eletrica-em-dezembro\/#listItem","name":"Consumidor ter\u00e1 redu\u00e7\u00e3o no pre\u00e7o da energia el\u00e9trica em dezembro"},"previousItem":{"@type":"ListItem","@id":"https:\/\/ejornais.com.br#listItem","name":"In\u00edcio"}},{"@type":"ListItem","@id":"https:\/\/ejornais.com.br\/index.php\/2025\/11\/28\/consumidor-tera-reducao-no-preco-da-energia-eletrica-em-dezembro\/#listItem","position":3,"name":"Consumidor ter\u00e1 redu\u00e7\u00e3o no pre\u00e7o da energia el\u00e9trica em dezembro","previousItem":{"@type":"ListItem","@id":"https:\/\/ejornais.com.br\/index.php\/category\/ejornais\/#listItem","name":"Cat\u00e1logo de Jornais"}}]},{"@type":"Organization","@id":"https:\/\/ejornais.com.br\/#organization","name":"eJornais","description":"Cat\u00e1logo de Jornais no mundo, Not\u00edcias, Blog e Esportes ao vivo","url":"https:\/\/ejornais.com.br\/"},{"@type":"Person","@id":"https:\/\/ejornais.com.br\/index.php\/author\/admin1\/#author","url":"https:\/\/ejornais.com.br\/index.php\/author\/admin1\/","name":"admin1","image":{"@type":"ImageObject","@id":"https:\/\/ejornais.com.br\/index.php\/2025\/11\/28\/consumidor-tera-reducao-no-preco-da-energia-eletrica-em-dezembro\/#authorImage","url":"https:\/\/secure.gravatar.com\/avatar\/04084e6d73c042b8646e7c17b494073bf0ede3ea13c7105cfc45cbbbc28385a4?s=96&d=mm&r=g","width":96,"height":96,"caption":"admin1"}},{"@type":"WebPage","@id":"https:\/\/ejornais.com.br\/index.php\/2025\/11\/28\/consumidor-tera-reducao-no-preco-da-energia-eletrica-em-dezembro\/#webpage","url":"https:\/\/ejornais.com.br\/index.php\/2025\/11\/28\/consumidor-tera-reducao-no-preco-da-energia-eletrica-em-dezembro\/","name":"Consumidor ter\u00e1 redu\u00e7\u00e3o no pre\u00e7o da energia el\u00e9trica em dezembro - eJornais","description":"Por MRNews A Ag\u00eancia Nacional de Energia El\u00e9trica (Aneel) anunciou nesta sexta-feira (28) que a bandeira tarif\u00e1ria em dezembro passou da vermelha no patamar 1, em novembro, para amarela em dezembro. Isso significa que a pessoa deixa de pagar R$ 4,46 a cada 100 quilowatts-hora (KW\/h) consumidos e passa a pagar R$ 1,885. De acordo","inLanguage":"pt-BR","isPartOf":{"@id":"https:\/\/ejornais.com.br\/#website"},"breadcrumb":{"@id":"https:\/\/ejornais.com.br\/index.php\/2025\/11\/28\/consumidor-tera-reducao-no-preco-da-energia-eletrica-em-dezembro\/#breadcrumblist"},"author":{"@id":"https:\/\/ejornais.com.br\/index.php\/author\/admin1\/#author"},"creator":{"@id":"https:\/\/ejornais.com.br\/index.php\/author\/admin1\/#author"},"datePublished":"2025-11-28T20:03:38-03:00","dateModified":"2025-11-28T20:03:38-03:00"},{"@type":"WebSite","@id":"https:\/\/ejornais.com.br\/#website","url":"https:\/\/ejornais.com.br\/","name":"eJornais","description":"Cat\u00e1logo de Jornais no mundo, Not\u00edcias, Blog e Esportes ao vivo","inLanguage":"pt-BR","publisher":{"@id":"https:\/\/ejornais.com.br\/#organization"}}]},"og:locale":"pt_BR","og:site_name":"eJornais - Cat\u00e1logo de Jornais no mundo, Not\u00edcias, Blog e Esportes ao vivo","og:type":"article","og:title":"Consumidor ter\u00e1 redu\u00e7\u00e3o no pre\u00e7o da energia el\u00e9trica em dezembro - eJornais","og:description":"Por MRNews A Ag\u00eancia Nacional de Energia El\u00e9trica (Aneel) anunciou nesta sexta-feira (28) que a bandeira tarif\u00e1ria em dezembro passou da vermelha no patamar 1, em novembro, para amarela em dezembro. Isso significa que a pessoa deixa de pagar R$ 4,46 a cada 100 quilowatts-hora (KW\/h) consumidos e passa a pagar R$ 1,885. De acordo","og:url":"https:\/\/ejornais.com.br\/index.php\/2025\/11\/28\/consumidor-tera-reducao-no-preco-da-energia-eletrica-em-dezembro\/","article:published_time":"2025-11-28T23:03:38+00:00","article:modified_time":"2025-11-28T23:03:38+00:00","twitter:card":"summary_large_image","twitter:title":"Consumidor ter\u00e1 redu\u00e7\u00e3o no pre\u00e7o da energia el\u00e9trica em dezembro - eJornais","twitter:description":"Por MRNews A Ag\u00eancia Nacional de Energia El\u00e9trica (Aneel) anunciou nesta sexta-feira (28) que a bandeira tarif\u00e1ria em dezembro passou da vermelha no patamar 1, em novembro, para amarela em dezembro. Isso significa que a pessoa deixa de pagar R$ 4,46 a cada 100 quilowatts-hora (KW\/h) consumidos e passa a pagar R$ 1,885. De acordo"},"aioseo_meta_data":{"post_id":"56554","title":null,"description":null,"keywords":null,"keyphrases":null,"primary_term":null,"canonical_url":null,"og_title":null,"og_description":null,"og_object_type":"default","og_image_type":"default","og_image_url":null,"og_image_width":null,"og_image_height":null,"og_image_custom_url":null,"og_image_custom_fields":null,"og_video":null,"og_custom_url":null,"og_article_section":null,"og_article_tags":null,"twitter_use_og":false,"twitter_card":"default","twitter_image_type":"default","twitter_image_url":null,"twitter_image_custom_url":null,"twitter_image_custom_fields":null,"twitter_title":null,"twitter_description":null,"schema":{"blockGraphs":[],"customGraphs":[],"default":{"data":{"Article":[],"Course":[],"Dataset":[],"FAQPage":[],"Movie":[],"Person":[],"Product":[],"ProductReview":[],"Car":[],"Recipe":[],"Service":[],"SoftwareApplication":[],"WebPage":[]},"graphName":"","isEnabled":true},"graphs":[]},"schema_type":"default","schema_type_options":null,"pillar_content":false,"robots_default":true,"robots_noindex":false,"robots_noarchive":false,"robots_nosnippet":false,"robots_nofollow":false,"robots_noimageindex":false,"robots_noodp":false,"robots_notranslate":false,"robots_max_snippet":null,"robots_max_videopreview":null,"robots_max_imagepreview":"large","priority":null,"frequency":null,"local_seo":null,"breadcrumb_settings":null,"limit_modified_date":false,"ai":null,"created":"2025-11-28 23:05:39","updated":"2025-11-28 23:05:39","seo_analyzer_scan_date":null,"focus_keyword":null,"additional_keywords":null,"truseo_locale":null},"aioseo_breadcrumb":"<div class=\"aioseo-breadcrumbs\"><span class=\"aioseo-breadcrumb\">\n\t\t\t<a href=\"https:\/\/ejornais.com.br\" title=\"In\u00edcio\">In\u00edcio<\/a>\n\t\t<\/span><span class=\"aioseo-breadcrumb-separator\">&raquo;<\/span><span class=\"aioseo-breadcrumb\">\n\t\t\t<a href=\"https:\/\/ejornais.com.br\/index.php\/category\/ejornais\/\" title=\"Cat\u00e1logo de Jornais\">Cat\u00e1logo de Jornais<\/a>\n\t\t<\/span><span class=\"aioseo-breadcrumb-separator\">&raquo;<\/span><span class=\"aioseo-breadcrumb\">\n\t\t\tConsumidor ter\u00e1 redu\u00e7\u00e3o no pre\u00e7o da energia el\u00e9trica em dezembro\n\t\t<\/span><\/div>","aioseo_breadcrumb_json":[{"label":"In\u00edcio","link":"https:\/\/ejornais.com.br"},{"label":"Cat\u00e1logo de Jornais","link":"https:\/\/ejornais.com.br\/index.php\/category\/ejornais\/"},{"label":"Consumidor ter\u00e1 redu\u00e7\u00e3o no pre\u00e7o da energia el\u00e9trica em dezembro","link":"https:\/\/ejornais.com.br\/index.php\/2025\/11\/28\/consumidor-tera-reducao-no-preco-da-energia-eletrica-em-dezembro\/"}],"amp_enabled":true,"_links":{"self":[{"href":"https:\/\/ejornais.com.br\/index.php\/wp-json\/wp\/v2\/posts\/56554","targetHints":{"allow":["GET"]}}],"collection":[{"href":"https:\/\/ejornais.com.br\/index.php\/wp-json\/wp\/v2\/posts"}],"about":[{"href":"https:\/\/ejornais.com.br\/index.php\/wp-json\/wp\/v2\/types\/post"}],"author":[{"embeddable":true,"href":"https:\/\/ejornais.com.br\/index.php\/wp-json\/wp\/v2\/users\/2"}],"replies":[{"embeddable":true,"href":"https:\/\/ejornais.com.br\/index.php\/wp-json\/wp\/v2\/comments?post=56554"}],"version-history":[{"count":0,"href":"https:\/\/ejornais.com.br\/index.php\/wp-json\/wp\/v2\/posts\/56554\/revisions"}],"wp:attachment":[{"href":"https:\/\/ejornais.com.br\/index.php\/wp-json\/wp\/v2\/media?parent=56554"}],"wp:term":[{"taxonomy":"category","embeddable":true,"href":"https:\/\/ejornais.com.br\/index.php\/wp-json\/wp\/v2\/categories?post=56554"},{"taxonomy":"post_tag","embeddable":true,"href":"https:\/\/ejornais.com.br\/index.php\/wp-json\/wp\/v2\/tags?post=56554"}],"curies":[{"name":"wp","href":"https:\/\/api.w.org\/{rel}","templated":true}]}}