{"id":56690,"date":"2025-12-01T15:33:43","date_gmt":"2025-12-01T18:33:43","guid":{"rendered":"https:\/\/ejornais.com.br\/index.php\/2025\/12\/01\/rio-sedia-1a-cupula-popular-do-brics-para-debater-sul-global\/"},"modified":"2025-12-01T15:33:43","modified_gmt":"2025-12-01T18:33:43","slug":"rio-sedia-1a-cupula-popular-do-brics-para-debater-sul-global","status":"publish","type":"post","link":"https:\/\/ejornais.com.br\/index.php\/2025\/12\/01\/rio-sedia-1a-cupula-popular-do-brics-para-debater-sul-global\/","title":{"rendered":"Rio sedia 1\u00aa C\u00fapula Popular do Brics para debater Sul Global"},"content":{"rendered":"<p> Por MRNews<br \/>\n<\/p>\n<div wp_automatic_readability=\"69.852724594993\">\n<p><strong>Come\u00e7ou nesta segunda-feira (1\u00ba).\u00a0no Armaz\u00e9m da Utopia, no centro do Rio de Janeiro, a 1\u00aa C\u00fapula Popular do Brics, evento criado para integrar movimentos sociais ao bloco, composto por 11 pa\u00edses do mercado emergente. <\/strong>\u00a0O objetivo \u00e9\u00a0articular a participa\u00e7\u00e3o da sociedade civil na elabora\u00e7\u00e3o de propostas voltadas \u00e0 coopera\u00e7\u00e3o do Sul Global.\u00a0<\/p>\n<p><strong>Durante o encontro ser\u00e3o debatidos temas como a coopera\u00e7\u00e3o econ\u00f4mica e o multilateralismo<\/strong>, a constru\u00e7\u00e3o da multipolaridade, a reconfigura\u00e7\u00e3o da geopol\u00edtica mundial, os desafios da governan\u00e7a global, o pr\u00f3prio papel do Brics e a redu\u00e7\u00e3o da depend\u00eancia dos pa\u00edses emergentes ao d\u00f3lar americano nas transa\u00e7\u00f5es internacionais e forma\u00e7\u00e3o de reservas financeiras.<\/p>\n<div class=\"dnd-widget-wrapper context-medio_4colunas type-image atom-align-right\" wp_automatic_readability=\"2.9780701754386\">\n<h6 class=\"meta\">P\u00fablico acompanha a\u00a0abertura da C\u00fapula Popular do Brics.. Foto:\u00a0<strong>Tomaz Silva\/Ag\u00eancia Brasil<\/strong><!--END copyright=446654--><\/h6>\n<\/div>\n<p><strong>O Conselho Civil Popular do Brics foi criado em 2024 na C\u00fapula do Brics de Kazan, na R\u00fassia, para promover o di\u00e1logo entre atores da sociedade civil e governos dos pa\u00edses do grupo<\/strong>.<\/p>\n<blockquote wp_automatic_readability=\"10\">\n<p>\u201cO conselho \u00e9 um marco na consolida\u00e7\u00e3o da participa\u00e7\u00e3o da sociedade organizada nas discuss\u00f5es do bloco e visa dar voz aos movimentos populares, estudantes, professores e ONGs nas pautas estrat\u00e9gicas do agrupamento\u201d, diz a organiza\u00e7\u00e3o.<\/p>\n<\/blockquote>\n<p><strong>Este \u00e9 o \u00faltimo grande evento realizado pelo BRICS com o Brasil na presid\u00eancia do bloco, antes da \u00cdndia assumir a posi\u00e7\u00e3o no ano que vem.<\/strong><\/p>\n<p><strong><a href=\"https:\/\/mrnews.com.br\/index.php\/2025\/12\/01\/pagamento-por-aproximacao-passa-a-ser-usado-no-metro-de-sao-paulo\/\">Pagamento por aproxima\u00e7\u00e3o passa a ser usado no Metr\u00f4 de S\u00e3o Paulo<\/a><\/strong><\/p>\n<p><strong><a href=\"https:\/\/mrnews.com.br\/index.php\/2025\/12\/01\/mercado-reduz-previsao-da-inflacao-para-443-este-ano\/\">Mercado reduz previs\u00e3o da infla\u00e7\u00e3o para 4,43% este ano<\/a><\/strong><\/p>\n<p>&gt;&gt; Siga o canal da <strong>Ag\u00eancia Brasil <\/strong>no WhatsApp<\/p>\n<p>Em v\u00eddeo enviado para a abertura do evento, a ex-presidenta do Brasil e presidente do Novo Banco de Desenvolvimento do Brics, Dilma Rousseff, disse que a primeira c\u00fapula consagra a participa\u00e7\u00e3o da sociedade civil organizada na constru\u00e7\u00e3o da coopera\u00e7\u00e3o do Sul Global.<\/p>\n<blockquote wp_automatic_readability=\"8\">\n<p>\u201cPela primeira vez, os povos dos pa\u00edses do Brics disp\u00f5em de um canal permanente de di\u00e1logo com os governos e as inst\u00e2ncias decis\u00f3rias do agrupamento\u201d, afirmou Dilma.<\/p>\n<\/blockquote>\n<p><strong>Jo\u00e3o Pedro Stedile, da dire\u00e7\u00e3o nacional do Movimento dos Trabalhadores Rurais SemTerra (MST) e do Conselho Civil dos Brics no Brasil<\/strong>, disse que a c\u00fapula vai formalizar o conselho civil de como deve funcionar de forma permanente para entregar um\u00a0modus operandi\u00a0para o novo mandato na \u00cdndia no ano que vem.<\/p>\n<blockquote wp_automatic_readability=\"14\">\n<p>\u201cOs governos sabem que, sem a mobiliza\u00e7\u00e3o da sociedade civil, para alguns temas n\u00e3o tem como resolver, como a defesa da natureza, a constru\u00e7\u00e3o de moradia popular. Vamos analisar temas da geopol\u00edtica mundial, mas tamb\u00e9m vamos nos dedicar a temas que a sociedade civil pode ajudar a resolver\u201d, disse Stedile.<\/p>\n<\/blockquote>\n<p><strong>Os pa\u00edses membros do bloco s\u00e3o l\u00edderes na produ\u00e7\u00e3o de gr\u00e3os, carnes, fertilizantes e fibras, respondendo por cerca de 70% da produ\u00e7\u00e3o agr\u00edcola global<\/strong>. \u201cAl\u00e9m disso, concentram mais da metade da agricultura familiar do planeta, o que gera aproximadamente 80% do valor da produ\u00e7\u00e3o global de alimentos. Essa posi\u00e7\u00e3o estrat\u00e9gica confere ao bloco uma responsabilidade ainda maior na constru\u00e7\u00e3o de sistemas alimentares sustent\u00e1veis e equitativos, pautas que o Conselho Popular do Brics busca integrar nas discuss\u00f5es\u201d, dizem os organizadores.<\/p>\n<\/div>\n","protected":false},"excerpt":{"rendered":"<p>Por MRNews Come\u00e7ou nesta segunda-feira (1\u00ba).\u00a0no Armaz\u00e9m da Utopia, no centro do Rio de Janeiro, a 1\u00aa C\u00fapula Popular do<\/p>\n","protected":false},"author":2,"featured_media":0,"comment_status":"","ping_status":"","sticky":false,"template":"","format":"standard","meta":{"colormag_page_container_layout":"default_layout","colormag_page_sidebar_layout":"default_layout","footnotes":""},"categories":[1],"tags":[],"class_list":["post-56690","post","type-post","status-publish","format-standard","hentry","category-ejornais"],"aioseo_notices":[],"amp_enabled":true,"_links":{"self":[{"href":"https:\/\/ejornais.com.br\/index.php\/wp-json\/wp\/v2\/posts\/56690","targetHints":{"allow":["GET"]}}],"collection":[{"href":"https:\/\/ejornais.com.br\/index.php\/wp-json\/wp\/v2\/posts"}],"about":[{"href":"https:\/\/ejornais.com.br\/index.php\/wp-json\/wp\/v2\/types\/post"}],"author":[{"embeddable":true,"href":"https:\/\/ejornais.com.br\/index.php\/wp-json\/wp\/v2\/users\/2"}],"replies":[{"embeddable":true,"href":"https:\/\/ejornais.com.br\/index.php\/wp-json\/wp\/v2\/comments?post=56690"}],"version-history":[{"count":0,"href":"https:\/\/ejornais.com.br\/index.php\/wp-json\/wp\/v2\/posts\/56690\/revisions"}],"wp:attachment":[{"href":"https:\/\/ejornais.com.br\/index.php\/wp-json\/wp\/v2\/media?parent=56690"}],"wp:term":[{"taxonomy":"category","embeddable":true,"href":"https:\/\/ejornais.com.br\/index.php\/wp-json\/wp\/v2\/categories?post=56690"},{"taxonomy":"post_tag","embeddable":true,"href":"https:\/\/ejornais.com.br\/index.php\/wp-json\/wp\/v2\/tags?post=56690"}],"curies":[{"name":"wp","href":"https:\/\/api.w.org\/{rel}","templated":true}]}}