{"id":56774,"date":"2025-12-02T21:56:39","date_gmt":"2025-12-03T00:56:39","guid":{"rendered":"https:\/\/ejornais.com.br\/index.php\/2025\/12\/02\/ainda-esta-em-tempo-regularize-suas-dividas-e-comece-2026-no-azul-com-o-refis-cgnoticias\/"},"modified":"2025-12-02T21:56:39","modified_gmt":"2025-12-03T00:56:39","slug":"ainda-esta-em-tempo-regularize-suas-dividas-e-comece-2026-no-azul-com-o-refis-cgnoticias","status":"publish","type":"post","link":"https:\/\/ejornais.com.br\/index.php\/2025\/12\/02\/ainda-esta-em-tempo-regularize-suas-dividas-e-comece-2026-no-azul-com-o-refis-cgnoticias\/","title":{"rendered":"Ainda est\u00e1 em tempo! Regularize suas d\u00edvidas e comece 2026 no azul com o Refis \u2013 CGNot\u00edcias"},"content":{"rendered":"<p><\/p>\n<div>\n<p>Se voc\u00ea tem algum d\u00e9bito com o Munic\u00edpio de Campo Grande, esta \u00e9 a oportunidade ideal para colocar a situa\u00e7\u00e3o em dia: o Programa de Regulariza\u00e7\u00e3o Fiscal (Refis) j\u00e1 est\u00e1 em vigor e segue aberto at\u00e9 12 de dezembro de 2025.<\/p>\n<p>Com descontos de at\u00e9 80% em juros e multas, o programa facilita a vida do contribuinte que deseja encerrar o ano com tranquilidade e o nome limpo.<\/p>\n<p>O Refis atende pessoas f\u00edsicas e jur\u00eddicas com d\u00edvidas geradas at\u00e9 10 de novembro de 2025, incluindo tributos como IPTU, ISS, taxas de alvar\u00e1 e demais encargos municipais.<\/p>\n<p>Ficam de fora apenas multas de tr\u00e2nsito, infra\u00e7\u00f5es ambientais, indeniza\u00e7\u00f5es e d\u00edvidas contratuais.<\/p>\n<p>Quem optar pelo pagamento \u00e0 vista garante o maior desconto. J\u00e1 quem preferir parcelar, conta com entrada reduzida e condi\u00e7\u00f5es especiais para regularizar sua situa\u00e7\u00e3o sem pesar no bolso.<\/p>\n<p>A iniciativa refor\u00e7a o compromisso da Prefeitura com a adimpl\u00eancia e com o investimento em \u00e1reas essenciais como sa\u00fade, educa\u00e7\u00e3o e infraestrutura, transformando a arrecada\u00e7\u00e3o em benef\u00edcios para toda a cidade.<\/p>\n<p>Evite protesto e restri\u00e7\u00f5es no seu CPF ou CNPJ.<\/p>\n<p>Com as normas atuais do Conselho Nacional de Justi\u00e7a (CNJ), d\u00edvidas municipais precisam ser protestadas em cart\u00f3rio antes de seguirem para a\u00e7\u00e3o judicial \u2014 o que pode resultar em nome negativado e dificuldades de cr\u00e9dito.<\/p>\n<p>O Refis foi criado justamente para evitar esse tipo de transtorno, oferecendo ao cidad\u00e3o a chance de negociar antes que o d\u00e9bito seja encaminhado ao cart\u00f3rio.<\/p>\n<p><strong>Onde e como negociar<\/strong><br \/>Voc\u00ea pode consultar seus d\u00e9bitos, simular valores e fechar acordos de forma r\u00e1pida e segura.<\/p>\n<p><strong>Site oficia<\/strong>l: refis.campogrande.ms.gov.br<br \/>WhatsApp: (67) 4042-1320<br \/>De segunda a sexta, das 7h \u00e0s 19h<\/p>\n<p><strong>Atendimento presencial \u2013 CAC<\/strong><br \/>Rua Marechal C\u00e2ndido Mariano Rondon, n\u00ba 2.655<br \/>Das 8h \u00e0s 16h (atendimento cont\u00ednuo, sem intervalo)<\/p>\n<\/div>\n<p><script async defer async defer src=\"https:\/\/connect.facebook.net\/en_US\/sdk.js?ver=1#xfbml=1&amp;version=v3.2\" id=\"prefeitura-campogrande-script-facebook-sdk-js\"><\/script><\/p>\n","protected":false},"excerpt":{"rendered":"<p>Se voc\u00ea tem algum d\u00e9bito com o Munic\u00edpio de Campo Grande, esta \u00e9 a oportunidade ideal para colocar a situa\u00e7\u00e3o<\/p>\n","protected":false},"author":2,"featured_media":0,"comment_status":"","ping_status":"","sticky":false,"template":"","format":"standard","meta":{"colormag_page_container_layout":"default_layout","colormag_page_sidebar_layout":"default_layout","footnotes":""},"categories":[1],"tags":[],"class_list":["post-56774","post","type-post","status-publish","format-standard","hentry","category-ejornais"],"aioseo_notices":[],"amp_enabled":true,"_links":{"self":[{"href":"https:\/\/ejornais.com.br\/index.php\/wp-json\/wp\/v2\/posts\/56774","targetHints":{"allow":["GET"]}}],"collection":[{"href":"https:\/\/ejornais.com.br\/index.php\/wp-json\/wp\/v2\/posts"}],"about":[{"href":"https:\/\/ejornais.com.br\/index.php\/wp-json\/wp\/v2\/types\/post"}],"author":[{"embeddable":true,"href":"https:\/\/ejornais.com.br\/index.php\/wp-json\/wp\/v2\/users\/2"}],"replies":[{"embeddable":true,"href":"https:\/\/ejornais.com.br\/index.php\/wp-json\/wp\/v2\/comments?post=56774"}],"version-history":[{"count":0,"href":"https:\/\/ejornais.com.br\/index.php\/wp-json\/wp\/v2\/posts\/56774\/revisions"}],"wp:attachment":[{"href":"https:\/\/ejornais.com.br\/index.php\/wp-json\/wp\/v2\/media?parent=56774"}],"wp:term":[{"taxonomy":"category","embeddable":true,"href":"https:\/\/ejornais.com.br\/index.php\/wp-json\/wp\/v2\/categories?post=56774"},{"taxonomy":"post_tag","embeddable":true,"href":"https:\/\/ejornais.com.br\/index.php\/wp-json\/wp\/v2\/tags?post=56774"}],"curies":[{"name":"wp","href":"https:\/\/api.w.org\/{rel}","templated":true}]}}