{"id":56779,"date":"2025-12-02T23:44:41","date_gmt":"2025-12-03T02:44:41","guid":{"rendered":"https:\/\/ejornais.com.br\/index.php\/2025\/12\/02\/caps-dona-ivone-lara-promove-roda-de-samba-terapeutica-prefeitura-da-cidade-do-rio-de-janeiro\/"},"modified":"2025-12-02T23:44:41","modified_gmt":"2025-12-03T02:44:41","slug":"caps-dona-ivone-lara-promove-roda-de-samba-terapeutica-prefeitura-da-cidade-do-rio-de-janeiro","status":"publish","type":"post","link":"https:\/\/ejornais.com.br\/index.php\/2025\/12\/02\/caps-dona-ivone-lara-promove-roda-de-samba-terapeutica-prefeitura-da-cidade-do-rio-de-janeiro\/","title":{"rendered":"CAPS Dona Ivone Lara promove roda de samba terap\u00eautica &#8211; Prefeitura da Cidade do Rio de Janeiro"},"content":{"rendered":"<p><\/p>\n<div wp_automatic_readability=\"94.689956331878\">\n<div class=\"image-post\" wp_automatic_readability=\"32\">\n                     Unidade que homenageia Grande Dama do Samba oferece acolhimento pela cultura &#8211; Edu Kapps\/SMS                  <\/div>\n<p>Dia 2 de dezembro \u00e9 o Dia Nacional do Samba, e no Rio o samba tamb\u00e9m \u00e9 sa\u00fade. A prova disso \u00e9 que toda quinta-feira, \u00e0s 15h30, o p\u00e1tio da RUA Sonho Meu, em Cascadura, se transforma em um ponto de encontro onde o som do pandeiro, do viol\u00e3o e das palmas se mistura \u00e0s risadas, conversas e reencontros. Nomeado em homenagem a uma das maiores sambistas da hist\u00f3ria, o CAPSad Dona Ivone Lara realiza uma roda de samba com usu\u00e1rios do Programa Seguir em Frente para promover acolhimento, sa\u00fade mental e reinser\u00e7\u00e3o social. O programa j\u00e1 se tornou um dos momentos mais aguardados pelos usu\u00e1rios e tamb\u00e9m pelos moradores do bairro, que s\u00e3o convidados a participar da atividade aberta ao territ\u00f3rio.<\/p>\n<p>A iniciativa nasceu com um prop\u00f3sito simples, mas poderoso: usar a m\u00fasica como ferramenta de cuidado, acolhimento e reconstru\u00e7\u00e3o da autoestima. Para muitos pacientes, a oficina semanal representa um momento de descontra\u00e7\u00e3o em meio ao tratamento, al\u00e9m da oportunidade de fortalecer v\u00ednculos, exercitar a express\u00e3o emocional e redescobrir habilidades sociais.<\/p>\n<p>Entre um verso e outro, boas recorda\u00e7\u00f5es aparecem. Enquanto toca o tamborim, Lup\u00e9rcio Caldeira, de 57 anos, mata a saudade da juventude.<\/p>\n<blockquote wp_automatic_readability=\"11\">\n<p>\u2013 \u00c9 uma terapia musical muito boa, a m\u00fasica para mim \u00e9 transcendental. Me leva para outro patamar, me acalma. Quando eu estou aqui, sinto muita satisfa\u00e7\u00e3o. Gosto de cantar os pagodes antigos, me trazem boas recorda\u00e7\u00f5es.<\/p>\n<\/blockquote>\n<p>Alexandre Vargas, musicoterapeuta e idealizador do projeto, destaca que a iniciativa tem um forte impacto terap\u00eautico.<\/p>\n<blockquote wp_automatic_readability=\"11\">\n<p>\u2013 A oficina tem o objetivo de promover express\u00e3o corporal, autoestima e conviv\u00eancia. \u00c9 um instrumento de aten\u00e7\u00e3o \u00e0 crise, \u00e0s vezes o usu\u00e1rio est\u00e1 mal e a gente faz o acolhimento, traz ele para a roda de samba. Ao participar da roda, eles se sentem parte do grupo.<\/p>\n<\/blockquote>\n<p>Tiffany Macedo, de 31 anos, cabeleireira e usu\u00e1ria da unidade, participou pela primeira vez recentemente e j\u00e1 est\u00e1 ansiosa para voltar.<\/p>\n<blockquote wp_automatic_readability=\"13\">\n<p>\u2013 Foi a primeira vez que eu frequentei e me senti acolhida. Gosto de samba da Dona Ivone Lara. Eu cantava na igreja, sabia tocar pandeiro, tamborim. O samba \u00e9 muito importante porque faz parte da arte e da cultura do nosso pa\u00eds, principalmente da nossa cidade. E a arte nos atravessa, nos faz mudar, nos faz alcan\u00e7ar outros n\u00edveis. Por isso a m\u00fasica \u00e9 muito importante para mim.<\/p>\n<\/blockquote>\n<p><strong>Programa Seguir em Frente<\/strong><\/p>\n<p>A Resid\u00eancia e Unidade de Acolhimento (RUA) Sonho Meu faz parte do Programa Seguir em Frente, que organiza a\u00e7\u00f5es de cuidado, acolhimento, assist\u00eancia social e sa\u00fade voltadas \u00e0 popula\u00e7\u00e3o em situa\u00e7\u00e3o de rua. Integrado \u00e0 UAA, o CAPSad III Dona Ivone Lara homenageia a Grande Dama do Samba, que, al\u00e9m de sua genialidade art\u00edstica, foi uma enfermeira e assistente social pioneira, dedicando d\u00e9cadas \u00e0 humaniza\u00e7\u00e3o do tratamento psiqui\u00e1trico e \u00e0 luta antimanicomial ao lado de Nise da Silveira.<\/p>\n<p>Para Hugo Fagundes, superintendente de Sa\u00fade Mental da Secretaria Municipal de Sa\u00fade, iniciativas como essa mostram que cultura e cuidado caminham juntos.<\/p>\n<blockquote wp_automatic_readability=\"11\">\n<p>\u2013 Os CAPS s\u00e3o espa\u00e7os de vida, conviv\u00eancia e troca. A roda de samba \u00e9 uma express\u00e3o do pr\u00f3prio legado de Dona Ivone Lara, promovendo acolhimento, criatividade, participa\u00e7\u00e3o social e reconex\u00e3o com o territ\u00f3rio pela cultura e a express\u00e3o artistica.<\/p>\n<\/blockquote>\n<p>A RUA Sonho Meu \u00e9 um complexo de oito pr\u00e9dios com dormit\u00f3rios, refeit\u00f3rio, \u00e1reas de conviv\u00eancia, horta, atividades culturais, capacita\u00e7\u00e3o ocupacional e cuidados de sa\u00fade. O CAPSad III Dona Ivone Lara \u00e9 um servi\u00e7o integrado \u00e0 RUA, com atendimento 24h para pessoas com transtornos decorrentes do uso prejudicial de \u00e1lcool e outras drogas.<\/p>\n<p>Al\u00e9m de garantir moradia tempor\u00e1ria, documenta\u00e7\u00e3o, cuidado cl\u00ednico e sa\u00fade mental, o programa oferece ocupa\u00e7\u00f5es remuneradas e oportunidades de forma\u00e7\u00e3o para que as pessoas possam retomar a autonomia e se reintegrar \u00e0 sociedade.<\/p>\n<p>             <!-- Compartilhe ---><\/p>\n<p>\t\t\t <!-- TAGS --><\/p>\n<section class=\"category-tags\">\n<div class=\"marcacao-category\">\n<article class=\"category-post\">\n<p>Categoria: <\/p>\n<\/article>\n<li>2 de dezembro de 2025<\/li><\/div>\n<article class=\"tags\">\n\t\t\t\t\t\t\t\t\t<\/article>\n<\/section>\n<p>            <!-- Mais Not&iacute;cias --><\/p>\n<p>\t\t<!-- Conte&uacute;do SIDEBAR --><\/p><\/div>\n","protected":false},"excerpt":{"rendered":"<p>Unidade que homenageia Grande Dama do Samba oferece acolhimento pela cultura &#8211; Edu Kapps\/SMS Dia 2 de dezembro \u00e9 o<\/p>\n","protected":false},"author":2,"featured_media":0,"comment_status":"","ping_status":"","sticky":false,"template":"","format":"standard","meta":{"colormag_page_container_layout":"default_layout","colormag_page_sidebar_layout":"default_layout","footnotes":""},"categories":[1],"tags":[],"class_list":["post-56779","post","type-post","status-publish","format-standard","hentry","category-ejornais"],"aioseo_notices":[],"amp_enabled":true,"_links":{"self":[{"href":"https:\/\/ejornais.com.br\/index.php\/wp-json\/wp\/v2\/posts\/56779","targetHints":{"allow":["GET"]}}],"collection":[{"href":"https:\/\/ejornais.com.br\/index.php\/wp-json\/wp\/v2\/posts"}],"about":[{"href":"https:\/\/ejornais.com.br\/index.php\/wp-json\/wp\/v2\/types\/post"}],"author":[{"embeddable":true,"href":"https:\/\/ejornais.com.br\/index.php\/wp-json\/wp\/v2\/users\/2"}],"replies":[{"embeddable":true,"href":"https:\/\/ejornais.com.br\/index.php\/wp-json\/wp\/v2\/comments?post=56779"}],"version-history":[{"count":0,"href":"https:\/\/ejornais.com.br\/index.php\/wp-json\/wp\/v2\/posts\/56779\/revisions"}],"wp:attachment":[{"href":"https:\/\/ejornais.com.br\/index.php\/wp-json\/wp\/v2\/media?parent=56779"}],"wp:term":[{"taxonomy":"category","embeddable":true,"href":"https:\/\/ejornais.com.br\/index.php\/wp-json\/wp\/v2\/categories?post=56779"},{"taxonomy":"post_tag","embeddable":true,"href":"https:\/\/ejornais.com.br\/index.php\/wp-json\/wp\/v2\/tags?post=56779"}],"curies":[{"name":"wp","href":"https:\/\/api.w.org\/{rel}","templated":true}]}}