{"id":56801,"date":"2025-12-03T10:14:39","date_gmt":"2025-12-03T13:14:39","guid":{"rendered":"https:\/\/ejornais.com.br\/index.php\/2025\/12\/03\/cartoes-postais-tem-iluminacao-especial-para-o-dezembro-vermelho-prefeitura-da-cidade-do-rio-de-janeiro\/"},"modified":"2025-12-03T10:14:39","modified_gmt":"2025-12-03T13:14:39","slug":"cartoes-postais-tem-iluminacao-especial-para-o-dezembro-vermelho-prefeitura-da-cidade-do-rio-de-janeiro","status":"publish","type":"post","link":"https:\/\/ejornais.com.br\/index.php\/2025\/12\/03\/cartoes-postais-tem-iluminacao-especial-para-o-dezembro-vermelho-prefeitura-da-cidade-do-rio-de-janeiro\/","title":{"rendered":"Cart\u00f5es-postais t\u00eam ilumina\u00e7\u00e3o especial para o Dezembro Vermelho &#8211; Prefeitura da Cidade do Rio de Janeiro"},"content":{"rendered":"<p><\/p>\n<div id=\"main\">\n<div class=\"wrapper-breadcrumbs\" wp_automatic_readability=\"41.215781600598\">\n<div class=\"image-post\" wp_automatic_readability=\"32\">\n                     Os Arcos da Lapa foram iluminados de vermelho &#8211; Edu Kapps\/SMS                  <\/div>\n<p>A Prefeitura do Rio iluminou, na segunda-feira, alguns dos principais cart\u00f5es-postais da cidade para marcar o Dia Mundial de Luta contra a Aids, celebrado em 1\u00ba de dezembro, e o in\u00edcio da campanha Dezembro Vermelho. Organizada pela Secretaria Municipal de Sa\u00fade (SMS), a a\u00e7\u00e3o refor\u00e7a o compromisso do munic\u00edpio com a preven\u00e7\u00e3o, o diagn\u00f3stico oportuno e o enfrentamento ao estigma.<\/p>\n<p>A Igreja da Penha, os Arcos da Lapa, a \u00e1rvore de Natal da Enseada de Botafogo, o Monumento Est\u00e1cio de S\u00e1 e o Teatro Carlos Gomes foram iluminados nos dias 29 e 30 de novembro e tamb\u00e9m em 1\u00ba de dezembro. O Santu\u00e1rio Cristo Redentor tamb\u00e9m recebeu a ilumina\u00e7\u00e3o especial na noite de segunda-feira.<\/p>\n<p>O coordenador de Preven\u00e7\u00e3o em Sa\u00fade, Carlos Tufvesson, destaca que a a\u00e7\u00e3o acompanha o calend\u00e1rio internacional e tem papel importante na sensibiliza\u00e7\u00e3o da popula\u00e7\u00e3o.<\/p>\n<blockquote wp_automatic_readability=\"9\">\n<p>\u2013 A ilumina\u00e7\u00e3o em vermelho chama aten\u00e7\u00e3o para um tema que ainda exige cuidado cont\u00ednuo, informa\u00e7\u00e3o de qualidade e acolhimento. O Rio tem avan\u00e7ado muito na preven\u00e7\u00e3o e no tratamento, mas seguimos trabalhando para que ningu\u00e9m fique para tr\u00e1s.<\/p>\n<\/blockquote>\n<p>Nos \u00faltimos anos, o munic\u00edpio registrou melhora nos indicadores: queda gradativa nos casos novos, redu\u00e7\u00e3o do diagn\u00f3stico tardio e uma expans\u00e3o expressiva da oferta de Profilaxia Pr\u00e9-Exposi\u00e7\u00e3o (PrEP), que hoje alcan\u00e7a dezenas de milhares de usu\u00e1rios ativos. Na segunda-feira, a SMS publicou um boletim epidemiol\u00f3gico sobre HIV\/aids que revela o melhor cen\u00e1rio da cidade na d\u00e9cada.<\/p>\n<p>A SMS destaca que a ilumina\u00e7\u00e3o \u00e9 simb\u00f3lica, mas estrat\u00e9gica, ao manter o HIV em pauta e incentivar a popula\u00e7\u00e3o a buscar testagem, orienta\u00e7\u00e3o e cuidado. A programa\u00e7\u00e3o do Dia Mundial de Luta contra a Aids inclui a\u00e7\u00f5es de preven\u00e7\u00e3o, atividades educativas e testagem em unidades de sa\u00fade distribu\u00eddas por toda a cidade.<\/p>\n<figure id=\"attachment_118842\" aria-describedby=\"caption-attachment-118842\" style=\"width: 2560px\" class=\"wp-caption aligncenter\"><figcaption id=\"caption-attachment-118842\" class=\"wp-caption-text\">A \u00e1rvore de Natal da Enseada de Botafogo tamb\u00e9m foi iluminada de vermelho \u2013 Edu Kapps\/SMS<\/figcaption><\/figure>\n<p>             <!-- Compartilhe ---><\/p>\n<p>\t\t\t <!-- TAGS --><\/p>\n<section class=\"category-tags\">\n<div class=\"marcacao-category\">\n<article class=\"category-post\">\n<p>Categoria: <\/p>\n<\/article>\n<li>2 de dezembro de 2025<\/li><\/div>\n<article class=\"tags\">\n\t\t\t\t\tMarca\u00e7\u00f5es: Cart\u00f5es-postais Dezembro Vermelho Dia Mundial de Luta contra a Aids ilumina\u00e7\u00e3o<br \/><\/article>\n<\/section>\n<p>            <!-- Mais Not&iacute;cias --><\/p>\n<p>\t\t<!-- Conte&uacute;do SIDEBAR --><\/p><\/div>\n<\/p><\/div>\n","protected":false},"excerpt":{"rendered":"<p>Os Arcos da Lapa foram iluminados de vermelho &#8211; Edu Kapps\/SMS A Prefeitura do Rio iluminou, na segunda-feira, alguns dos<\/p>\n","protected":false},"author":2,"featured_media":0,"comment_status":"","ping_status":"","sticky":false,"template":"","format":"standard","meta":{"colormag_page_container_layout":"default_layout","colormag_page_sidebar_layout":"default_layout","footnotes":""},"categories":[1],"tags":[],"class_list":["post-56801","post","type-post","status-publish","format-standard","hentry","category-ejornais"],"aioseo_notices":[],"aioseo_head":"\n\t\t<!-- All in One SEO 5.0.1.1 - aioseo.com -->\n\t<meta name=\"description\" content=\"Os Arcos da Lapa foram iluminados de vermelho - Edu Kapps\/SMS A Prefeitura do Rio iluminou, na segunda-feira, alguns dos principais cart\u00f5es-postais da cidade para marcar o Dia Mundial de Luta contra a Aids, celebrado em 1\u00ba de dezembro, e o in\u00edcio da campanha Dezembro Vermelho. Organizada pela Secretaria Municipal de Sa\u00fade (SMS), a a\u00e7\u00e3o\" \/>\n\t<meta name=\"robots\" content=\"max-image-preview:large\" \/>\n\t<meta name=\"author\" content=\"admin1\"\/>\n\t<link rel=\"canonical\" href=\"https:\/\/ejornais.com.br\/index.php\/2025\/12\/03\/cartoes-postais-tem-iluminacao-especial-para-o-dezembro-vermelho-prefeitura-da-cidade-do-rio-de-janeiro\/\" \/>\n\t<meta name=\"generator\" content=\"All in One SEO (AIOSEO) 5.0.1.1\" \/>\n\t\t<meta property=\"og:locale\" content=\"pt_BR\" \/>\n\t\t<meta property=\"og:site_name\" content=\"eJornais - Cat\u00e1logo de Jornais no mundo, Not\u00edcias, Blog e Esportes ao vivo\" \/>\n\t\t<meta property=\"og:type\" content=\"article\" \/>\n\t\t<meta property=\"og:title\" content=\"Cart\u00f5es-postais t\u00eam ilumina\u00e7\u00e3o especial para o Dezembro Vermelho \u2013 Prefeitura da Cidade do Rio de Janeiro - eJornais\" \/>\n\t\t<meta property=\"og:description\" content=\"Os Arcos da Lapa foram iluminados de vermelho - Edu Kapps\/SMS A Prefeitura do Rio iluminou, na segunda-feira, alguns dos principais cart\u00f5es-postais da cidade para marcar o Dia Mundial de Luta contra a Aids, celebrado em 1\u00ba de dezembro, e o in\u00edcio da campanha Dezembro Vermelho. Organizada pela Secretaria Municipal de Sa\u00fade (SMS), a a\u00e7\u00e3o\" \/>\n\t\t<meta property=\"og:url\" content=\"https:\/\/ejornais.com.br\/index.php\/2025\/12\/03\/cartoes-postais-tem-iluminacao-especial-para-o-dezembro-vermelho-prefeitura-da-cidade-do-rio-de-janeiro\/\" \/>\n\t\t<meta property=\"article:published_time\" content=\"2025-12-03T13:14:39+00:00\" \/>\n\t\t<meta property=\"article:modified_time\" content=\"2025-12-03T13:14:39+00:00\" \/>\n\t\t<meta name=\"twitter:card\" content=\"summary_large_image\" \/>\n\t\t<meta name=\"twitter:title\" content=\"Cart\u00f5es-postais t\u00eam ilumina\u00e7\u00e3o especial para o Dezembro Vermelho \u2013 Prefeitura da Cidade do Rio de Janeiro - eJornais\" \/>\n\t\t<meta name=\"twitter:description\" content=\"Os Arcos da Lapa foram iluminados de vermelho - Edu Kapps\/SMS A Prefeitura do Rio iluminou, na segunda-feira, alguns dos principais cart\u00f5es-postais da cidade para marcar o Dia Mundial de Luta contra a Aids, celebrado em 1\u00ba de dezembro, e o in\u00edcio da campanha Dezembro Vermelho. Organizada pela Secretaria Municipal de Sa\u00fade (SMS), a a\u00e7\u00e3o\" \/>\n\t\t<script type=\"application\/ld+json\" class=\"aioseo-schema\">\n\t\t\t{\"@context\":\"https:\\\/\\\/schema.org\",\"@graph\":[{\"@type\":\"BlogPosting\",\"@id\":\"https:\\\/\\\/ejornais.com.br\\\/index.php\\\/2025\\\/12\\\/03\\\/cartoes-postais-tem-iluminacao-especial-para-o-dezembro-vermelho-prefeitura-da-cidade-do-rio-de-janeiro\\\/#blogposting\",\"name\":\"Cart\\u00f5es-postais t\\u00eam ilumina\\u00e7\\u00e3o especial para o Dezembro Vermelho \\u2013 Prefeitura da Cidade do Rio de Janeiro - eJornais\",\"headline\":\"Cart\\u00f5es-postais t\\u00eam ilumina\\u00e7\\u00e3o especial para o Dezembro Vermelho &#8211; Prefeitura da Cidade do Rio de Janeiro\",\"author\":{\"@id\":\"https:\\\/\\\/ejornais.com.br\\\/index.php\\\/author\\\/admin1\\\/#author\"},\"publisher\":{\"@id\":\"https:\\\/\\\/ejornais.com.br\\\/#organization\"},\"datePublished\":\"2025-12-03T10:14:39-03:00\",\"dateModified\":\"2025-12-03T10:14:39-03:00\",\"inLanguage\":\"pt-BR\",\"mainEntityOfPage\":{\"@id\":\"https:\\\/\\\/ejornais.com.br\\\/index.php\\\/2025\\\/12\\\/03\\\/cartoes-postais-tem-iluminacao-especial-para-o-dezembro-vermelho-prefeitura-da-cidade-do-rio-de-janeiro\\\/#webpage\"},\"isPartOf\":{\"@id\":\"https:\\\/\\\/ejornais.com.br\\\/index.php\\\/2025\\\/12\\\/03\\\/cartoes-postais-tem-iluminacao-especial-para-o-dezembro-vermelho-prefeitura-da-cidade-do-rio-de-janeiro\\\/#webpage\"},\"articleSection\":\"Cat\\u00e1logo de Jornais\"},{\"@type\":\"BreadcrumbList\",\"@id\":\"https:\\\/\\\/ejornais.com.br\\\/index.php\\\/2025\\\/12\\\/03\\\/cartoes-postais-tem-iluminacao-especial-para-o-dezembro-vermelho-prefeitura-da-cidade-do-rio-de-janeiro\\\/#breadcrumblist\",\"itemListElement\":[{\"@type\":\"ListItem\",\"@id\":\"https:\\\/\\\/ejornais.com.br#listItem\",\"position\":1,\"name\":\"In\\u00edcio\",\"item\":\"https:\\\/\\\/ejornais.com.br\",\"nextItem\":{\"@type\":\"ListItem\",\"@id\":\"https:\\\/\\\/ejornais.com.br\\\/index.php\\\/category\\\/ejornais\\\/#listItem\",\"name\":\"Cat\\u00e1logo de Jornais\"}},{\"@type\":\"ListItem\",\"@id\":\"https:\\\/\\\/ejornais.com.br\\\/index.php\\\/category\\\/ejornais\\\/#listItem\",\"position\":2,\"name\":\"Cat\\u00e1logo de Jornais\",\"item\":\"https:\\\/\\\/ejornais.com.br\\\/index.php\\\/category\\\/ejornais\\\/\",\"nextItem\":{\"@type\":\"ListItem\",\"@id\":\"https:\\\/\\\/ejornais.com.br\\\/index.php\\\/2025\\\/12\\\/03\\\/cartoes-postais-tem-iluminacao-especial-para-o-dezembro-vermelho-prefeitura-da-cidade-do-rio-de-janeiro\\\/#listItem\",\"name\":\"Cart\\u00f5es-postais t\\u00eam ilumina\\u00e7\\u00e3o especial para o Dezembro Vermelho &#8211; Prefeitura da Cidade do Rio de Janeiro\"},\"previousItem\":{\"@type\":\"ListItem\",\"@id\":\"https:\\\/\\\/ejornais.com.br#listItem\",\"name\":\"In\\u00edcio\"}},{\"@type\":\"ListItem\",\"@id\":\"https:\\\/\\\/ejornais.com.br\\\/index.php\\\/2025\\\/12\\\/03\\\/cartoes-postais-tem-iluminacao-especial-para-o-dezembro-vermelho-prefeitura-da-cidade-do-rio-de-janeiro\\\/#listItem\",\"position\":3,\"name\":\"Cart\\u00f5es-postais t\\u00eam ilumina\\u00e7\\u00e3o especial para o Dezembro Vermelho &#8211; Prefeitura da Cidade do Rio de Janeiro\",\"previousItem\":{\"@type\":\"ListItem\",\"@id\":\"https:\\\/\\\/ejornais.com.br\\\/index.php\\\/category\\\/ejornais\\\/#listItem\",\"name\":\"Cat\\u00e1logo de Jornais\"}}]},{\"@type\":\"Organization\",\"@id\":\"https:\\\/\\\/ejornais.com.br\\\/#organization\",\"name\":\"eJornais\",\"description\":\"Cat\\u00e1logo de Jornais no mundo, Not\\u00edcias, Blog e Esportes ao vivo\",\"url\":\"https:\\\/\\\/ejornais.com.br\\\/\"},{\"@type\":\"Person\",\"@id\":\"https:\\\/\\\/ejornais.com.br\\\/index.php\\\/author\\\/admin1\\\/#author\",\"url\":\"https:\\\/\\\/ejornais.com.br\\\/index.php\\\/author\\\/admin1\\\/\",\"name\":\"admin1\",\"image\":{\"@type\":\"ImageObject\",\"@id\":\"https:\\\/\\\/ejornais.com.br\\\/index.php\\\/2025\\\/12\\\/03\\\/cartoes-postais-tem-iluminacao-especial-para-o-dezembro-vermelho-prefeitura-da-cidade-do-rio-de-janeiro\\\/#authorImage\",\"url\":\"https:\\\/\\\/secure.gravatar.com\\\/avatar\\\/04084e6d73c042b8646e7c17b494073bf0ede3ea13c7105cfc45cbbbc28385a4?s=96&d=mm&r=g\",\"width\":96,\"height\":96,\"caption\":\"admin1\"}},{\"@type\":\"WebPage\",\"@id\":\"https:\\\/\\\/ejornais.com.br\\\/index.php\\\/2025\\\/12\\\/03\\\/cartoes-postais-tem-iluminacao-especial-para-o-dezembro-vermelho-prefeitura-da-cidade-do-rio-de-janeiro\\\/#webpage\",\"url\":\"https:\\\/\\\/ejornais.com.br\\\/index.php\\\/2025\\\/12\\\/03\\\/cartoes-postais-tem-iluminacao-especial-para-o-dezembro-vermelho-prefeitura-da-cidade-do-rio-de-janeiro\\\/\",\"name\":\"Cart\\u00f5es-postais t\\u00eam ilumina\\u00e7\\u00e3o especial para o Dezembro Vermelho \\u2013 Prefeitura da Cidade do Rio de Janeiro - eJornais\",\"description\":\"Os Arcos da Lapa foram iluminados de vermelho - Edu Kapps\\\/SMS A Prefeitura do Rio iluminou, na segunda-feira, alguns dos principais cart\\u00f5es-postais da cidade para marcar o Dia Mundial de Luta contra a Aids, celebrado em 1\\u00ba de dezembro, e o in\\u00edcio da campanha Dezembro Vermelho. Organizada pela Secretaria Municipal de Sa\\u00fade (SMS), a a\\u00e7\\u00e3o\",\"inLanguage\":\"pt-BR\",\"isPartOf\":{\"@id\":\"https:\\\/\\\/ejornais.com.br\\\/#website\"},\"breadcrumb\":{\"@id\":\"https:\\\/\\\/ejornais.com.br\\\/index.php\\\/2025\\\/12\\\/03\\\/cartoes-postais-tem-iluminacao-especial-para-o-dezembro-vermelho-prefeitura-da-cidade-do-rio-de-janeiro\\\/#breadcrumblist\"},\"author\":{\"@id\":\"https:\\\/\\\/ejornais.com.br\\\/index.php\\\/author\\\/admin1\\\/#author\"},\"creator\":{\"@id\":\"https:\\\/\\\/ejornais.com.br\\\/index.php\\\/author\\\/admin1\\\/#author\"},\"datePublished\":\"2025-12-03T10:14:39-03:00\",\"dateModified\":\"2025-12-03T10:14:39-03:00\"},{\"@type\":\"WebSite\",\"@id\":\"https:\\\/\\\/ejornais.com.br\\\/#website\",\"url\":\"https:\\\/\\\/ejornais.com.br\\\/\",\"name\":\"eJornais\",\"description\":\"Cat\\u00e1logo de Jornais no mundo, Not\\u00edcias, Blog e Esportes ao vivo\",\"inLanguage\":\"pt-BR\",\"publisher\":{\"@id\":\"https:\\\/\\\/ejornais.com.br\\\/#organization\"}}]}\n\t\t<\/script>\n\t\t<!-- All in One SEO -->\n\n","aioseo_head_json":{"title":"Cart\u00f5es-postais t\u00eam ilumina\u00e7\u00e3o especial para o Dezembro Vermelho \u2013 Prefeitura da Cidade do Rio de Janeiro - eJornais","description":"Os Arcos da Lapa foram iluminados de vermelho - Edu Kapps\/SMS A Prefeitura do Rio iluminou, na segunda-feira, alguns dos principais cart\u00f5es-postais da cidade para marcar o Dia Mundial de Luta contra a Aids, celebrado em 1\u00ba de dezembro, e o in\u00edcio da campanha Dezembro Vermelho. Organizada pela Secretaria Municipal de Sa\u00fade (SMS), a a\u00e7\u00e3o","canonical_url":"https:\/\/ejornais.com.br\/index.php\/2025\/12\/03\/cartoes-postais-tem-iluminacao-especial-para-o-dezembro-vermelho-prefeitura-da-cidade-do-rio-de-janeiro\/","robots":"max-image-preview:large","keywords":"","webmasterTools":{"miscellaneous":""},"schema":{"@context":"https:\/\/schema.org","@graph":[{"@type":"BlogPosting","@id":"https:\/\/ejornais.com.br\/index.php\/2025\/12\/03\/cartoes-postais-tem-iluminacao-especial-para-o-dezembro-vermelho-prefeitura-da-cidade-do-rio-de-janeiro\/#blogposting","name":"Cart\u00f5es-postais t\u00eam ilumina\u00e7\u00e3o especial para o Dezembro Vermelho \u2013 Prefeitura da Cidade do Rio de Janeiro - eJornais","headline":"Cart\u00f5es-postais t\u00eam ilumina\u00e7\u00e3o especial para o Dezembro Vermelho &#8211; Prefeitura da Cidade do Rio de Janeiro","author":{"@id":"https:\/\/ejornais.com.br\/index.php\/author\/admin1\/#author"},"publisher":{"@id":"https:\/\/ejornais.com.br\/#organization"},"datePublished":"2025-12-03T10:14:39-03:00","dateModified":"2025-12-03T10:14:39-03:00","inLanguage":"pt-BR","mainEntityOfPage":{"@id":"https:\/\/ejornais.com.br\/index.php\/2025\/12\/03\/cartoes-postais-tem-iluminacao-especial-para-o-dezembro-vermelho-prefeitura-da-cidade-do-rio-de-janeiro\/#webpage"},"isPartOf":{"@id":"https:\/\/ejornais.com.br\/index.php\/2025\/12\/03\/cartoes-postais-tem-iluminacao-especial-para-o-dezembro-vermelho-prefeitura-da-cidade-do-rio-de-janeiro\/#webpage"},"articleSection":"Cat\u00e1logo de Jornais"},{"@type":"BreadcrumbList","@id":"https:\/\/ejornais.com.br\/index.php\/2025\/12\/03\/cartoes-postais-tem-iluminacao-especial-para-o-dezembro-vermelho-prefeitura-da-cidade-do-rio-de-janeiro\/#breadcrumblist","itemListElement":[{"@type":"ListItem","@id":"https:\/\/ejornais.com.br#listItem","position":1,"name":"In\u00edcio","item":"https:\/\/ejornais.com.br","nextItem":{"@type":"ListItem","@id":"https:\/\/ejornais.com.br\/index.php\/category\/ejornais\/#listItem","name":"Cat\u00e1logo de Jornais"}},{"@type":"ListItem","@id":"https:\/\/ejornais.com.br\/index.php\/category\/ejornais\/#listItem","position":2,"name":"Cat\u00e1logo de Jornais","item":"https:\/\/ejornais.com.br\/index.php\/category\/ejornais\/","nextItem":{"@type":"ListItem","@id":"https:\/\/ejornais.com.br\/index.php\/2025\/12\/03\/cartoes-postais-tem-iluminacao-especial-para-o-dezembro-vermelho-prefeitura-da-cidade-do-rio-de-janeiro\/#listItem","name":"Cart\u00f5es-postais t\u00eam ilumina\u00e7\u00e3o especial para o Dezembro Vermelho &#8211; Prefeitura da Cidade do Rio de Janeiro"},"previousItem":{"@type":"ListItem","@id":"https:\/\/ejornais.com.br#listItem","name":"In\u00edcio"}},{"@type":"ListItem","@id":"https:\/\/ejornais.com.br\/index.php\/2025\/12\/03\/cartoes-postais-tem-iluminacao-especial-para-o-dezembro-vermelho-prefeitura-da-cidade-do-rio-de-janeiro\/#listItem","position":3,"name":"Cart\u00f5es-postais t\u00eam ilumina\u00e7\u00e3o especial para o Dezembro Vermelho &#8211; Prefeitura da Cidade do Rio de Janeiro","previousItem":{"@type":"ListItem","@id":"https:\/\/ejornais.com.br\/index.php\/category\/ejornais\/#listItem","name":"Cat\u00e1logo de Jornais"}}]},{"@type":"Organization","@id":"https:\/\/ejornais.com.br\/#organization","name":"eJornais","description":"Cat\u00e1logo de Jornais no mundo, Not\u00edcias, Blog e Esportes ao vivo","url":"https:\/\/ejornais.com.br\/"},{"@type":"Person","@id":"https:\/\/ejornais.com.br\/index.php\/author\/admin1\/#author","url":"https:\/\/ejornais.com.br\/index.php\/author\/admin1\/","name":"admin1","image":{"@type":"ImageObject","@id":"https:\/\/ejornais.com.br\/index.php\/2025\/12\/03\/cartoes-postais-tem-iluminacao-especial-para-o-dezembro-vermelho-prefeitura-da-cidade-do-rio-de-janeiro\/#authorImage","url":"https:\/\/secure.gravatar.com\/avatar\/04084e6d73c042b8646e7c17b494073bf0ede3ea13c7105cfc45cbbbc28385a4?s=96&d=mm&r=g","width":96,"height":96,"caption":"admin1"}},{"@type":"WebPage","@id":"https:\/\/ejornais.com.br\/index.php\/2025\/12\/03\/cartoes-postais-tem-iluminacao-especial-para-o-dezembro-vermelho-prefeitura-da-cidade-do-rio-de-janeiro\/#webpage","url":"https:\/\/ejornais.com.br\/index.php\/2025\/12\/03\/cartoes-postais-tem-iluminacao-especial-para-o-dezembro-vermelho-prefeitura-da-cidade-do-rio-de-janeiro\/","name":"Cart\u00f5es-postais t\u00eam ilumina\u00e7\u00e3o especial para o Dezembro Vermelho \u2013 Prefeitura da Cidade do Rio de Janeiro - eJornais","description":"Os Arcos da Lapa foram iluminados de vermelho - Edu Kapps\/SMS A Prefeitura do Rio iluminou, na segunda-feira, alguns dos principais cart\u00f5es-postais da cidade para marcar o Dia Mundial de Luta contra a Aids, celebrado em 1\u00ba de dezembro, e o in\u00edcio da campanha Dezembro Vermelho. Organizada pela Secretaria Municipal de Sa\u00fade (SMS), a a\u00e7\u00e3o","inLanguage":"pt-BR","isPartOf":{"@id":"https:\/\/ejornais.com.br\/#website"},"breadcrumb":{"@id":"https:\/\/ejornais.com.br\/index.php\/2025\/12\/03\/cartoes-postais-tem-iluminacao-especial-para-o-dezembro-vermelho-prefeitura-da-cidade-do-rio-de-janeiro\/#breadcrumblist"},"author":{"@id":"https:\/\/ejornais.com.br\/index.php\/author\/admin1\/#author"},"creator":{"@id":"https:\/\/ejornais.com.br\/index.php\/author\/admin1\/#author"},"datePublished":"2025-12-03T10:14:39-03:00","dateModified":"2025-12-03T10:14:39-03:00"},{"@type":"WebSite","@id":"https:\/\/ejornais.com.br\/#website","url":"https:\/\/ejornais.com.br\/","name":"eJornais","description":"Cat\u00e1logo de Jornais no mundo, Not\u00edcias, Blog e Esportes ao vivo","inLanguage":"pt-BR","publisher":{"@id":"https:\/\/ejornais.com.br\/#organization"}}]},"og:locale":"pt_BR","og:site_name":"eJornais - Cat\u00e1logo de Jornais no mundo, Not\u00edcias, Blog e Esportes ao vivo","og:type":"article","og:title":"Cart\u00f5es-postais t\u00eam ilumina\u00e7\u00e3o especial para o Dezembro Vermelho \u2013 Prefeitura da Cidade do Rio de Janeiro - eJornais","og:description":"Os Arcos da Lapa foram iluminados de vermelho - Edu Kapps\/SMS A Prefeitura do Rio iluminou, na segunda-feira, alguns dos principais cart\u00f5es-postais da cidade para marcar o Dia Mundial de Luta contra a Aids, celebrado em 1\u00ba de dezembro, e o in\u00edcio da campanha Dezembro Vermelho. Organizada pela Secretaria Municipal de Sa\u00fade (SMS), a a\u00e7\u00e3o","og:url":"https:\/\/ejornais.com.br\/index.php\/2025\/12\/03\/cartoes-postais-tem-iluminacao-especial-para-o-dezembro-vermelho-prefeitura-da-cidade-do-rio-de-janeiro\/","article:published_time":"2025-12-03T13:14:39+00:00","article:modified_time":"2025-12-03T13:14:39+00:00","twitter:card":"summary_large_image","twitter:title":"Cart\u00f5es-postais t\u00eam ilumina\u00e7\u00e3o especial para o Dezembro Vermelho \u2013 Prefeitura da Cidade do Rio de Janeiro - eJornais","twitter:description":"Os Arcos da Lapa foram iluminados de vermelho - Edu Kapps\/SMS A Prefeitura do Rio iluminou, na segunda-feira, alguns dos principais cart\u00f5es-postais da cidade para marcar o Dia Mundial de Luta contra a Aids, celebrado em 1\u00ba de dezembro, e o in\u00edcio da campanha Dezembro Vermelho. Organizada pela Secretaria Municipal de Sa\u00fade (SMS), a a\u00e7\u00e3o"},"aioseo_meta_data":{"post_id":"56801","title":null,"description":null,"keywords":null,"keyphrases":null,"primary_term":null,"canonical_url":null,"og_title":null,"og_description":null,"og_object_type":"default","og_image_type":"default","og_image_url":null,"og_image_width":null,"og_image_height":null,"og_image_custom_url":null,"og_image_custom_fields":null,"og_video":null,"og_custom_url":null,"og_article_section":null,"og_article_tags":null,"twitter_use_og":false,"twitter_card":"default","twitter_image_type":"default","twitter_image_url":null,"twitter_image_custom_url":null,"twitter_image_custom_fields":null,"twitter_title":null,"twitter_description":null,"schema":{"blockGraphs":[],"customGraphs":[],"default":{"data":{"Article":[],"Course":[],"Dataset":[],"FAQPage":[],"Movie":[],"Person":[],"Product":[],"ProductReview":[],"Car":[],"Recipe":[],"Service":[],"SoftwareApplication":[],"WebPage":[]},"graphName":"","isEnabled":true},"graphs":[]},"schema_type":"default","schema_type_options":null,"pillar_content":false,"robots_default":true,"robots_noindex":false,"robots_noarchive":false,"robots_nosnippet":false,"robots_nofollow":false,"robots_noimageindex":false,"robots_noodp":false,"robots_notranslate":false,"robots_max_snippet":null,"robots_max_videopreview":null,"robots_max_imagepreview":"large","priority":null,"frequency":null,"local_seo":null,"breadcrumb_settings":null,"limit_modified_date":false,"ai":null,"created":"2025-12-03 13:24:35","updated":"2025-12-03 13:24:35","seo_analyzer_scan_date":null,"focus_keyword":null,"additional_keywords":null,"truseo_locale":null},"aioseo_breadcrumb":"<div class=\"aioseo-breadcrumbs\"><span class=\"aioseo-breadcrumb\">\n\t\t\t<a href=\"https:\/\/ejornais.com.br\" title=\"In\u00edcio\">In\u00edcio<\/a>\n\t\t<\/span><span class=\"aioseo-breadcrumb-separator\">&raquo;<\/span><span class=\"aioseo-breadcrumb\">\n\t\t\t<a href=\"https:\/\/ejornais.com.br\/index.php\/category\/ejornais\/\" title=\"Cat\u00e1logo de Jornais\">Cat\u00e1logo de Jornais<\/a>\n\t\t<\/span><span class=\"aioseo-breadcrumb-separator\">&raquo;<\/span><span class=\"aioseo-breadcrumb\">\n\t\t\tCart\u00f5es-postais t\u00eam ilumina\u00e7\u00e3o especial para o Dezembro Vermelho \u2013 Prefeitura da Cidade do Rio de Janeiro\n\t\t<\/span><\/div>","aioseo_breadcrumb_json":[{"label":"In\u00edcio","link":"https:\/\/ejornais.com.br"},{"label":"Cat\u00e1logo de Jornais","link":"https:\/\/ejornais.com.br\/index.php\/category\/ejornais\/"},{"label":"Cart\u00f5es-postais t\u00eam ilumina\u00e7\u00e3o especial para o Dezembro Vermelho &#8211; Prefeitura da Cidade do Rio de Janeiro","link":"https:\/\/ejornais.com.br\/index.php\/2025\/12\/03\/cartoes-postais-tem-iluminacao-especial-para-o-dezembro-vermelho-prefeitura-da-cidade-do-rio-de-janeiro\/"}],"amp_enabled":true,"_links":{"self":[{"href":"https:\/\/ejornais.com.br\/index.php\/wp-json\/wp\/v2\/posts\/56801","targetHints":{"allow":["GET"]}}],"collection":[{"href":"https:\/\/ejornais.com.br\/index.php\/wp-json\/wp\/v2\/posts"}],"about":[{"href":"https:\/\/ejornais.com.br\/index.php\/wp-json\/wp\/v2\/types\/post"}],"author":[{"embeddable":true,"href":"https:\/\/ejornais.com.br\/index.php\/wp-json\/wp\/v2\/users\/2"}],"replies":[{"embeddable":true,"href":"https:\/\/ejornais.com.br\/index.php\/wp-json\/wp\/v2\/comments?post=56801"}],"version-history":[{"count":0,"href":"https:\/\/ejornais.com.br\/index.php\/wp-json\/wp\/v2\/posts\/56801\/revisions"}],"wp:attachment":[{"href":"https:\/\/ejornais.com.br\/index.php\/wp-json\/wp\/v2\/media?parent=56801"}],"wp:term":[{"taxonomy":"category","embeddable":true,"href":"https:\/\/ejornais.com.br\/index.php\/wp-json\/wp\/v2\/categories?post=56801"},{"taxonomy":"post_tag","embeddable":true,"href":"https:\/\/ejornais.com.br\/index.php\/wp-json\/wp\/v2\/tags?post=56801"}],"curies":[{"name":"wp","href":"https:\/\/api.w.org\/{rel}","templated":true}]}}