{"id":56854,"date":"2025-12-04T02:57:04","date_gmt":"2025-12-04T05:57:04","guid":{"rendered":"https:\/\/ejornais.com.br\/index.php\/2025\/12\/04\/marina-silva-sofre-fratura-em-vertebra-lombar\/"},"modified":"2025-12-04T02:57:04","modified_gmt":"2025-12-04T05:57:04","slug":"marina-silva-sofre-fratura-em-vertebra-lombar","status":"publish","type":"post","link":"https:\/\/ejornais.com.br\/index.php\/2025\/12\/04\/marina-silva-sofre-fratura-em-vertebra-lombar\/","title":{"rendered":"Marina Silva sofre fratura em v\u00e9rtebra lombar"},"content":{"rendered":"<p> Por MRNews<br \/>\n<\/p>\n<div wp_automatic_readability=\"31.544401544402\">\n<p><strong>A ministra do Meio Ambiente e Mudan\u00e7a do Clima, Marina Silva, foi hospitalizada na tarde desta quarta-feira (3), em Bras\u00edlia, ap\u00f3s sentir dor s\u00fabita na regi\u00e3o lombar<\/strong>, enquanto movimentava vasos de plantas no jardim de sua resid\u00eancia, informou a assessoria da pasta. Ela est\u00e1 de f\u00e9rias durante esta semana.<\/p>\n<p>Ap\u00f3s ser atendida em um hospital particular da capital, e submetida a uma tomografia computadorizada, <strong>a ministra foi diagnosticada com \u201cleve fratura na v\u00e9rtebra L4\u201d.\u00a0<\/strong><\/p>\n<p><strong>Segundo o MMA, n\u00e3o foi necess\u00e1ria interna\u00e7\u00e3o.\u00a0<\/strong><\/p>\n<p><strong><a href=\"https:\/\/mrnews.com.br\/index.php\/2025\/12\/04\/flamengo-derrota-ceara-e-coroa-ano-magico-com-titulo-brasileiro\/\">Flamengo derrota Cear\u00e1 e coroa ano m\u00e1gico com t\u00edtulo Brasileiro<\/a><\/strong><\/p>\n<p><strong><a href=\"https:\/\/mrnews.com.br\/index.php\/2025\/12\/04\/apos-decisao-de-mendes-alcolumbre-fala-em-votar-pec-do-marco-temporal\/\">Ap\u00f3s decis\u00e3o de Mendes, Alcolumbre fala em votar PEC do Marco Temporal<\/a><\/strong><\/p>\n<p>\u201cEla foi medicada para controle da dor, sente-se bem e ter\u00e1 alta ainda hoje. De acordo com orienta\u00e7\u00f5es m\u00e9dicas, a ministra precisar\u00e1 se afastar das atividades presenciais nas pr\u00f3ximas semanas, mas poder\u00e1 seguir trabalhando de forma remota durante esse per\u00edodo\u201d, informou a assessoria do minist\u00e9rio.\u00a0<\/p>\n<\/div>\n","protected":false},"excerpt":{"rendered":"<p>Por MRNews A ministra do Meio Ambiente e Mudan\u00e7a do Clima, Marina Silva, foi hospitalizada na tarde desta quarta-feira (3),<\/p>\n","protected":false},"author":2,"featured_media":0,"comment_status":"","ping_status":"","sticky":false,"template":"","format":"standard","meta":{"colormag_page_container_layout":"default_layout","colormag_page_sidebar_layout":"default_layout","footnotes":""},"categories":[1],"tags":[],"class_list":["post-56854","post","type-post","status-publish","format-standard","hentry","category-ejornais"],"aioseo_notices":[],"aioseo_head":"\n\t\t<!-- All in One SEO 5.0.1.1 - aioseo.com -->\n\t<meta name=\"description\" content=\"Por MRNews A ministra do Meio Ambiente e Mudan\u00e7a do Clima, Marina Silva, foi hospitalizada na tarde desta quarta-feira (3), em Bras\u00edlia, ap\u00f3s sentir dor s\u00fabita na regi\u00e3o lombar, enquanto movimentava vasos de plantas no jardim de sua resid\u00eancia, informou a assessoria da pasta. Ela est\u00e1 de f\u00e9rias durante esta semana. Ap\u00f3s ser atendida em\" \/>\n\t<meta name=\"robots\" content=\"max-image-preview:large\" \/>\n\t<meta name=\"author\" content=\"admin1\"\/>\n\t<link rel=\"canonical\" href=\"https:\/\/ejornais.com.br\/index.php\/2025\/12\/04\/marina-silva-sofre-fratura-em-vertebra-lombar\/\" \/>\n\t<meta name=\"generator\" content=\"All in One SEO (AIOSEO) 5.0.1.1\" \/>\n\t\t<meta property=\"og:locale\" content=\"pt_BR\" \/>\n\t\t<meta property=\"og:site_name\" content=\"eJornais - Cat\u00e1logo de Jornais no mundo, Not\u00edcias, Blog e Esportes ao vivo\" \/>\n\t\t<meta property=\"og:type\" content=\"article\" \/>\n\t\t<meta property=\"og:title\" content=\"Marina Silva sofre fratura em v\u00e9rtebra lombar - eJornais\" \/>\n\t\t<meta property=\"og:description\" content=\"Por MRNews A ministra do Meio Ambiente e Mudan\u00e7a do Clima, Marina Silva, foi hospitalizada na tarde desta quarta-feira (3), em Bras\u00edlia, ap\u00f3s sentir dor s\u00fabita na regi\u00e3o lombar, enquanto movimentava vasos de plantas no jardim de sua resid\u00eancia, informou a assessoria da pasta. Ela est\u00e1 de f\u00e9rias durante esta semana. Ap\u00f3s ser atendida em\" \/>\n\t\t<meta property=\"og:url\" content=\"https:\/\/ejornais.com.br\/index.php\/2025\/12\/04\/marina-silva-sofre-fratura-em-vertebra-lombar\/\" \/>\n\t\t<meta property=\"article:published_time\" content=\"2025-12-04T05:57:04+00:00\" \/>\n\t\t<meta property=\"article:modified_time\" content=\"2025-12-04T05:57:04+00:00\" \/>\n\t\t<meta name=\"twitter:card\" content=\"summary_large_image\" \/>\n\t\t<meta name=\"twitter:title\" content=\"Marina Silva sofre fratura em v\u00e9rtebra lombar - eJornais\" \/>\n\t\t<meta name=\"twitter:description\" content=\"Por MRNews A ministra do Meio Ambiente e Mudan\u00e7a do Clima, Marina Silva, foi hospitalizada na tarde desta quarta-feira (3), em Bras\u00edlia, ap\u00f3s sentir dor s\u00fabita na regi\u00e3o lombar, enquanto movimentava vasos de plantas no jardim de sua resid\u00eancia, informou a assessoria da pasta. Ela est\u00e1 de f\u00e9rias durante esta semana. Ap\u00f3s ser atendida em\" \/>\n\t\t<script type=\"application\/ld+json\" class=\"aioseo-schema\">\n\t\t\t{\"@context\":\"https:\\\/\\\/schema.org\",\"@graph\":[{\"@type\":\"BlogPosting\",\"@id\":\"https:\\\/\\\/ejornais.com.br\\\/index.php\\\/2025\\\/12\\\/04\\\/marina-silva-sofre-fratura-em-vertebra-lombar\\\/#blogposting\",\"name\":\"Marina Silva sofre fratura em v\\u00e9rtebra lombar - eJornais\",\"headline\":\"Marina Silva sofre fratura em v\\u00e9rtebra lombar\",\"author\":{\"@id\":\"https:\\\/\\\/ejornais.com.br\\\/index.php\\\/author\\\/admin1\\\/#author\"},\"publisher\":{\"@id\":\"https:\\\/\\\/ejornais.com.br\\\/#organization\"},\"datePublished\":\"2025-12-04T02:57:04-03:00\",\"dateModified\":\"2025-12-04T02:57:04-03:00\",\"inLanguage\":\"pt-BR\",\"mainEntityOfPage\":{\"@id\":\"https:\\\/\\\/ejornais.com.br\\\/index.php\\\/2025\\\/12\\\/04\\\/marina-silva-sofre-fratura-em-vertebra-lombar\\\/#webpage\"},\"isPartOf\":{\"@id\":\"https:\\\/\\\/ejornais.com.br\\\/index.php\\\/2025\\\/12\\\/04\\\/marina-silva-sofre-fratura-em-vertebra-lombar\\\/#webpage\"},\"articleSection\":\"Cat\\u00e1logo de Jornais\"},{\"@type\":\"BreadcrumbList\",\"@id\":\"https:\\\/\\\/ejornais.com.br\\\/index.php\\\/2025\\\/12\\\/04\\\/marina-silva-sofre-fratura-em-vertebra-lombar\\\/#breadcrumblist\",\"itemListElement\":[{\"@type\":\"ListItem\",\"@id\":\"https:\\\/\\\/ejornais.com.br#listItem\",\"position\":1,\"name\":\"In\\u00edcio\",\"item\":\"https:\\\/\\\/ejornais.com.br\",\"nextItem\":{\"@type\":\"ListItem\",\"@id\":\"https:\\\/\\\/ejornais.com.br\\\/index.php\\\/category\\\/ejornais\\\/#listItem\",\"name\":\"Cat\\u00e1logo de Jornais\"}},{\"@type\":\"ListItem\",\"@id\":\"https:\\\/\\\/ejornais.com.br\\\/index.php\\\/category\\\/ejornais\\\/#listItem\",\"position\":2,\"name\":\"Cat\\u00e1logo de Jornais\",\"item\":\"https:\\\/\\\/ejornais.com.br\\\/index.php\\\/category\\\/ejornais\\\/\",\"nextItem\":{\"@type\":\"ListItem\",\"@id\":\"https:\\\/\\\/ejornais.com.br\\\/index.php\\\/2025\\\/12\\\/04\\\/marina-silva-sofre-fratura-em-vertebra-lombar\\\/#listItem\",\"name\":\"Marina Silva sofre fratura em v\\u00e9rtebra lombar\"},\"previousItem\":{\"@type\":\"ListItem\",\"@id\":\"https:\\\/\\\/ejornais.com.br#listItem\",\"name\":\"In\\u00edcio\"}},{\"@type\":\"ListItem\",\"@id\":\"https:\\\/\\\/ejornais.com.br\\\/index.php\\\/2025\\\/12\\\/04\\\/marina-silva-sofre-fratura-em-vertebra-lombar\\\/#listItem\",\"position\":3,\"name\":\"Marina Silva sofre fratura em v\\u00e9rtebra lombar\",\"previousItem\":{\"@type\":\"ListItem\",\"@id\":\"https:\\\/\\\/ejornais.com.br\\\/index.php\\\/category\\\/ejornais\\\/#listItem\",\"name\":\"Cat\\u00e1logo de Jornais\"}}]},{\"@type\":\"Organization\",\"@id\":\"https:\\\/\\\/ejornais.com.br\\\/#organization\",\"name\":\"eJornais\",\"description\":\"Cat\\u00e1logo de Jornais no mundo, Not\\u00edcias, Blog e Esportes ao vivo\",\"url\":\"https:\\\/\\\/ejornais.com.br\\\/\"},{\"@type\":\"Person\",\"@id\":\"https:\\\/\\\/ejornais.com.br\\\/index.php\\\/author\\\/admin1\\\/#author\",\"url\":\"https:\\\/\\\/ejornais.com.br\\\/index.php\\\/author\\\/admin1\\\/\",\"name\":\"admin1\",\"image\":{\"@type\":\"ImageObject\",\"@id\":\"https:\\\/\\\/ejornais.com.br\\\/index.php\\\/2025\\\/12\\\/04\\\/marina-silva-sofre-fratura-em-vertebra-lombar\\\/#authorImage\",\"url\":\"https:\\\/\\\/secure.gravatar.com\\\/avatar\\\/04084e6d73c042b8646e7c17b494073bf0ede3ea13c7105cfc45cbbbc28385a4?s=96&d=mm&r=g\",\"width\":96,\"height\":96,\"caption\":\"admin1\"}},{\"@type\":\"WebPage\",\"@id\":\"https:\\\/\\\/ejornais.com.br\\\/index.php\\\/2025\\\/12\\\/04\\\/marina-silva-sofre-fratura-em-vertebra-lombar\\\/#webpage\",\"url\":\"https:\\\/\\\/ejornais.com.br\\\/index.php\\\/2025\\\/12\\\/04\\\/marina-silva-sofre-fratura-em-vertebra-lombar\\\/\",\"name\":\"Marina Silva sofre fratura em v\\u00e9rtebra lombar - eJornais\",\"description\":\"Por MRNews A ministra do Meio Ambiente e Mudan\\u00e7a do Clima, Marina Silva, foi hospitalizada na tarde desta quarta-feira (3), em Bras\\u00edlia, ap\\u00f3s sentir dor s\\u00fabita na regi\\u00e3o lombar, enquanto movimentava vasos de plantas no jardim de sua resid\\u00eancia, informou a assessoria da pasta. Ela est\\u00e1 de f\\u00e9rias durante esta semana. Ap\\u00f3s ser atendida em\",\"inLanguage\":\"pt-BR\",\"isPartOf\":{\"@id\":\"https:\\\/\\\/ejornais.com.br\\\/#website\"},\"breadcrumb\":{\"@id\":\"https:\\\/\\\/ejornais.com.br\\\/index.php\\\/2025\\\/12\\\/04\\\/marina-silva-sofre-fratura-em-vertebra-lombar\\\/#breadcrumblist\"},\"author\":{\"@id\":\"https:\\\/\\\/ejornais.com.br\\\/index.php\\\/author\\\/admin1\\\/#author\"},\"creator\":{\"@id\":\"https:\\\/\\\/ejornais.com.br\\\/index.php\\\/author\\\/admin1\\\/#author\"},\"datePublished\":\"2025-12-04T02:57:04-03:00\",\"dateModified\":\"2025-12-04T02:57:04-03:00\"},{\"@type\":\"WebSite\",\"@id\":\"https:\\\/\\\/ejornais.com.br\\\/#website\",\"url\":\"https:\\\/\\\/ejornais.com.br\\\/\",\"name\":\"eJornais\",\"description\":\"Cat\\u00e1logo de Jornais no mundo, Not\\u00edcias, Blog e Esportes ao vivo\",\"inLanguage\":\"pt-BR\",\"publisher\":{\"@id\":\"https:\\\/\\\/ejornais.com.br\\\/#organization\"}}]}\n\t\t<\/script>\n\t\t<!-- All in One SEO -->\n\n","aioseo_head_json":{"title":"Marina Silva sofre fratura em v\u00e9rtebra lombar - eJornais","description":"Por MRNews A ministra do Meio Ambiente e Mudan\u00e7a do Clima, Marina Silva, foi hospitalizada na tarde desta quarta-feira (3), em Bras\u00edlia, ap\u00f3s sentir dor s\u00fabita na regi\u00e3o lombar, enquanto movimentava vasos de plantas no jardim de sua resid\u00eancia, informou a assessoria da pasta. Ela est\u00e1 de f\u00e9rias durante esta semana. Ap\u00f3s ser atendida em","canonical_url":"https:\/\/ejornais.com.br\/index.php\/2025\/12\/04\/marina-silva-sofre-fratura-em-vertebra-lombar\/","robots":"max-image-preview:large","keywords":"","webmasterTools":{"miscellaneous":""},"schema":{"@context":"https:\/\/schema.org","@graph":[{"@type":"BlogPosting","@id":"https:\/\/ejornais.com.br\/index.php\/2025\/12\/04\/marina-silva-sofre-fratura-em-vertebra-lombar\/#blogposting","name":"Marina Silva sofre fratura em v\u00e9rtebra lombar - eJornais","headline":"Marina Silva sofre fratura em v\u00e9rtebra lombar","author":{"@id":"https:\/\/ejornais.com.br\/index.php\/author\/admin1\/#author"},"publisher":{"@id":"https:\/\/ejornais.com.br\/#organization"},"datePublished":"2025-12-04T02:57:04-03:00","dateModified":"2025-12-04T02:57:04-03:00","inLanguage":"pt-BR","mainEntityOfPage":{"@id":"https:\/\/ejornais.com.br\/index.php\/2025\/12\/04\/marina-silva-sofre-fratura-em-vertebra-lombar\/#webpage"},"isPartOf":{"@id":"https:\/\/ejornais.com.br\/index.php\/2025\/12\/04\/marina-silva-sofre-fratura-em-vertebra-lombar\/#webpage"},"articleSection":"Cat\u00e1logo de Jornais"},{"@type":"BreadcrumbList","@id":"https:\/\/ejornais.com.br\/index.php\/2025\/12\/04\/marina-silva-sofre-fratura-em-vertebra-lombar\/#breadcrumblist","itemListElement":[{"@type":"ListItem","@id":"https:\/\/ejornais.com.br#listItem","position":1,"name":"In\u00edcio","item":"https:\/\/ejornais.com.br","nextItem":{"@type":"ListItem","@id":"https:\/\/ejornais.com.br\/index.php\/category\/ejornais\/#listItem","name":"Cat\u00e1logo de Jornais"}},{"@type":"ListItem","@id":"https:\/\/ejornais.com.br\/index.php\/category\/ejornais\/#listItem","position":2,"name":"Cat\u00e1logo de Jornais","item":"https:\/\/ejornais.com.br\/index.php\/category\/ejornais\/","nextItem":{"@type":"ListItem","@id":"https:\/\/ejornais.com.br\/index.php\/2025\/12\/04\/marina-silva-sofre-fratura-em-vertebra-lombar\/#listItem","name":"Marina Silva sofre fratura em v\u00e9rtebra lombar"},"previousItem":{"@type":"ListItem","@id":"https:\/\/ejornais.com.br#listItem","name":"In\u00edcio"}},{"@type":"ListItem","@id":"https:\/\/ejornais.com.br\/index.php\/2025\/12\/04\/marina-silva-sofre-fratura-em-vertebra-lombar\/#listItem","position":3,"name":"Marina Silva sofre fratura em v\u00e9rtebra lombar","previousItem":{"@type":"ListItem","@id":"https:\/\/ejornais.com.br\/index.php\/category\/ejornais\/#listItem","name":"Cat\u00e1logo de Jornais"}}]},{"@type":"Organization","@id":"https:\/\/ejornais.com.br\/#organization","name":"eJornais","description":"Cat\u00e1logo de Jornais no mundo, Not\u00edcias, Blog e Esportes ao vivo","url":"https:\/\/ejornais.com.br\/"},{"@type":"Person","@id":"https:\/\/ejornais.com.br\/index.php\/author\/admin1\/#author","url":"https:\/\/ejornais.com.br\/index.php\/author\/admin1\/","name":"admin1","image":{"@type":"ImageObject","@id":"https:\/\/ejornais.com.br\/index.php\/2025\/12\/04\/marina-silva-sofre-fratura-em-vertebra-lombar\/#authorImage","url":"https:\/\/secure.gravatar.com\/avatar\/04084e6d73c042b8646e7c17b494073bf0ede3ea13c7105cfc45cbbbc28385a4?s=96&d=mm&r=g","width":96,"height":96,"caption":"admin1"}},{"@type":"WebPage","@id":"https:\/\/ejornais.com.br\/index.php\/2025\/12\/04\/marina-silva-sofre-fratura-em-vertebra-lombar\/#webpage","url":"https:\/\/ejornais.com.br\/index.php\/2025\/12\/04\/marina-silva-sofre-fratura-em-vertebra-lombar\/","name":"Marina Silva sofre fratura em v\u00e9rtebra lombar - eJornais","description":"Por MRNews A ministra do Meio Ambiente e Mudan\u00e7a do Clima, Marina Silva, foi hospitalizada na tarde desta quarta-feira (3), em Bras\u00edlia, ap\u00f3s sentir dor s\u00fabita na regi\u00e3o lombar, enquanto movimentava vasos de plantas no jardim de sua resid\u00eancia, informou a assessoria da pasta. Ela est\u00e1 de f\u00e9rias durante esta semana. Ap\u00f3s ser atendida em","inLanguage":"pt-BR","isPartOf":{"@id":"https:\/\/ejornais.com.br\/#website"},"breadcrumb":{"@id":"https:\/\/ejornais.com.br\/index.php\/2025\/12\/04\/marina-silva-sofre-fratura-em-vertebra-lombar\/#breadcrumblist"},"author":{"@id":"https:\/\/ejornais.com.br\/index.php\/author\/admin1\/#author"},"creator":{"@id":"https:\/\/ejornais.com.br\/index.php\/author\/admin1\/#author"},"datePublished":"2025-12-04T02:57:04-03:00","dateModified":"2025-12-04T02:57:04-03:00"},{"@type":"WebSite","@id":"https:\/\/ejornais.com.br\/#website","url":"https:\/\/ejornais.com.br\/","name":"eJornais","description":"Cat\u00e1logo de Jornais no mundo, Not\u00edcias, Blog e Esportes ao vivo","inLanguage":"pt-BR","publisher":{"@id":"https:\/\/ejornais.com.br\/#organization"}}]},"og:locale":"pt_BR","og:site_name":"eJornais - Cat\u00e1logo de Jornais no mundo, Not\u00edcias, Blog e Esportes ao vivo","og:type":"article","og:title":"Marina Silva sofre fratura em v\u00e9rtebra lombar - eJornais","og:description":"Por MRNews A ministra do Meio Ambiente e Mudan\u00e7a do Clima, Marina Silva, foi hospitalizada na tarde desta quarta-feira (3), em Bras\u00edlia, ap\u00f3s sentir dor s\u00fabita na regi\u00e3o lombar, enquanto movimentava vasos de plantas no jardim de sua resid\u00eancia, informou a assessoria da pasta. Ela est\u00e1 de f\u00e9rias durante esta semana. Ap\u00f3s ser atendida em","og:url":"https:\/\/ejornais.com.br\/index.php\/2025\/12\/04\/marina-silva-sofre-fratura-em-vertebra-lombar\/","article:published_time":"2025-12-04T05:57:04+00:00","article:modified_time":"2025-12-04T05:57:04+00:00","twitter:card":"summary_large_image","twitter:title":"Marina Silva sofre fratura em v\u00e9rtebra lombar - eJornais","twitter:description":"Por MRNews A ministra do Meio Ambiente e Mudan\u00e7a do Clima, Marina Silva, foi hospitalizada na tarde desta quarta-feira (3), em Bras\u00edlia, ap\u00f3s sentir dor s\u00fabita na regi\u00e3o lombar, enquanto movimentava vasos de plantas no jardim de sua resid\u00eancia, informou a assessoria da pasta. Ela est\u00e1 de f\u00e9rias durante esta semana. Ap\u00f3s ser atendida em"},"aioseo_meta_data":{"post_id":"56854","title":null,"description":null,"keywords":null,"keyphrases":null,"primary_term":null,"canonical_url":null,"og_title":null,"og_description":null,"og_object_type":"default","og_image_type":"default","og_image_url":null,"og_image_width":null,"og_image_height":null,"og_image_custom_url":null,"og_image_custom_fields":null,"og_video":null,"og_custom_url":null,"og_article_section":null,"og_article_tags":null,"twitter_use_og":false,"twitter_card":"default","twitter_image_type":"default","twitter_image_url":null,"twitter_image_custom_url":null,"twitter_image_custom_fields":null,"twitter_title":null,"twitter_description":null,"schema":{"blockGraphs":[],"customGraphs":[],"default":{"data":{"Article":[],"Course":[],"Dataset":[],"FAQPage":[],"Movie":[],"Person":[],"Product":[],"ProductReview":[],"Car":[],"Recipe":[],"Service":[],"SoftwareApplication":[],"WebPage":[]},"graphName":"","isEnabled":true},"graphs":[]},"schema_type":"default","schema_type_options":null,"pillar_content":false,"robots_default":true,"robots_noindex":false,"robots_noarchive":false,"robots_nosnippet":false,"robots_nofollow":false,"robots_noimageindex":false,"robots_noodp":false,"robots_notranslate":false,"robots_max_snippet":null,"robots_max_videopreview":null,"robots_max_imagepreview":"large","priority":null,"frequency":null,"local_seo":null,"breadcrumb_settings":null,"limit_modified_date":false,"ai":null,"created":"2025-12-04 06:08:35","updated":"2025-12-04 06:08:35","seo_analyzer_scan_date":null,"focus_keyword":null,"additional_keywords":null,"truseo_locale":null},"aioseo_breadcrumb":"<div class=\"aioseo-breadcrumbs\"><span class=\"aioseo-breadcrumb\">\n\t\t\t<a href=\"https:\/\/ejornais.com.br\" title=\"In\u00edcio\">In\u00edcio<\/a>\n\t\t<\/span><span class=\"aioseo-breadcrumb-separator\">&raquo;<\/span><span class=\"aioseo-breadcrumb\">\n\t\t\t<a href=\"https:\/\/ejornais.com.br\/index.php\/category\/ejornais\/\" title=\"Cat\u00e1logo de Jornais\">Cat\u00e1logo de Jornais<\/a>\n\t\t<\/span><span class=\"aioseo-breadcrumb-separator\">&raquo;<\/span><span class=\"aioseo-breadcrumb\">\n\t\t\tMarina Silva sofre fratura em v\u00e9rtebra lombar\n\t\t<\/span><\/div>","aioseo_breadcrumb_json":[{"label":"In\u00edcio","link":"https:\/\/ejornais.com.br"},{"label":"Cat\u00e1logo de Jornais","link":"https:\/\/ejornais.com.br\/index.php\/category\/ejornais\/"},{"label":"Marina Silva sofre fratura em v\u00e9rtebra lombar","link":"https:\/\/ejornais.com.br\/index.php\/2025\/12\/04\/marina-silva-sofre-fratura-em-vertebra-lombar\/"}],"amp_enabled":true,"_links":{"self":[{"href":"https:\/\/ejornais.com.br\/index.php\/wp-json\/wp\/v2\/posts\/56854","targetHints":{"allow":["GET"]}}],"collection":[{"href":"https:\/\/ejornais.com.br\/index.php\/wp-json\/wp\/v2\/posts"}],"about":[{"href":"https:\/\/ejornais.com.br\/index.php\/wp-json\/wp\/v2\/types\/post"}],"author":[{"embeddable":true,"href":"https:\/\/ejornais.com.br\/index.php\/wp-json\/wp\/v2\/users\/2"}],"replies":[{"embeddable":true,"href":"https:\/\/ejornais.com.br\/index.php\/wp-json\/wp\/v2\/comments?post=56854"}],"version-history":[{"count":0,"href":"https:\/\/ejornais.com.br\/index.php\/wp-json\/wp\/v2\/posts\/56854\/revisions"}],"wp:attachment":[{"href":"https:\/\/ejornais.com.br\/index.php\/wp-json\/wp\/v2\/media?parent=56854"}],"wp:term":[{"taxonomy":"category","embeddable":true,"href":"https:\/\/ejornais.com.br\/index.php\/wp-json\/wp\/v2\/categories?post=56854"},{"taxonomy":"post_tag","embeddable":true,"href":"https:\/\/ejornais.com.br\/index.php\/wp-json\/wp\/v2\/tags?post=56854"}],"curies":[{"name":"wp","href":"https:\/\/api.w.org\/{rel}","templated":true}]}}