{"id":56858,"date":"2025-12-04T04:17:42","date_gmt":"2025-12-04T07:17:42","guid":{"rendered":"https:\/\/ejornais.com.br\/index.php\/2025\/12\/04\/alerj-deve-decidir-sobre-prisao-de-bacellar-nos-proximos-dias\/"},"modified":"2025-12-04T04:17:42","modified_gmt":"2025-12-04T07:17:42","slug":"alerj-deve-decidir-sobre-prisao-de-bacellar-nos-proximos-dias","status":"publish","type":"post","link":"https:\/\/ejornais.com.br\/index.php\/2025\/12\/04\/alerj-deve-decidir-sobre-prisao-de-bacellar-nos-proximos-dias\/","title":{"rendered":"Alerj deve decidir sobre pris\u00e3o de Bacellar nos pr\u00f3ximos dias"},"content":{"rendered":"<p> Por MRNews<br \/>\n<\/p>\n<div wp_automatic_readability=\"89.986740331492\">\n<p><strong>A decis\u00e3o sobre a manuten\u00e7\u00e3o ou revoga\u00e7\u00e3o da pris\u00e3o do presidente da Assembleia Legislativa do Rio de Janeiro (Alerj), Rodrigo Bacellar (Uni\u00e3o Brasil), deve ser tomada pela pr\u00f3pria Casa nos pr\u00f3ximos dias. <\/strong>A previs\u00e3o \u00e9 que o Legislativo fluminense seja notificado pela Justi\u00e7a sobre o caso em at\u00e9 24 horas.\u00a0<\/p>\n<p>O deputado foi preso preventivamente na manh\u00e3 desta quarta-feira (3) durante opera\u00e7\u00e3o da Pol\u00edcia Federal para investigar o vazamento de informa\u00e7\u00f5es sigilosas.<\/p>\n<p><strong>O procedimento na Alerj tem sido o padr\u00e3o nos \u00faltimos anos, depois de uma decis\u00e3o do Supremo Tribunal Federal (STF) em 2019.<\/strong> Na ocasi\u00e3o, a Corte definiu que as assembleias legislativas dos estados t\u00eam o poder para revogar a pris\u00e3o de deputados estaduais, expandindo a estes as imunidades previstas para parlamentares federais no artigo 53 da Constitui\u00e7\u00e3o.<\/p>\n<p><strong><a href=\"https:\/\/mrnews.com.br\/index.php\/2025\/12\/04\/marina-silva-sofre-fratura-em-vertebra-lombar\/\">Marina Silva sofre fratura em v\u00e9rtebra lombar<\/a><\/strong><\/p>\n<p><strong><a href=\"https:\/\/mrnews.com.br\/index.php\/2025\/12\/04\/flamengo-derrota-ceara-e-coroa-ano-magico-com-titulo-brasileiro\/\">Flamengo derrota Cear\u00e1 e coroa ano m\u00e1gico com t\u00edtulo Brasileiro<\/a><\/strong><\/p>\n<p>Tamb\u00e9m ficou permitido \u00e0s assembleias sustar a\u00e7\u00f5es penais abertas contra deputados estaduais. O Artigo 27, da Constitui\u00e7\u00e3o, prev\u00ea que o deputado estadual tem direito \u00e0s regras constitucionais sobre sistema eleitoral, inviolabilidade e imunidades previstas na Carta.<\/p>\n<p>Com base nesse artigo, constitui\u00e7\u00f5es estaduais reproduziram a regra, prevista no Artigo 53, que garante a deputados e senadores pris\u00e3o somente em flagrante de crime inafian\u00e7\u00e1vel e referendada por sua casa legislativa.<\/p>\n<p>Em 2017, Jorge Picciani foi solto pela Casa ao lado dos parlamentares Paulo Melo e Edson Albertassi. Em 2019, a Alerj soltou cinco deputados presos na Opera\u00e7\u00e3o Furna da On\u00e7a.<\/p>\n<h2>Hist\u00f3rico de pris\u00f5es<\/h2>\n<p><strong>Bacellar n\u00e3o \u00e9 o primeiro presidente da Alerj a ser preso desde a Constitui\u00e7\u00e3o de 1988.<\/strong> Em 2017, Jorge Picciani (MDB) tamb\u00e9m foi preso quando ocupava o cargo mais alto do legislativo fluminense.<\/p>\n<p><strong><a href=\"https:\/\/mrnews.com.br\/index.php\/2025\/12\/04\/apos-decisao-de-mendes-alcolumbre-fala-em-votar-pec-do-marco-temporal\/\">Ap\u00f3s decis\u00e3o de Mendes, Alcolumbre fala em votar PEC do Marco Temporal<\/a><\/strong><\/p>\n<p><strong><a href=\"https:\/\/mrnews.com.br\/index.php\/2025\/12\/04\/relatorio-da-pec-da-seguranca-publica-sera-apresentado-proxima-semana\/\">Relat\u00f3rio da PEC da Seguran\u00e7a P\u00fablica ser\u00e1 apresentado pr\u00f3xima semana<\/a><\/strong><\/p>\n<p>Na ocasi\u00e3o, ele foi preso junto com os deputados da mesma legenda, Paulo Melo e Edson Albertassi, no \u00e2mbito da Opera\u00e7\u00e3o Cadeia Velha. Os tr\u00eas foram acusados de receber propinas para favorecer empresas de \u00f4nibus.<\/p>\n<p>Em 2019, Picciani foi condenado pelo Tribunal Regional Federal da 2\u00aa regi\u00e3o a 21 anos de pris\u00e3o. Ele morreu em 2021, em decorr\u00eancia de um c\u00e2ncer na bexiga.<\/p>\n<p>Al\u00e9m de Bacellar e Picciani, outros ex-presidentes da Alerj foram presos, mas quando n\u00e3o ocupavam mais o cargo de lideran\u00e7a da casa legislativa. \u00c9 o caso do pr\u00f3prio Paulo Melo, preso junto com Picciani, que ocupou o cargo entre 2011 e 2013, e novamente entre 2013 e 2015.<\/p>\n<p>S\u00e9rgio Cabral (MDB) presidiu a Alerj entre 1997 e 1999 e depois entre 1999 e 2001. Ele foi preso na Opera\u00e7\u00e3o Lava-Jato em 2016. Cabral foi acusado de liderar uma organiza\u00e7\u00e3o criminosa que fraudava licita\u00e7\u00f5es e cobrava propinas.<\/p>\n<p>Ele tamb\u00e9m foi governador do Rio de Janeiro entre 2007 e 2014. Foram v\u00e1rias condena\u00e7\u00f5es no contexto da Lava Jato, com penas somadas que ultrapassaram 390 anos. Em 2024, a Justi\u00e7a anulou tr\u00eas condena\u00e7\u00f5es, fazendo com que as a\u00e7\u00f5es fossem redistribu\u00eddas.<\/p>\n<p>Jos\u00e9 Nader (PTB) comandou a Alerj entre 1991 e 1992, e depois entre 1993 e 1994. Em 2005, ele foi preso em Tocantins acusado de pesca predat\u00f3ria e porte ilegal de armas. Em 2008, foi um dos alvos da Opera\u00e7\u00e3o Pass\u00e1rgada da Pol\u00edcia Federal. Foi indiciado por corrup\u00e7\u00e3o passiva, forma\u00e7\u00e3o de quadrilha, peculato e advocacia administrativa. Morreu em 2015, depois de sofrer um acidente vascular cerebral (AVC).<\/p>\n<\/div>\n","protected":false},"excerpt":{"rendered":"<p>Por MRNews A decis\u00e3o sobre a manuten\u00e7\u00e3o ou revoga\u00e7\u00e3o da pris\u00e3o do presidente da Assembleia Legislativa do Rio de Janeiro<\/p>\n","protected":false},"author":2,"featured_media":0,"comment_status":"","ping_status":"","sticky":false,"template":"","format":"standard","meta":{"colormag_page_container_layout":"default_layout","colormag_page_sidebar_layout":"default_layout","footnotes":""},"categories":[1],"tags":[],"class_list":["post-56858","post","type-post","status-publish","format-standard","hentry","category-ejornais"],"aioseo_notices":[],"aioseo_head":"\n\t\t<!-- All in One SEO 5.0.1.1 - aioseo.com -->\n\t<meta name=\"description\" content=\"Por MRNews A decis\u00e3o sobre a manuten\u00e7\u00e3o ou revoga\u00e7\u00e3o da pris\u00e3o do presidente da Assembleia Legislativa do Rio de Janeiro (Alerj), Rodrigo Bacellar (Uni\u00e3o Brasil), deve ser tomada pela pr\u00f3pria Casa nos pr\u00f3ximos dias. A previs\u00e3o \u00e9 que o Legislativo fluminense seja notificado pela Justi\u00e7a sobre o caso em at\u00e9 24 horas. O deputado foi\" \/>\n\t<meta name=\"robots\" content=\"max-image-preview:large\" \/>\n\t<meta name=\"author\" content=\"admin1\"\/>\n\t<link rel=\"canonical\" href=\"https:\/\/ejornais.com.br\/index.php\/2025\/12\/04\/alerj-deve-decidir-sobre-prisao-de-bacellar-nos-proximos-dias\/\" \/>\n\t<meta name=\"generator\" content=\"All in One SEO (AIOSEO) 5.0.1.1\" \/>\n\t\t<meta property=\"og:locale\" content=\"pt_BR\" \/>\n\t\t<meta property=\"og:site_name\" content=\"eJornais - Cat\u00e1logo de Jornais no mundo, Not\u00edcias, Blog e Esportes ao vivo\" \/>\n\t\t<meta property=\"og:type\" content=\"article\" \/>\n\t\t<meta property=\"og:title\" content=\"Alerj deve decidir sobre pris\u00e3o de Bacellar nos pr\u00f3ximos dias - eJornais\" \/>\n\t\t<meta property=\"og:description\" content=\"Por MRNews A decis\u00e3o sobre a manuten\u00e7\u00e3o ou revoga\u00e7\u00e3o da pris\u00e3o do presidente da Assembleia Legislativa do Rio de Janeiro (Alerj), Rodrigo Bacellar (Uni\u00e3o Brasil), deve ser tomada pela pr\u00f3pria Casa nos pr\u00f3ximos dias. A previs\u00e3o \u00e9 que o Legislativo fluminense seja notificado pela Justi\u00e7a sobre o caso em at\u00e9 24 horas. O deputado foi\" \/>\n\t\t<meta property=\"og:url\" content=\"https:\/\/ejornais.com.br\/index.php\/2025\/12\/04\/alerj-deve-decidir-sobre-prisao-de-bacellar-nos-proximos-dias\/\" \/>\n\t\t<meta property=\"article:published_time\" content=\"2025-12-04T07:17:42+00:00\" \/>\n\t\t<meta property=\"article:modified_time\" content=\"2025-12-04T07:17:42+00:00\" \/>\n\t\t<meta name=\"twitter:card\" content=\"summary_large_image\" \/>\n\t\t<meta name=\"twitter:title\" content=\"Alerj deve decidir sobre pris\u00e3o de Bacellar nos pr\u00f3ximos dias - eJornais\" \/>\n\t\t<meta name=\"twitter:description\" content=\"Por MRNews A decis\u00e3o sobre a manuten\u00e7\u00e3o ou revoga\u00e7\u00e3o da pris\u00e3o do presidente da Assembleia Legislativa do Rio de Janeiro (Alerj), Rodrigo Bacellar (Uni\u00e3o Brasil), deve ser tomada pela pr\u00f3pria Casa nos pr\u00f3ximos dias. A previs\u00e3o \u00e9 que o Legislativo fluminense seja notificado pela Justi\u00e7a sobre o caso em at\u00e9 24 horas. O deputado foi\" \/>\n\t\t<script type=\"application\/ld+json\" class=\"aioseo-schema\">\n\t\t\t{\"@context\":\"https:\\\/\\\/schema.org\",\"@graph\":[{\"@type\":\"BlogPosting\",\"@id\":\"https:\\\/\\\/ejornais.com.br\\\/index.php\\\/2025\\\/12\\\/04\\\/alerj-deve-decidir-sobre-prisao-de-bacellar-nos-proximos-dias\\\/#blogposting\",\"name\":\"Alerj deve decidir sobre pris\\u00e3o de Bacellar nos pr\\u00f3ximos dias - eJornais\",\"headline\":\"Alerj deve decidir sobre pris\\u00e3o de Bacellar nos pr\\u00f3ximos dias\",\"author\":{\"@id\":\"https:\\\/\\\/ejornais.com.br\\\/index.php\\\/author\\\/admin1\\\/#author\"},\"publisher\":{\"@id\":\"https:\\\/\\\/ejornais.com.br\\\/#organization\"},\"datePublished\":\"2025-12-04T04:17:42-03:00\",\"dateModified\":\"2025-12-04T04:17:42-03:00\",\"inLanguage\":\"pt-BR\",\"mainEntityOfPage\":{\"@id\":\"https:\\\/\\\/ejornais.com.br\\\/index.php\\\/2025\\\/12\\\/04\\\/alerj-deve-decidir-sobre-prisao-de-bacellar-nos-proximos-dias\\\/#webpage\"},\"isPartOf\":{\"@id\":\"https:\\\/\\\/ejornais.com.br\\\/index.php\\\/2025\\\/12\\\/04\\\/alerj-deve-decidir-sobre-prisao-de-bacellar-nos-proximos-dias\\\/#webpage\"},\"articleSection\":\"Cat\\u00e1logo de Jornais\"},{\"@type\":\"BreadcrumbList\",\"@id\":\"https:\\\/\\\/ejornais.com.br\\\/index.php\\\/2025\\\/12\\\/04\\\/alerj-deve-decidir-sobre-prisao-de-bacellar-nos-proximos-dias\\\/#breadcrumblist\",\"itemListElement\":[{\"@type\":\"ListItem\",\"@id\":\"https:\\\/\\\/ejornais.com.br#listItem\",\"position\":1,\"name\":\"In\\u00edcio\",\"item\":\"https:\\\/\\\/ejornais.com.br\",\"nextItem\":{\"@type\":\"ListItem\",\"@id\":\"https:\\\/\\\/ejornais.com.br\\\/index.php\\\/category\\\/ejornais\\\/#listItem\",\"name\":\"Cat\\u00e1logo de Jornais\"}},{\"@type\":\"ListItem\",\"@id\":\"https:\\\/\\\/ejornais.com.br\\\/index.php\\\/category\\\/ejornais\\\/#listItem\",\"position\":2,\"name\":\"Cat\\u00e1logo de Jornais\",\"item\":\"https:\\\/\\\/ejornais.com.br\\\/index.php\\\/category\\\/ejornais\\\/\",\"nextItem\":{\"@type\":\"ListItem\",\"@id\":\"https:\\\/\\\/ejornais.com.br\\\/index.php\\\/2025\\\/12\\\/04\\\/alerj-deve-decidir-sobre-prisao-de-bacellar-nos-proximos-dias\\\/#listItem\",\"name\":\"Alerj deve decidir sobre pris\\u00e3o de Bacellar nos pr\\u00f3ximos dias\"},\"previousItem\":{\"@type\":\"ListItem\",\"@id\":\"https:\\\/\\\/ejornais.com.br#listItem\",\"name\":\"In\\u00edcio\"}},{\"@type\":\"ListItem\",\"@id\":\"https:\\\/\\\/ejornais.com.br\\\/index.php\\\/2025\\\/12\\\/04\\\/alerj-deve-decidir-sobre-prisao-de-bacellar-nos-proximos-dias\\\/#listItem\",\"position\":3,\"name\":\"Alerj deve decidir sobre pris\\u00e3o de Bacellar nos pr\\u00f3ximos dias\",\"previousItem\":{\"@type\":\"ListItem\",\"@id\":\"https:\\\/\\\/ejornais.com.br\\\/index.php\\\/category\\\/ejornais\\\/#listItem\",\"name\":\"Cat\\u00e1logo de Jornais\"}}]},{\"@type\":\"Organization\",\"@id\":\"https:\\\/\\\/ejornais.com.br\\\/#organization\",\"name\":\"eJornais\",\"description\":\"Cat\\u00e1logo de Jornais no mundo, Not\\u00edcias, Blog e Esportes ao vivo\",\"url\":\"https:\\\/\\\/ejornais.com.br\\\/\"},{\"@type\":\"Person\",\"@id\":\"https:\\\/\\\/ejornais.com.br\\\/index.php\\\/author\\\/admin1\\\/#author\",\"url\":\"https:\\\/\\\/ejornais.com.br\\\/index.php\\\/author\\\/admin1\\\/\",\"name\":\"admin1\",\"image\":{\"@type\":\"ImageObject\",\"@id\":\"https:\\\/\\\/ejornais.com.br\\\/index.php\\\/2025\\\/12\\\/04\\\/alerj-deve-decidir-sobre-prisao-de-bacellar-nos-proximos-dias\\\/#authorImage\",\"url\":\"https:\\\/\\\/secure.gravatar.com\\\/avatar\\\/04084e6d73c042b8646e7c17b494073bf0ede3ea13c7105cfc45cbbbc28385a4?s=96&d=mm&r=g\",\"width\":96,\"height\":96,\"caption\":\"admin1\"}},{\"@type\":\"WebPage\",\"@id\":\"https:\\\/\\\/ejornais.com.br\\\/index.php\\\/2025\\\/12\\\/04\\\/alerj-deve-decidir-sobre-prisao-de-bacellar-nos-proximos-dias\\\/#webpage\",\"url\":\"https:\\\/\\\/ejornais.com.br\\\/index.php\\\/2025\\\/12\\\/04\\\/alerj-deve-decidir-sobre-prisao-de-bacellar-nos-proximos-dias\\\/\",\"name\":\"Alerj deve decidir sobre pris\\u00e3o de Bacellar nos pr\\u00f3ximos dias - eJornais\",\"description\":\"Por MRNews A decis\\u00e3o sobre a manuten\\u00e7\\u00e3o ou revoga\\u00e7\\u00e3o da pris\\u00e3o do presidente da Assembleia Legislativa do Rio de Janeiro (Alerj), Rodrigo Bacellar (Uni\\u00e3o Brasil), deve ser tomada pela pr\\u00f3pria Casa nos pr\\u00f3ximos dias. A previs\\u00e3o \\u00e9 que o Legislativo fluminense seja notificado pela Justi\\u00e7a sobre o caso em at\\u00e9 24 horas. O deputado foi\",\"inLanguage\":\"pt-BR\",\"isPartOf\":{\"@id\":\"https:\\\/\\\/ejornais.com.br\\\/#website\"},\"breadcrumb\":{\"@id\":\"https:\\\/\\\/ejornais.com.br\\\/index.php\\\/2025\\\/12\\\/04\\\/alerj-deve-decidir-sobre-prisao-de-bacellar-nos-proximos-dias\\\/#breadcrumblist\"},\"author\":{\"@id\":\"https:\\\/\\\/ejornais.com.br\\\/index.php\\\/author\\\/admin1\\\/#author\"},\"creator\":{\"@id\":\"https:\\\/\\\/ejornais.com.br\\\/index.php\\\/author\\\/admin1\\\/#author\"},\"datePublished\":\"2025-12-04T04:17:42-03:00\",\"dateModified\":\"2025-12-04T04:17:42-03:00\"},{\"@type\":\"WebSite\",\"@id\":\"https:\\\/\\\/ejornais.com.br\\\/#website\",\"url\":\"https:\\\/\\\/ejornais.com.br\\\/\",\"name\":\"eJornais\",\"description\":\"Cat\\u00e1logo de Jornais no mundo, Not\\u00edcias, Blog e Esportes ao vivo\",\"inLanguage\":\"pt-BR\",\"publisher\":{\"@id\":\"https:\\\/\\\/ejornais.com.br\\\/#organization\"}}]}\n\t\t<\/script>\n\t\t<!-- All in One SEO -->\n\n","aioseo_head_json":{"title":"Alerj deve decidir sobre pris\u00e3o de Bacellar nos pr\u00f3ximos dias - eJornais","description":"Por MRNews A decis\u00e3o sobre a manuten\u00e7\u00e3o ou revoga\u00e7\u00e3o da pris\u00e3o do presidente da Assembleia Legislativa do Rio de Janeiro (Alerj), Rodrigo Bacellar (Uni\u00e3o Brasil), deve ser tomada pela pr\u00f3pria Casa nos pr\u00f3ximos dias. A previs\u00e3o \u00e9 que o Legislativo fluminense seja notificado pela Justi\u00e7a sobre o caso em at\u00e9 24 horas. O deputado foi","canonical_url":"https:\/\/ejornais.com.br\/index.php\/2025\/12\/04\/alerj-deve-decidir-sobre-prisao-de-bacellar-nos-proximos-dias\/","robots":"max-image-preview:large","keywords":"","webmasterTools":{"miscellaneous":""},"schema":{"@context":"https:\/\/schema.org","@graph":[{"@type":"BlogPosting","@id":"https:\/\/ejornais.com.br\/index.php\/2025\/12\/04\/alerj-deve-decidir-sobre-prisao-de-bacellar-nos-proximos-dias\/#blogposting","name":"Alerj deve decidir sobre pris\u00e3o de Bacellar nos pr\u00f3ximos dias - eJornais","headline":"Alerj deve decidir sobre pris\u00e3o de Bacellar nos pr\u00f3ximos dias","author":{"@id":"https:\/\/ejornais.com.br\/index.php\/author\/admin1\/#author"},"publisher":{"@id":"https:\/\/ejornais.com.br\/#organization"},"datePublished":"2025-12-04T04:17:42-03:00","dateModified":"2025-12-04T04:17:42-03:00","inLanguage":"pt-BR","mainEntityOfPage":{"@id":"https:\/\/ejornais.com.br\/index.php\/2025\/12\/04\/alerj-deve-decidir-sobre-prisao-de-bacellar-nos-proximos-dias\/#webpage"},"isPartOf":{"@id":"https:\/\/ejornais.com.br\/index.php\/2025\/12\/04\/alerj-deve-decidir-sobre-prisao-de-bacellar-nos-proximos-dias\/#webpage"},"articleSection":"Cat\u00e1logo de Jornais"},{"@type":"BreadcrumbList","@id":"https:\/\/ejornais.com.br\/index.php\/2025\/12\/04\/alerj-deve-decidir-sobre-prisao-de-bacellar-nos-proximos-dias\/#breadcrumblist","itemListElement":[{"@type":"ListItem","@id":"https:\/\/ejornais.com.br#listItem","position":1,"name":"In\u00edcio","item":"https:\/\/ejornais.com.br","nextItem":{"@type":"ListItem","@id":"https:\/\/ejornais.com.br\/index.php\/category\/ejornais\/#listItem","name":"Cat\u00e1logo de Jornais"}},{"@type":"ListItem","@id":"https:\/\/ejornais.com.br\/index.php\/category\/ejornais\/#listItem","position":2,"name":"Cat\u00e1logo de Jornais","item":"https:\/\/ejornais.com.br\/index.php\/category\/ejornais\/","nextItem":{"@type":"ListItem","@id":"https:\/\/ejornais.com.br\/index.php\/2025\/12\/04\/alerj-deve-decidir-sobre-prisao-de-bacellar-nos-proximos-dias\/#listItem","name":"Alerj deve decidir sobre pris\u00e3o de Bacellar nos pr\u00f3ximos dias"},"previousItem":{"@type":"ListItem","@id":"https:\/\/ejornais.com.br#listItem","name":"In\u00edcio"}},{"@type":"ListItem","@id":"https:\/\/ejornais.com.br\/index.php\/2025\/12\/04\/alerj-deve-decidir-sobre-prisao-de-bacellar-nos-proximos-dias\/#listItem","position":3,"name":"Alerj deve decidir sobre pris\u00e3o de Bacellar nos pr\u00f3ximos dias","previousItem":{"@type":"ListItem","@id":"https:\/\/ejornais.com.br\/index.php\/category\/ejornais\/#listItem","name":"Cat\u00e1logo de Jornais"}}]},{"@type":"Organization","@id":"https:\/\/ejornais.com.br\/#organization","name":"eJornais","description":"Cat\u00e1logo de Jornais no mundo, Not\u00edcias, Blog e Esportes ao vivo","url":"https:\/\/ejornais.com.br\/"},{"@type":"Person","@id":"https:\/\/ejornais.com.br\/index.php\/author\/admin1\/#author","url":"https:\/\/ejornais.com.br\/index.php\/author\/admin1\/","name":"admin1","image":{"@type":"ImageObject","@id":"https:\/\/ejornais.com.br\/index.php\/2025\/12\/04\/alerj-deve-decidir-sobre-prisao-de-bacellar-nos-proximos-dias\/#authorImage","url":"https:\/\/secure.gravatar.com\/avatar\/04084e6d73c042b8646e7c17b494073bf0ede3ea13c7105cfc45cbbbc28385a4?s=96&d=mm&r=g","width":96,"height":96,"caption":"admin1"}},{"@type":"WebPage","@id":"https:\/\/ejornais.com.br\/index.php\/2025\/12\/04\/alerj-deve-decidir-sobre-prisao-de-bacellar-nos-proximos-dias\/#webpage","url":"https:\/\/ejornais.com.br\/index.php\/2025\/12\/04\/alerj-deve-decidir-sobre-prisao-de-bacellar-nos-proximos-dias\/","name":"Alerj deve decidir sobre pris\u00e3o de Bacellar nos pr\u00f3ximos dias - eJornais","description":"Por MRNews A decis\u00e3o sobre a manuten\u00e7\u00e3o ou revoga\u00e7\u00e3o da pris\u00e3o do presidente da Assembleia Legislativa do Rio de Janeiro (Alerj), Rodrigo Bacellar (Uni\u00e3o Brasil), deve ser tomada pela pr\u00f3pria Casa nos pr\u00f3ximos dias. A previs\u00e3o \u00e9 que o Legislativo fluminense seja notificado pela Justi\u00e7a sobre o caso em at\u00e9 24 horas. O deputado foi","inLanguage":"pt-BR","isPartOf":{"@id":"https:\/\/ejornais.com.br\/#website"},"breadcrumb":{"@id":"https:\/\/ejornais.com.br\/index.php\/2025\/12\/04\/alerj-deve-decidir-sobre-prisao-de-bacellar-nos-proximos-dias\/#breadcrumblist"},"author":{"@id":"https:\/\/ejornais.com.br\/index.php\/author\/admin1\/#author"},"creator":{"@id":"https:\/\/ejornais.com.br\/index.php\/author\/admin1\/#author"},"datePublished":"2025-12-04T04:17:42-03:00","dateModified":"2025-12-04T04:17:42-03:00"},{"@type":"WebSite","@id":"https:\/\/ejornais.com.br\/#website","url":"https:\/\/ejornais.com.br\/","name":"eJornais","description":"Cat\u00e1logo de Jornais no mundo, Not\u00edcias, Blog e Esportes ao vivo","inLanguage":"pt-BR","publisher":{"@id":"https:\/\/ejornais.com.br\/#organization"}}]},"og:locale":"pt_BR","og:site_name":"eJornais - Cat\u00e1logo de Jornais no mundo, Not\u00edcias, Blog e Esportes ao vivo","og:type":"article","og:title":"Alerj deve decidir sobre pris\u00e3o de Bacellar nos pr\u00f3ximos dias - eJornais","og:description":"Por MRNews A decis\u00e3o sobre a manuten\u00e7\u00e3o ou revoga\u00e7\u00e3o da pris\u00e3o do presidente da Assembleia Legislativa do Rio de Janeiro (Alerj), Rodrigo Bacellar (Uni\u00e3o Brasil), deve ser tomada pela pr\u00f3pria Casa nos pr\u00f3ximos dias. A previs\u00e3o \u00e9 que o Legislativo fluminense seja notificado pela Justi\u00e7a sobre o caso em at\u00e9 24 horas. O deputado foi","og:url":"https:\/\/ejornais.com.br\/index.php\/2025\/12\/04\/alerj-deve-decidir-sobre-prisao-de-bacellar-nos-proximos-dias\/","article:published_time":"2025-12-04T07:17:42+00:00","article:modified_time":"2025-12-04T07:17:42+00:00","twitter:card":"summary_large_image","twitter:title":"Alerj deve decidir sobre pris\u00e3o de Bacellar nos pr\u00f3ximos dias - eJornais","twitter:description":"Por MRNews A decis\u00e3o sobre a manuten\u00e7\u00e3o ou revoga\u00e7\u00e3o da pris\u00e3o do presidente da Assembleia Legislativa do Rio de Janeiro (Alerj), Rodrigo Bacellar (Uni\u00e3o Brasil), deve ser tomada pela pr\u00f3pria Casa nos pr\u00f3ximos dias. A previs\u00e3o \u00e9 que o Legislativo fluminense seja notificado pela Justi\u00e7a sobre o caso em at\u00e9 24 horas. O deputado foi"},"aioseo_meta_data":{"post_id":"56858","title":null,"description":null,"keywords":null,"keyphrases":null,"primary_term":null,"canonical_url":null,"og_title":null,"og_description":null,"og_object_type":"default","og_image_type":"default","og_image_url":null,"og_image_width":null,"og_image_height":null,"og_image_custom_url":null,"og_image_custom_fields":null,"og_video":null,"og_custom_url":null,"og_article_section":null,"og_article_tags":null,"twitter_use_og":false,"twitter_card":"default","twitter_image_type":"default","twitter_image_url":null,"twitter_image_custom_url":null,"twitter_image_custom_fields":null,"twitter_title":null,"twitter_description":null,"schema":{"blockGraphs":[],"customGraphs":[],"default":{"data":{"Article":[],"Course":[],"Dataset":[],"FAQPage":[],"Movie":[],"Person":[],"Product":[],"ProductReview":[],"Car":[],"Recipe":[],"Service":[],"SoftwareApplication":[],"WebPage":[]},"graphName":"","isEnabled":true},"graphs":[]},"schema_type":"default","schema_type_options":null,"pillar_content":false,"robots_default":true,"robots_noindex":false,"robots_noarchive":false,"robots_nosnippet":false,"robots_nofollow":false,"robots_noimageindex":false,"robots_noodp":false,"robots_notranslate":false,"robots_max_snippet":null,"robots_max_videopreview":null,"robots_max_imagepreview":"large","priority":null,"frequency":null,"local_seo":null,"breadcrumb_settings":null,"limit_modified_date":false,"ai":null,"created":"2025-12-04 07:26:56","updated":"2025-12-04 07:26:56","seo_analyzer_scan_date":null,"focus_keyword":null,"additional_keywords":null,"truseo_locale":null},"aioseo_breadcrumb":"<div class=\"aioseo-breadcrumbs\"><span class=\"aioseo-breadcrumb\">\n\t\t\t<a href=\"https:\/\/ejornais.com.br\" title=\"In\u00edcio\">In\u00edcio<\/a>\n\t\t<\/span><span class=\"aioseo-breadcrumb-separator\">&raquo;<\/span><span class=\"aioseo-breadcrumb\">\n\t\t\t<a href=\"https:\/\/ejornais.com.br\/index.php\/category\/ejornais\/\" title=\"Cat\u00e1logo de Jornais\">Cat\u00e1logo de Jornais<\/a>\n\t\t<\/span><span class=\"aioseo-breadcrumb-separator\">&raquo;<\/span><span class=\"aioseo-breadcrumb\">\n\t\t\tAlerj deve decidir sobre pris\u00e3o de Bacellar nos pr\u00f3ximos dias\n\t\t<\/span><\/div>","aioseo_breadcrumb_json":[{"label":"In\u00edcio","link":"https:\/\/ejornais.com.br"},{"label":"Cat\u00e1logo de Jornais","link":"https:\/\/ejornais.com.br\/index.php\/category\/ejornais\/"},{"label":"Alerj deve decidir sobre pris\u00e3o de Bacellar nos pr\u00f3ximos dias","link":"https:\/\/ejornais.com.br\/index.php\/2025\/12\/04\/alerj-deve-decidir-sobre-prisao-de-bacellar-nos-proximos-dias\/"}],"amp_enabled":true,"_links":{"self":[{"href":"https:\/\/ejornais.com.br\/index.php\/wp-json\/wp\/v2\/posts\/56858","targetHints":{"allow":["GET"]}}],"collection":[{"href":"https:\/\/ejornais.com.br\/index.php\/wp-json\/wp\/v2\/posts"}],"about":[{"href":"https:\/\/ejornais.com.br\/index.php\/wp-json\/wp\/v2\/types\/post"}],"author":[{"embeddable":true,"href":"https:\/\/ejornais.com.br\/index.php\/wp-json\/wp\/v2\/users\/2"}],"replies":[{"embeddable":true,"href":"https:\/\/ejornais.com.br\/index.php\/wp-json\/wp\/v2\/comments?post=56858"}],"version-history":[{"count":0,"href":"https:\/\/ejornais.com.br\/index.php\/wp-json\/wp\/v2\/posts\/56858\/revisions"}],"wp:attachment":[{"href":"https:\/\/ejornais.com.br\/index.php\/wp-json\/wp\/v2\/media?parent=56858"}],"wp:term":[{"taxonomy":"category","embeddable":true,"href":"https:\/\/ejornais.com.br\/index.php\/wp-json\/wp\/v2\/categories?post=56858"},{"taxonomy":"post_tag","embeddable":true,"href":"https:\/\/ejornais.com.br\/index.php\/wp-json\/wp\/v2\/tags?post=56858"}],"curies":[{"name":"wp","href":"https:\/\/api.w.org\/{rel}","templated":true}]}}