{"id":56872,"date":"2025-12-04T09:43:42","date_gmt":"2025-12-04T12:43:42","guid":{"rendered":"https:\/\/ejornais.com.br\/index.php\/2025\/12\/04\/campo-grande-inicia-vacinacao-contra-bronquiolite-para-gestantes-a-partir-de-28-semanas-agencia-de-noticias-do-governo-de-mato-grosso-do-sul\/"},"modified":"2025-12-04T09:43:42","modified_gmt":"2025-12-04T12:43:42","slug":"campo-grande-inicia-vacinacao-contra-bronquiolite-para-gestantes-a-partir-de-28-semanas-agencia-de-noticias-do-governo-de-mato-grosso-do-sul","status":"publish","type":"post","link":"https:\/\/ejornais.com.br\/index.php\/2025\/12\/04\/campo-grande-inicia-vacinacao-contra-bronquiolite-para-gestantes-a-partir-de-28-semanas-agencia-de-noticias-do-governo-de-mato-grosso-do-sul\/","title":{"rendered":"Campo Grande inicia vacina\u00e7\u00e3o contra bronquiolite para gestantes a partir de 28 semanas \u2013 Ag\u00eancia de Noticias do Governo de Mato Grosso do Sul"},"content":{"rendered":"<p><\/p>\n<div>\n<p style=\"text-align: center;\"><em>Primeiras doses do imunizante contra o VSR come\u00e7am a ser aplicadas na Capital ap\u00f3s distribui\u00e7\u00e3o estadual realizada pela SES<\/em><\/p>\n<p>A vacina\u00e7\u00e3o contra o VSR (V\u00edrus Sincicial Respirat\u00f3rio), principal agente causador da bronquiolite, come\u00e7ou nesta quarta-feira (5) em Campo Grande, marcando o in\u00edcio da imuniza\u00e7\u00e3o no Estado. O Minist\u00e9rio da Sa\u00fade enviou 10.755 doses para Mato Grosso do Sul, recebidas ontem pela SES (Secretaria de Estado de Sa\u00fade) e imediatamente distribu\u00eddas aos munic\u00edpios que compareceram \u00e0 Rede de Frio estadual para retirada.<\/p>\n<p>A nova vacina \u00e9 destinada a gestantes a partir da 28\u00aa semana e representa uma estrat\u00e9gia de prote\u00e7\u00e3o antecipada dos rec\u00e9m-nascidos, garantindo imunidade passiva ainda na gesta\u00e7\u00e3o. A medida pretende reduzir casos graves, interna\u00e7\u00f5es e complica\u00e7\u00f5es respirat\u00f3rias entre beb\u00eas, especialmente no per\u00edodo de maior circula\u00e7\u00e3o viral.<\/p>\n<p><span style=\"font-family: 'Arial',sans-serif;\">A secret\u00e1ria-adjunta de Estado de Sa\u00fade, Crhistinne Maymone, destacou o trabalho integrado para viabilizar a estrat\u00e9gia: \u201cCada gestante protegida significa um rec\u00e9m-nascido com mais seguran\u00e7a ao nascer. A bronquiolite tem causado grande preocupa\u00e7\u00e3o entre as fam\u00edlias e disponibilizar essa vacina pelo SUS \u00e9 uma resposta concreta para proteger vidas, acolher as m\u00e3es e assegurar um in\u00edcio de vida mais saud\u00e1vel para nossos beb\u00eas&#8221;, afirma Crhistinne.<\/span><\/p>\n<p>Segundo o coordenador estadual de Imuniza\u00e7\u00e3o, Alberth Rangel, a libera\u00e7\u00e3o das doses marca um avan\u00e7o importante na rede p\u00fablica.<br \/>\u201cAssim que recebemos as vacinas do Minist\u00e9rio da Sa\u00fade, o Estado iniciou imediatamente a distribui\u00e7\u00e3o aos munic\u00edpios. O objetivo \u00e9 garantir que as gestantes tenham acesso r\u00e1pido e seguro ao imunizante, que protege os rec\u00e9m-nascidos contra quadros respirat\u00f3rios graves causados pelo VSR\u201d.<\/p>\n<p><strong>Gestantes comemoram in\u00edcio da imuniza\u00e7\u00e3o<\/strong><\/p>\n<p>No primeiro dia, gestantes procuraram as unidades de sa\u00fade da Capital para receber a dose. Para muitas, a oferta gratuita representa al\u00edvio e oportunidade de prote\u00e7\u00e3o que antes s\u00f3 estava dispon\u00edvel na rede privada.<\/p>\n<p>A subgerente Bianca Coelho, 29 anos, gr\u00e1vida de 36 semanas, destacou a import\u00e2ncia do acesso pelo SUS: \u201cEu estava no limite para tomar a vacina e fiquei muito aliviada. \u00c9 uma prote\u00e7\u00e3o cara na rede privada, ent\u00e3o poder receber pelo SUS \u00e9 uma grande seguran\u00e7a para mim e para o meu beb\u00ea\u201d.<\/p>\n<p>A administradora Jaqueline Paix\u00e3o, 34 anos, refor\u00e7ou a necessidade de preven\u00e7\u00e3o: \u201cTivemos muitos v\u00edrus circulando neste \u00faltimo ano. Cuidar da nossa sa\u00fade e dos rec\u00e9m-nascidos \u00e9 essencial, e essa campanha vem para fortalecer essa prote\u00e7\u00e3o\u201d.<\/p>\n<p>Para a farmac\u00eautica Fernanda Pavan, 31 anos, a chegada do imunizante representa uma resposta ao aumento dos casos respirat\u00f3rios.<br \/>\u201cEstamos vendo crescer os casos de bronquiolite e doen\u00e7as respirat\u00f3rias graves no pa\u00eds. Essa vacina ajuda a evitar interna\u00e7\u00f5es e complica\u00e7\u00f5es s\u00e9rias tanto para o beb\u00ea quanto para a m\u00e3e\u201d.<\/p>\n<p>A auxiliar administrativa Vit\u00f3ria Pereira, 23 anos, lembrou o impacto da doen\u00e7a em sua fam\u00edlia: \u201cMinha irm\u00e3 quase perdeu o filho por bronquiolite, saber que agora temos essa vacina pelo SUS, de forma gratuita, \u00e9 muito importante para todas n\u00f3s\u201d.<\/p>\n<div id=\"gallery-1\" class=\"gallery galleryid-528072 gallery-columns-3 gallery-size-thumbnail\">\n<figure class=\"gallery-item\">\n<div class=\"gallery-icon landscape\"><\/div><figcaption class=\"wp-caption-text gallery-caption\" id=\"gallery-1-528078\">\n\t\t\t\tBianca Coelho<br \/>\n\t\t\t\t<\/figcaption><\/figure>\n<figure class=\"gallery-item\">\n<div class=\"gallery-icon landscape\"><\/div><figcaption class=\"wp-caption-text gallery-caption\" id=\"gallery-1-528083\">\n\t\t\t\tJaqueline Paix\u00e3o<br \/>\n\t\t\t\t<\/figcaption><\/figure>\n<figure class=\"gallery-item\">\n<div class=\"gallery-icon landscape\"><\/div><figcaption class=\"wp-caption-text gallery-caption\" id=\"gallery-1-528080\">\n\t\t\t\tFernanda Pavan<br \/>\n\t\t\t\t<\/figcaption><\/figure>\n<\/p><\/div>\n<p><strong>Rede estruturada para iniciar a campanha<\/strong><\/p>\n<p>Para garantir o in\u00edcio da vacina\u00e7\u00e3o em todo o estado, a SES capacitou as equipes de imuniza\u00e7\u00e3o dos 79 munic\u00edpios, padronizou fluxos, refor\u00e7ou o acolhimento no pr\u00e9-natal e orientou sobre o registro adequado das doses. As salas de vacina foram organizadas para priorizar gestantes a partir da 28\u00aa semana, conforme diretrizes nacionais.<\/p>\n<p>Como parte da log\u00edstica descentralizada, cada munic\u00edpio realizou a retirada das suas doses diretamente na CERF-MS (Central Estadual de Rede de Frio de Mato Grosso do Sul), garantindo agilidade na entrega e permitindo que a campanha come\u00e7asse de forma simult\u00e2nea.<\/p>\n<p><em>Andr\u00e9 Lima, Comunica\u00e7\u00e3o SES<\/em><br \/><em>fotos: Andr\u00e9 Lima<\/em><\/p>\n<\/div>\n","protected":false},"excerpt":{"rendered":"<p>Primeiras doses do imunizante contra o VSR come\u00e7am a ser aplicadas na Capital ap\u00f3s distribui\u00e7\u00e3o estadual realizada pela SES A<\/p>\n","protected":false},"author":2,"featured_media":0,"comment_status":"","ping_status":"","sticky":false,"template":"","format":"standard","meta":{"colormag_page_container_layout":"default_layout","colormag_page_sidebar_layout":"default_layout","footnotes":""},"categories":[1],"tags":[],"class_list":["post-56872","post","type-post","status-publish","format-standard","hentry","category-ejornais"],"aioseo_notices":[],"amp_enabled":true,"_links":{"self":[{"href":"https:\/\/ejornais.com.br\/index.php\/wp-json\/wp\/v2\/posts\/56872","targetHints":{"allow":["GET"]}}],"collection":[{"href":"https:\/\/ejornais.com.br\/index.php\/wp-json\/wp\/v2\/posts"}],"about":[{"href":"https:\/\/ejornais.com.br\/index.php\/wp-json\/wp\/v2\/types\/post"}],"author":[{"embeddable":true,"href":"https:\/\/ejornais.com.br\/index.php\/wp-json\/wp\/v2\/users\/2"}],"replies":[{"embeddable":true,"href":"https:\/\/ejornais.com.br\/index.php\/wp-json\/wp\/v2\/comments?post=56872"}],"version-history":[{"count":0,"href":"https:\/\/ejornais.com.br\/index.php\/wp-json\/wp\/v2\/posts\/56872\/revisions"}],"wp:attachment":[{"href":"https:\/\/ejornais.com.br\/index.php\/wp-json\/wp\/v2\/media?parent=56872"}],"wp:term":[{"taxonomy":"category","embeddable":true,"href":"https:\/\/ejornais.com.br\/index.php\/wp-json\/wp\/v2\/categories?post=56872"},{"taxonomy":"post_tag","embeddable":true,"href":"https:\/\/ejornais.com.br\/index.php\/wp-json\/wp\/v2\/tags?post=56872"}],"curies":[{"name":"wp","href":"https:\/\/api.w.org\/{rel}","templated":true}]}}