{"id":57001,"date":"2025-12-06T02:44:42","date_gmt":"2025-12-06T05:44:42","guid":{"rendered":"https:\/\/ejornais.com.br\/index.php\/2025\/12\/06\/sambodromo-e-vias-do-centro-terao-esquema-especial-de-transito-para-rio-parada-funk-prefeitura-da-cidade-do-rio-de-janeiro\/"},"modified":"2025-12-06T02:44:42","modified_gmt":"2025-12-06T05:44:42","slug":"sambodromo-e-vias-do-centro-terao-esquema-especial-de-transito-para-rio-parada-funk-prefeitura-da-cidade-do-rio-de-janeiro","status":"publish","type":"post","link":"https:\/\/ejornais.com.br\/index.php\/2025\/12\/06\/sambodromo-e-vias-do-centro-terao-esquema-especial-de-transito-para-rio-parada-funk-prefeitura-da-cidade-do-rio-de-janeiro\/","title":{"rendered":"Samb\u00f3dromo e vias do Centro ter\u00e3o esquema especial de tr\u00e2nsito para Rio Parada Funk &#8211; Prefeitura da Cidade do Rio de Janeiro"},"content":{"rendered":"<p><\/p>\n<div id=\"main\">\n<div class=\"wrapper-breadcrumbs\" wp_automatic_readability=\"80.936316695353\">\n<div class=\"image-post\" wp_automatic_readability=\"32\">\n                     Esquema inclui interdi\u00e7\u00f5es e desvios das 10h \u00e0s 23h deste domingo (07\/12). Arte: CET-Rio\n                  <\/div>\n<p>A CET-Rio vai realizar uma opera\u00e7\u00e3o especial de tr\u00e2nsito no Centro e em seus principais acessos para garantir a realiza\u00e7\u00e3o da Rio Parada Funk, marcada para domingo (07\/12), na Pra\u00e7a da Apoteose, no Samb\u00f3dromo.<\/p>\n<p>A opera\u00e7\u00e3o contar\u00e1 com agentes da CET-Rio, da Guarda Municipal e de apoiadores de tr\u00e1fego, que atuar\u00e3o na manuten\u00e7\u00e3o da fluidez vi\u00e1ria, ordenamento dos cruzamentos, orienta\u00e7\u00e3o aos pedestres e na execu\u00e7\u00e3o dos bloqueios necess\u00e1rios durante todo o evento.<\/p>\n<p>T\u00e9cnicos da CET-Rio, no Centro de Opera\u00e7\u00f5es e Resili\u00eancia (COR-Rio), ir\u00e3o monitorar toda a movimenta\u00e7\u00e3o do tr\u00e2nsito por meio das c\u00e2meras para que, se necess\u00e1rio, sejam feitos ajustes na programa\u00e7\u00e3o semaf\u00f3rica com o objetivo de garantir as boas condi\u00e7\u00f5es vi\u00e1rias.<\/p>\n<p><strong>Interdi\u00e7\u00f5es<\/strong><\/p>\n<p>As interdi\u00e7\u00f5es ocorrer\u00e3o das 10h \u00e0s 23h, nas seguintes vias:<\/p>\n<p>\u2013 Avenida Salvador de S\u00e1, entre a Rua Frei Caneca (sob o Viaduto Trinta e Um de Mar\u00e7o) e a Travessa Pedregais;<\/p>\n<p>\u2013 Acesso do Viaduto Trinta e Um de Mar\u00e7o para a Avenida Salvador de S\u00e1;<\/p>\n<p>\u2013 Avenida Marqu\u00eas de Sapuca\u00ed, entre a Rua Benedito Hip\u00f3lito e a Rua Frei Caneca;<\/p>\n<p>\u2013 Rua Benedito Hip\u00f3lito, entre a Rua Carmo Neto e o Viaduto Trinta e Um de Mar\u00e7o;<\/p>\n<p>\u2013 Rua Frei Caneca, entre a Pra\u00e7a Jornalista Jos\u00e9 Eduardo de Macedo Soares e a Rua Paula Matos;<\/p>\n<p>\u2013 Rua Haroldo de Andrade, em toda sua extens\u00e3o.<\/p>\n<p><strong>Proibi\u00e7\u00e3o de estacionamento<\/strong><\/p>\n<p>S\u00e1bado, 06\/12. Das 21h de s\u00e1bado, 06\/12, as 23h de domingo (07\/12), nas seguintes vias:<\/p>\n<p>\u2013 Rua Amoroso Lima, entre a Rua Afonso Cavalcanti e a Avenida Presidente Vargas;<\/p>\n<p>\u2013 Rua Carmo Neto, em toda sua extens\u00e3o;<\/p>\n<p>\u2013 Rua Heitor Carrilho, em toda sua extens\u00e3o;<\/p>\n<p>\u2013 Avenida Marqu\u00eas de Sapuca\u00ed, entre a Avenida Presidente Vargas e a Rua Frei Caneca;<\/p>\n<p>\u2013 Rua Frei Caneca, entre a Rua Heitor Carrilho e o T\u00fanel Martim de S\u00e1;<\/p>\n<p>\u2013 Rua Benedito Hip\u00f3lito, entre a Rua Carmo Neto e a al\u00e7a de descida do Viaduto Trinta e Um de Mar\u00e7o;<\/p>\n<p>\u2013 Rua Comandante Maurity, em toda sua extens\u00e3o;<\/p>\n<p>\u2013 Rua J\u00falio do Carmo, entre a Avenida Marqu\u00eas de Sapuca\u00ed e a Rua Carmo Neto.<\/p>\n<p><strong>Invers\u00e3o do sentido de via<\/strong><\/p>\n<p>A Rua Amoroso Lima ter\u00e1 sentido invertido entre 10h e 23h deste domingo (07\/12), passando a operar no sentido da Rua Afonso Cavalcanti para a Avenida Presidente Vargas.<\/p>\n<p><strong>Recomenda\u00e7\u00f5es<\/strong><\/p>\n<p>\u2013 Aten\u00e7\u00e3o \u00e0s orienta\u00e7\u00f5es dos agentes de tr\u00e2nsito e a sinaliza\u00e7\u00e3o implantada na \u00e1rea.<br \/>\u2013 Realizar a travessias das vias em locais sinalizados, como as faixas de pedestres.<br \/>\u2013 Evitar circular de carro nas proximidades do Samb\u00f3dromo e priorizar o uso do transporte p\u00fablico.<br \/>\u2013 Planejar os deslocamentos com anteced\u00eancia, especialmente durante o per\u00edodo de interdi\u00e7\u00f5es.<\/p>\n<p>             <!-- Compartilhe ---><\/p>\n<p>\t\t\t <!-- TAGS --><\/p>\n<section class=\"category-tags\">\n<div class=\"marcacao-category\">\n<article class=\"category-post\">\n<p>Categoria: <\/p>\n<\/article>\n<li>5 de dezembro de 2025<\/li><\/div>\n<article class=\"tags\">\n\t\t\t\t\tMarca\u00e7\u00f5es: estacionamento interdi\u00e7\u00f5es Pra\u00e7a da Apoteose Rio Parada Funk Samb\u00f3dromo tr\u00e1fego tr\u00e2nsito ve\u00edculos<br \/><\/article>\n<\/section>\n<p>            <!-- Mais Not&iacute;cias --><\/p>\n<p>\t\t<!-- Conte&uacute;do SIDEBAR --><\/p><\/div>\n<\/p><\/div>\n","protected":false},"excerpt":{"rendered":"<p>Esquema inclui interdi\u00e7\u00f5es e desvios das 10h \u00e0s 23h deste domingo (07\/12). Arte: CET-Rio A CET-Rio vai realizar uma opera\u00e7\u00e3o<\/p>\n","protected":false},"author":2,"featured_media":0,"comment_status":"","ping_status":"","sticky":false,"template":"","format":"standard","meta":{"colormag_page_container_layout":"default_layout","colormag_page_sidebar_layout":"default_layout","footnotes":""},"categories":[1],"tags":[],"class_list":["post-57001","post","type-post","status-publish","format-standard","hentry","category-ejornais"],"aioseo_notices":[],"amp_enabled":true,"_links":{"self":[{"href":"https:\/\/ejornais.com.br\/index.php\/wp-json\/wp\/v2\/posts\/57001","targetHints":{"allow":["GET"]}}],"collection":[{"href":"https:\/\/ejornais.com.br\/index.php\/wp-json\/wp\/v2\/posts"}],"about":[{"href":"https:\/\/ejornais.com.br\/index.php\/wp-json\/wp\/v2\/types\/post"}],"author":[{"embeddable":true,"href":"https:\/\/ejornais.com.br\/index.php\/wp-json\/wp\/v2\/users\/2"}],"replies":[{"embeddable":true,"href":"https:\/\/ejornais.com.br\/index.php\/wp-json\/wp\/v2\/comments?post=57001"}],"version-history":[{"count":0,"href":"https:\/\/ejornais.com.br\/index.php\/wp-json\/wp\/v2\/posts\/57001\/revisions"}],"wp:attachment":[{"href":"https:\/\/ejornais.com.br\/index.php\/wp-json\/wp\/v2\/media?parent=57001"}],"wp:term":[{"taxonomy":"category","embeddable":true,"href":"https:\/\/ejornais.com.br\/index.php\/wp-json\/wp\/v2\/categories?post=57001"},{"taxonomy":"post_tag","embeddable":true,"href":"https:\/\/ejornais.com.br\/index.php\/wp-json\/wp\/v2\/tags?post=57001"}],"curies":[{"name":"wp","href":"https:\/\/api.w.org\/{rel}","templated":true}]}}