{"id":57017,"date":"2025-12-06T10:20:42","date_gmt":"2025-12-06T13:20:42","guid":{"rendered":"https:\/\/ejornais.com.br\/index.php\/2025\/12\/06\/pesquisador-da-uerj-defende-monitoramento-da-trajetoria-de-ex-cotistas\/"},"modified":"2025-12-06T10:20:42","modified_gmt":"2025-12-06T13:20:42","slug":"pesquisador-da-uerj-defende-monitoramento-da-trajetoria-de-ex-cotistas","status":"publish","type":"post","link":"https:\/\/ejornais.com.br\/index.php\/2025\/12\/06\/pesquisador-da-uerj-defende-monitoramento-da-trajetoria-de-ex-cotistas\/","title":{"rendered":"Pesquisador da Uerj defende monitoramento da\u00a0trajet\u00f3ria de ex-cotistas"},"content":{"rendered":"<p> Por MRNews<br \/>\n<\/p>\n<div wp_automatic_readability=\"97.208053691275\">\n<p><strong>A cria\u00e7\u00e3o de grupos de trabalho para acompanhar os egressos da\u00a0pol\u00edtica\u00a0de a\u00e7\u00e3o afirmativa na Universidade Estadual do Rio de Janeiro (Uerj) \u00e9 um passo fundamental para avaliar a medida, afirmou o soci\u00f3logo Luiz Augusto Campos<\/strong>. Um dos principais pesquisadores do campo, ele \u00e9 um dos organizadores do livro<em> Impacto das Cotas: Duas D\u00e9cadas de A\u00e7\u00e3o Afirmativa no Ensino Superior Brasileiro<\/em>, que faz um balan\u00e7o detalhado da pol\u00edtica e aponta desafios, como a perman\u00eancia dos estudantes nas institui\u00e7\u00f5es.<\/p>\n<p>\u201cA Lei de Cotas n\u00e3o \u00e9 uma pol\u00edtica fim\u201d, disse Campos. \u201cNingu\u00e9m sonha com uma utopia no mundo em que cada pessoa tenha a sua cota. Ela \u00e9 uma pol\u00edtica meio para diminuir desigualdades no mercado [de trabalho]\u201d, explicou o professor de sociologia e ci\u00eancia pol\u00edtica no Instituto de Estudos Sociais e Pol\u00edticos (Iesp-Uerj).<\/p>\n<p><strong>Na avalia\u00e7\u00e3o dele, se as cotas n\u00e3o tiverem impactos fora da universidade, significa que, como pol\u00edtica p\u00fablica, fracassaram<\/strong>. \u201cE a gente s\u00f3 sabe esses impactos fora da universidade a partir das trajet\u00f3rias dos egressos\u201d, explicou. Ele classifica a a\u00e7\u00e3o da Uerj,\u00a0de montar grupos com ex-egressos, a ponta mais importante na an\u00e1lise da pol\u00edtica.<\/p>\n<p><strong><a href=\"https:\/\/mrnews.com.br\/index.php\/2025\/12\/06\/mais-de-42-mil-fazem-provas-discursivas-do-cnu-2025-neste-domingo\/\">Mais de 42 mil fazem provas discursivas do CNU 2025 neste domingo<\/a><\/strong><\/p>\n<p><strong><a href=\"https:\/\/mrnews.com.br\/index.php\/2025\/12\/06\/fatima-bernardes-fecha-contrato-com-o-sbt-e-surpreende-ao-enfrentar-desafio-inedito\/\">F\u00e1tima Bernardes fecha contrato com o SBT e surpreende ao enfrentar desafio in\u00e9dito<\/a><\/strong><\/p>\n<p>Ap\u00f3s 20 anos da ado\u00e7\u00e3o da medida pela universidade, de forma pioneira no pa\u00eds, em 2003, <strong>Campos faz coro \u00e0\u00a0necessidade de atualiza\u00e7\u00e3o da lei estadual para ingresso na p\u00f3s-gradua\u00e7\u00e3o. <\/strong>A Uerj, ao contr\u00e1rio de outras universidades federais com cotas raciais, conjuga, al\u00e9m da autodeclara\u00e7\u00e3o racial como preto ou pardo, o crit\u00e9rio socioecon\u00f4mico para o ingresso, limitando a entrada aos candidatos com at\u00e9 R$ 2.277 de renda bruta por pessoa na fam\u00edlia. <strong>O valor \u00e9 considerado baixo, sobretudo, para as cotas sociais e raciais na p\u00f3s-gradua\u00e7\u00e3o.<\/strong><\/p>\n<blockquote wp_automatic_readability=\"14\">\n<p>\u201cUm estudante classificado como carente, de fato, n\u00e3o chega ao mestrado, quanto mais ao doutorado. E, se ele ganha uma bolsa, ele deixa de ser carente. Ent\u00e3o, realmente as cotas na p\u00f3s-gradua\u00e7\u00e3o da Uerj\u00a0n\u00e3o funcionaram\u201d, analisou Campos.<\/p>\n<\/blockquote>\n<p>Os cotistas egressos dos cursos de gradua\u00e7\u00e3o reunidos na universidade, no fim de novembro, m\u00eas da Consci\u00eancia Negra, para discutir suas trajet\u00f3rias, defenderam que o corte socioecon\u00f4mico seja revisto, de modo que seja poss\u00edvel ampliar o n\u00famero de pessoas pretas e pardas com acesso a esse n\u00edvel mais alto de ensino.<\/p>\n<p>De acordo com \u00a0levantamento do Centro de Gest\u00e3o e Estudos Estrat\u00e9gicos (CGEE), uma associa\u00e7\u00e3o civil sem fins lucrativos, \u00a0supervisionada pelo Minist\u00e9rio da Ci\u00eancia, Tecnologia e Inova\u00e7\u00e3o (MCTI),<strong> pessoas pretas s\u00e3o apenas 4,1% dos mestres e 3,4% dos doutores, enquanto pardos somam 16,7% e 14,9%, respectivamente. Os ind\u00edgenas correspondem a apenas 0,23% das titula\u00e7\u00f5es de mestrado e 0,3% das de doutorado no pa\u00eds. <\/strong>Entre os anos de 1996 a 2021, 49,5% dos t\u00edtulos de mestrado e 57,8% dos\u00a0de doutorado foram obtidos por pessoas brancas.<\/p>\n<p><strong><a href=\"https:\/\/mrnews.com.br\/index.php\/2025\/12\/06\/bolsa-cai-431-em-dia-tenso-e-reverte-inicio-positivo-de-mes\/\">Bolsa cai 4,31% em dia tenso e reverte in\u00edcio positivo de m\u00eas<\/a><\/strong><\/p>\n<p><strong><a href=\"https:\/\/mrnews.com.br\/index.php\/2025\/12\/05\/stf-retoma-julgamento-sobre-beneficio-a-vitimas-de-violencia-domestica\/\">STF retoma julgamento sobre benef\u00edcio a v\u00edtimas de viol\u00eancia dom\u00e9stica<\/a><\/strong><\/p>\n<p>A Lei 8.121, de 2018, que estabeleceu a\u00a0programa\u00e7\u00e3o de a\u00e7\u00f5es afirmativas na Uerj e o corte socioecon\u00f4mico, s\u00f3 ser\u00e1 revista em 2028. At\u00e9 l\u00e1, Campos defende que as universidades sejam usadas nos editais de ingresso e, com base na autonomia universit\u00e1ria, revejam as restri\u00e7\u00f5es. \u201cPoucas coisas hoje s\u00e3o t\u00e3o judicializadas como entrada em cursos de mestrado e doutorado, a universidade corre riscos, o ideal seria uma lei mais leniente com os limites socioecon\u00f4micos\u201d, avaliou.<\/p>\n<\/div>\n","protected":false},"excerpt":{"rendered":"<p>Por MRNews A cria\u00e7\u00e3o de grupos de trabalho para acompanhar os egressos da\u00a0pol\u00edtica\u00a0de a\u00e7\u00e3o afirmativa na Universidade Estadual do Rio<\/p>\n","protected":false},"author":2,"featured_media":0,"comment_status":"","ping_status":"","sticky":false,"template":"","format":"standard","meta":{"colormag_page_container_layout":"default_layout","colormag_page_sidebar_layout":"default_layout","footnotes":""},"categories":[1],"tags":[],"class_list":["post-57017","post","type-post","status-publish","format-standard","hentry","category-ejornais"],"aioseo_notices":[],"amp_enabled":true,"_links":{"self":[{"href":"https:\/\/ejornais.com.br\/index.php\/wp-json\/wp\/v2\/posts\/57017","targetHints":{"allow":["GET"]}}],"collection":[{"href":"https:\/\/ejornais.com.br\/index.php\/wp-json\/wp\/v2\/posts"}],"about":[{"href":"https:\/\/ejornais.com.br\/index.php\/wp-json\/wp\/v2\/types\/post"}],"author":[{"embeddable":true,"href":"https:\/\/ejornais.com.br\/index.php\/wp-json\/wp\/v2\/users\/2"}],"replies":[{"embeddable":true,"href":"https:\/\/ejornais.com.br\/index.php\/wp-json\/wp\/v2\/comments?post=57017"}],"version-history":[{"count":0,"href":"https:\/\/ejornais.com.br\/index.php\/wp-json\/wp\/v2\/posts\/57017\/revisions"}],"wp:attachment":[{"href":"https:\/\/ejornais.com.br\/index.php\/wp-json\/wp\/v2\/media?parent=57017"}],"wp:term":[{"taxonomy":"category","embeddable":true,"href":"https:\/\/ejornais.com.br\/index.php\/wp-json\/wp\/v2\/categories?post=57017"},{"taxonomy":"post_tag","embeddable":true,"href":"https:\/\/ejornais.com.br\/index.php\/wp-json\/wp\/v2\/tags?post=57017"}],"curies":[{"name":"wp","href":"https:\/\/api.w.org\/{rel}","templated":true}]}}