{"id":57049,"date":"2025-12-07T02:32:50","date_gmt":"2025-12-07T05:32:50","guid":{"rendered":"https:\/\/ejornais.com.br\/index.php\/2025\/12\/07\/soldado-confessa-morte-de-militar-e-incendio-de-quartel-em-brasilia\/"},"modified":"2025-12-07T02:32:50","modified_gmt":"2025-12-07T05:32:50","slug":"soldado-confessa-morte-de-militar-e-incendio-de-quartel-em-brasilia","status":"publish","type":"post","link":"https:\/\/ejornais.com.br\/index.php\/2025\/12\/07\/soldado-confessa-morte-de-militar-e-incendio-de-quartel-em-brasilia\/","title":{"rendered":"Soldado confessa morte de militar e inc\u00eandio de quartel em Bras\u00edlia"},"content":{"rendered":"<p> Por MRNews<br \/>\n<\/p>\n<div wp_automatic_readability=\"109.47857142857\">\n<p><strong>A morte da cabo do Ex\u00e9rcito Maria de Lourdes Freire Matos, 25 anos, na sexta-feira (5) \u00e0 tarde, est\u00e1 sendo investigado como feminic\u00eddio, informou neste s\u00e1bado (6) a Pol\u00edcia Civil do Distrito Federal (PCDF). <\/strong><\/p>\n<p><strong>Segundo a 2\u00aa Delegacia Policial (DP), da Asa Norte, o soldado Kelvin Barros da Silva, 21 anos, confessou a autoria do crime e est\u00e1 preso no Batalh\u00e3o da Pol\u00edcia do Ex\u00e9rcito, em Bras\u00edlia<\/strong>.<\/p>\n<p>Em v\u00eddeo divulgado pela PCDF, o delegado Paulo Noritika, chefe da 2\u00aa DP, explicou que o soldado contou que o <strong>assassinato ocorreu depois de uma discuss\u00e3o com a v\u00edtima<\/strong>. Nas palavras do autor confesso do crime, Maria de Lourdes teria exigido que o soldado terminasse o relacionamento com a namorada e a assumisse. A fam\u00edlia da v\u00edtima, no entanto, nega que os dois tivessem uma rela\u00e7\u00e3o.<\/p>\n<p><strong><a href=\"https:\/\/mrnews.com.br\/index.php\/2025\/12\/06\/exposicao-em-brasilia-celebra-50-anos-do-dicionario-aurelio\/\">Exposi\u00e7\u00e3o em Bras\u00edlia celebra 50 anos do Dicion\u00e1rio Aur\u00e9lio<\/a><\/strong><\/p>\n<p><strong><a href=\"https:\/\/mrnews.com.br\/index.php\/2025\/12\/06\/violencia-e-censura-afetam-nove-em-cada-dez-professores-brasileiros\/\">Viol\u00eancia e censura afetam nove em cada dez professores brasileiros<\/a><\/strong><\/p>\n<p><strong>Segundo o delegado, o soldado n\u00e3o tinha antecedentes criminais<\/strong>.<\/p>\n<blockquote wp_automatic_readability=\"11\">\n<p>\u201cO autor est\u00e1 sob cust\u00f3dia no Servi\u00e7o de Guarda do Ex\u00e9rcito e responder\u00e1 por feminic\u00eddio, furto de arma, inc\u00eandio e fraude processual, podendo ser condenado a 54 anos de pris\u00e3o\u201d, acrescentou Noritika.<\/p>\n<\/blockquote>\n<p>O corpo da militar foi encontrado na sexta (6), pouco depois das 16h, carbonizado e com um corte no pesco\u00e7o pelo Corpo de Bombeiros Militar do Distrito Federal (CBMDF), que apagou um inc\u00eandio no 1\u00ba Regimento de Cavalaria de Guardas (RGC), no Setor Militar Urbano. <strong>Em nota, os bombeiros confirmaram que encontraram grande quantidade de combust\u00edvel ap\u00f3s extinguirem as chamas.<\/strong><\/p>\n<p>\u201cNo local, havia grande quantidade de material combust\u00edvel. As edifica\u00e7\u00f5es vizinhas foram resfriadas, evitando que o fogo se propagasse. O inc\u00eandio foi rapidamente controlado e, durante a fase de resfriamento dos materiais queimados, os socorristas encontraram um corpo carbonizado, do sexo feminino, ainda n\u00e3o identificado\u201d, informou o CBMDF.<\/p>\n<p><strong><a href=\"https:\/\/mrnews.com.br\/index.php\/2025\/12\/06\/operacao-codajas-completa-30-anos\/\">Opera\u00e7\u00e3o Codaj\u00e1s completa 30 anos<\/a><\/strong><\/p>\n<p><strong><a href=\"https:\/\/mrnews.com.br\/index.php\/2025\/12\/06\/padilha-doa-sangue-e-marca-inicio-da-vacinacao-contra-virus-sincicial\/\">Padilha doa sangue e marca in\u00edcio da vacina\u00e7\u00e3o contra v\u00edrus sincicial<\/a><\/strong><\/p>\n<h2>Pesar<\/h2>\n<p><strong>Maria de Lourdes Freire Matos era saxofonista da banda do regimento<\/strong>. Em manifesta\u00e7\u00e3o nas redes sociais, o 1\u00ba RCG manifestou pesar pelo assassinato.<\/p>\n<blockquote wp_automatic_readability=\"13\">\n<p>\u201cO 1\u00ba Regimento de Cavalaria de Guardas manifesta profundo pesar pelo falecimento da cabo Maria de Lourdes Freire Matos, cuja trajet\u00f3ria na institui\u00e7\u00e3o foi marcada por dedica\u00e7\u00e3o, profissionalismo e um compromisso exemplar com o servi\u00e7o prestado na fanfarra. Neste momento de dor, expressamos nossas mais sinceras condol\u00eancias aos familiares, amigos e irm\u00e3os de farda\u201d, destacou o comunicado.<\/p>\n<\/blockquote>\n<h2>Exclus\u00e3o do Ex\u00e9rcito<\/h2>\n<p><strong>O Ex\u00e9rcito informou que o soldado foi preso em flagrante imediatamente ap\u00f3s a confiss\u00e3o. Segundo o Centro de Comunica\u00e7\u00e3o Social do Ex\u00e9rcito, foi instaurado um Inqu\u00e9rito Policial Militar (IPM). O criminoso confesso dever\u00e1 ser exclu\u00eddo da For\u00e7a Militar.<\/strong><\/p>\n<p>A corpora\u00e7\u00e3o informou estar prestando assist\u00eancia \u00e0 fam\u00edlia. \u201cO Ex\u00e9rcito Brasileiro presta total apoio \u00e0 fam\u00edlia e lamenta profundamente a perda da cabo Maria de Lourdes de Freire Matos e reitera a sua posi\u00e7\u00e3o de n\u00e3o coadunar com atos criminosos e punir com rigor os respons\u00e1veis\u201d, destacou.<\/p>\n<h2>Onda de feminic\u00eddios<\/h2>\n<p><strong>O caso soma-se a uma onda de feminic\u00eddios recentes que abalaram o pa\u00eds. No \u00faltimo dia 28, duas funcion\u00e1rias de um Centro Federal de Educa\u00e7\u00e3o Tecnol\u00f3gica (Cefet) no Rio de Janeiro foram mortas a tiros por um funcion\u00e1rio da mesma institui\u00e7\u00e3o de ensino, que se matou em seguida<\/strong>.<\/p>\n<p>Na capital paulista, uma mulher de 31 anos teve as pernas severamente mutiladas ap\u00f3s ser atropelada e arrastada, por cerca de um quil\u00f4metro no \u00faltimo s\u00e1bado (29), enquanto ainda estava presa embaixo do ve\u00edculo. <strong>Tamb\u00e9m em S\u00e3o Paulo, um homem atirou com duas armas, contra sua ex-companheira na pastelaria em que ela trabalhava na \u00faltima segunda-feira (1\u00ba)<\/strong>.<\/p>\n<p>No Recife, um homem de 39 anos foi preso em flagrante tamb\u00e9m no s\u00e1bado, suspeito de provocar um inc\u00eandio que matou sua esposa, gr\u00e1vida, e os quatro filhos do casal.<\/p>\n<p><strong>O presidente Luiz In\u00e1cio Lula da Silva comentou a onda de feminic\u00eddios nesta semana. Em discurso em Pernambuco na \u00faltima ter\u00e7a-feira (2), ele pediu o engajamento dos homens para mudar a cultura da viol\u00eancia de g\u00eanero que predomina na sociedade.<\/strong><\/p>\n<\/div>\n","protected":false},"excerpt":{"rendered":"<p>Por MRNews A morte da cabo do Ex\u00e9rcito Maria de Lourdes Freire Matos, 25 anos, na sexta-feira (5) \u00e0 tarde,<\/p>\n","protected":false},"author":2,"featured_media":0,"comment_status":"","ping_status":"","sticky":false,"template":"","format":"standard","meta":{"colormag_page_container_layout":"default_layout","colormag_page_sidebar_layout":"default_layout","footnotes":""},"categories":[1],"tags":[],"class_list":["post-57049","post","type-post","status-publish","format-standard","hentry","category-ejornais"],"aioseo_notices":[],"amp_enabled":true,"_links":{"self":[{"href":"https:\/\/ejornais.com.br\/index.php\/wp-json\/wp\/v2\/posts\/57049","targetHints":{"allow":["GET"]}}],"collection":[{"href":"https:\/\/ejornais.com.br\/index.php\/wp-json\/wp\/v2\/posts"}],"about":[{"href":"https:\/\/ejornais.com.br\/index.php\/wp-json\/wp\/v2\/types\/post"}],"author":[{"embeddable":true,"href":"https:\/\/ejornais.com.br\/index.php\/wp-json\/wp\/v2\/users\/2"}],"replies":[{"embeddable":true,"href":"https:\/\/ejornais.com.br\/index.php\/wp-json\/wp\/v2\/comments?post=57049"}],"version-history":[{"count":0,"href":"https:\/\/ejornais.com.br\/index.php\/wp-json\/wp\/v2\/posts\/57049\/revisions"}],"wp:attachment":[{"href":"https:\/\/ejornais.com.br\/index.php\/wp-json\/wp\/v2\/media?parent=57049"}],"wp:term":[{"taxonomy":"category","embeddable":true,"href":"https:\/\/ejornais.com.br\/index.php\/wp-json\/wp\/v2\/categories?post=57049"},{"taxonomy":"post_tag","embeddable":true,"href":"https:\/\/ejornais.com.br\/index.php\/wp-json\/wp\/v2\/tags?post=57049"}],"curies":[{"name":"wp","href":"https:\/\/api.w.org\/{rel}","templated":true}]}}