{"id":57096,"date":"2025-12-08T05:09:44","date_gmt":"2025-12-08T08:09:44","guid":{"rendered":"https:\/\/ejornais.com.br\/index.php\/2025\/12\/08\/sintea-realiza-virada-inclusiva-com-1a-edicao-do-show-de-talentos-neste-sabado-6-agencia-de-noticias\/"},"modified":"2025-12-08T05:09:44","modified_gmt":"2025-12-08T08:09:44","slug":"sintea-realiza-virada-inclusiva-com-1a-edicao-do-show-de-talentos-neste-sabado-6-agencia-de-noticias","status":"publish","type":"post","link":"https:\/\/ejornais.com.br\/index.php\/2025\/12\/08\/sintea-realiza-virada-inclusiva-com-1a-edicao-do-show-de-talentos-neste-sabado-6-agencia-de-noticias\/","title":{"rendered":"Sintea realiza Virada Inclusiva com 1\u00aa edi\u00e7\u00e3o do Show de Talentos neste s\u00e1bado (6) \u2013 Ag\u00eancia de Not\u00edcias"},"content":{"rendered":"<p><\/p>\n<div wp_automatic_readability=\"31\">\n<div class=\"col\" wp_automatic_readability=\"7\">\n<p class=\"mt-0\">\n                        <strong><br \/>\n                            <span class=\"far fa-calendar mr-1 mt-2\"\/><br \/>\n                            7 de dezembro de 2025<br \/>\n                            <span class=\"far fa-clock ml-3 mt-2\"\/><br \/>\n                            11:18<br \/>\n                        <\/strong>\n                    <\/p>\n<p class=\"mb-0\">Por: <strong>Secom<\/strong><\/p>\n<\/p><\/div>\n<\/p><\/div>\n<div wp_automatic_readability=\"75\">\n<p>A manh\u00e3 deste s\u00e1bado (6) foi de alegria e integra\u00e7\u00e3o para os mun\u00edcipes que passavam pela Pra\u00e7a Coronel Fernando Prestes, no Centro da cidade. Isso porque, a Secretaria da Inclus\u00e3o e Transtorno do Espectro Autista (Sintea) realizou o evento Virada Cultural com a 1\u00aa edi\u00e7\u00e3o do Show de Talentos em celebra\u00e7\u00e3o aos 10 anos da Lei Brasileira de Inclus\u00e3o (LBI).<\/p>\n<p>Promovida em parceria com a Secretaria de Estado dos Direitos da Pessoa com Defici\u00eancia, a programa\u00e7\u00e3o contou com apresenta\u00e7\u00f5es dos PCDs em um espa\u00e7o acolhedor que proporcionou a cada um a oportunidade de mostrar sua arte em diferentes express\u00f5es, como a dan\u00e7a e a m\u00fasica.<\/p>\n<p>O coordenador de Aten\u00e7\u00e3o \u00e0 pessoa com defici\u00eancia, Jesiel Pontes de Oliveira, participou da Virada Cultural e ressaltou a import\u00e2ncia de dar visibilidade \u00e0 LBI. \u201cPela primeira vez vamos presenciar artistas com defici\u00eancia comemorando 10 anos de uma lei important\u00edssima. Esse movimento, promovido pelo Sintea, nos auxilia na oferta de suporte ao p\u00fablico PCD e sua integra\u00e7\u00e3o na sociedade\u201d, disse.<\/p>\n<p>Esta edi\u00e7\u00e3o do Show de Talentos contou com apresenta\u00e7\u00f5es de fantoche, rap, dan\u00e7a e m\u00fasica sertaneja. Entre os participantes estava Mc Par\u00e7a, que \u00e9 cadeirante e cantou raps supera\u00e7\u00e3o, aproveitando o momento para deixar uma mensagem de reflex\u00e3o ao p\u00fablico. \u201cHoje n\u00f3s estamos aqui para nos divertir e \u00e9 uma honra participar deste dia de celebra\u00e7\u00e3o. Supera\u00e7\u00e3o \u00e9 uma jornada coletiva, todos temos o que aprender e ensinar. Com a arte descobrimos nosso verdadeiro potencial e como sociedade estamos aprendendo que a inclus\u00e3o n\u00e3o \u00e9 s\u00f3 sobre dar oportunidades mas, tamb\u00e9m respeitar\u201d, destacou.<\/p>\n<p>O grupo Felicidade Down, projeto social de Sorocaba focado no desenvolvimento da autonomia de pessoas com S\u00edndrome de Down, esteve presente para uma apresenta\u00e7\u00e3o de dan\u00e7a com a tem\u00e1tica cabar\u00e9. Tom\u00e1s Andr\u00e9 Santos, fundador e dirigente do grupo acompanhou o evento e enalteceu o trabalho desenvolvido com os participantes. \u201cTrabalhamos pela inclus\u00e3o dos Down tanto em ambientes de trabalho quanto no meio social. N\u00f3s os incentivamos a viverem a vida da maneira mais plena poss\u00edvel, amadurecendo e aproveitando oportunidades\u201d, ressaltou.<\/p>\n<p><!-- Root element of PhotoSwipe. Must have class pswp. --><\/p><\/div>\n","protected":false},"excerpt":{"rendered":"<p>7 de dezembro de 2025 11:18 Por: Secom A manh\u00e3 deste s\u00e1bado (6) foi de alegria e integra\u00e7\u00e3o para os<\/p>\n","protected":false},"author":2,"featured_media":0,"comment_status":"","ping_status":"","sticky":false,"template":"","format":"standard","meta":{"colormag_page_container_layout":"default_layout","colormag_page_sidebar_layout":"default_layout","footnotes":""},"categories":[1],"tags":[],"class_list":["post-57096","post","type-post","status-publish","format-standard","hentry","category-ejornais"],"aioseo_notices":[],"aioseo_head":"\n\t\t<!-- All in One SEO 5.0.1.1 - aioseo.com -->\n\t<meta name=\"description\" content=\"7 de dezembro de 2025 11:18 Por: Secom A manh\u00e3 deste s\u00e1bado (6) foi de alegria e integra\u00e7\u00e3o para os mun\u00edcipes que passavam pela Pra\u00e7a Coronel Fernando Prestes, no Centro da cidade. Isso porque, a Secretaria da Inclus\u00e3o e Transtorno do Espectro Autista (Sintea) realizou o evento Virada Cultural com a 1\u00aa edi\u00e7\u00e3o do Show\" \/>\n\t<meta name=\"robots\" content=\"max-image-preview:large\" \/>\n\t<meta name=\"author\" content=\"admin1\"\/>\n\t<link rel=\"canonical\" href=\"https:\/\/ejornais.com.br\/index.php\/2025\/12\/08\/sintea-realiza-virada-inclusiva-com-1a-edicao-do-show-de-talentos-neste-sabado-6-agencia-de-noticias\/\" \/>\n\t<meta name=\"generator\" content=\"All in One SEO (AIOSEO) 5.0.1.1\" \/>\n\t\t<meta property=\"og:locale\" content=\"pt_BR\" \/>\n\t\t<meta property=\"og:site_name\" content=\"eJornais - Cat\u00e1logo de Jornais no mundo, Not\u00edcias, Blog e Esportes ao vivo\" \/>\n\t\t<meta property=\"og:type\" content=\"article\" \/>\n\t\t<meta property=\"og:title\" content=\"Sintea realiza Virada Inclusiva com 1\u00aa edi\u00e7\u00e3o do Show de Talentos neste s\u00e1bado (6) \u2013 Ag\u00eancia de Not\u00edcias - eJornais\" \/>\n\t\t<meta property=\"og:description\" content=\"7 de dezembro de 2025 11:18 Por: Secom A manh\u00e3 deste s\u00e1bado (6) foi de alegria e integra\u00e7\u00e3o para os mun\u00edcipes que passavam pela Pra\u00e7a Coronel Fernando Prestes, no Centro da cidade. Isso porque, a Secretaria da Inclus\u00e3o e Transtorno do Espectro Autista (Sintea) realizou o evento Virada Cultural com a 1\u00aa edi\u00e7\u00e3o do Show\" \/>\n\t\t<meta property=\"og:url\" content=\"https:\/\/ejornais.com.br\/index.php\/2025\/12\/08\/sintea-realiza-virada-inclusiva-com-1a-edicao-do-show-de-talentos-neste-sabado-6-agencia-de-noticias\/\" \/>\n\t\t<meta property=\"article:published_time\" content=\"2025-12-08T08:09:44+00:00\" \/>\n\t\t<meta property=\"article:modified_time\" content=\"2025-12-08T08:09:44+00:00\" \/>\n\t\t<meta name=\"twitter:card\" content=\"summary_large_image\" \/>\n\t\t<meta name=\"twitter:title\" content=\"Sintea realiza Virada Inclusiva com 1\u00aa edi\u00e7\u00e3o do Show de Talentos neste s\u00e1bado (6) \u2013 Ag\u00eancia de Not\u00edcias - eJornais\" \/>\n\t\t<meta name=\"twitter:description\" content=\"7 de dezembro de 2025 11:18 Por: Secom A manh\u00e3 deste s\u00e1bado (6) foi de alegria e integra\u00e7\u00e3o para os mun\u00edcipes que passavam pela Pra\u00e7a Coronel Fernando Prestes, no Centro da cidade. Isso porque, a Secretaria da Inclus\u00e3o e Transtorno do Espectro Autista (Sintea) realizou o evento Virada Cultural com a 1\u00aa edi\u00e7\u00e3o do Show\" \/>\n\t\t<script type=\"application\/ld+json\" class=\"aioseo-schema\">\n\t\t\t{\"@context\":\"https:\\\/\\\/schema.org\",\"@graph\":[{\"@type\":\"BlogPosting\",\"@id\":\"https:\\\/\\\/ejornais.com.br\\\/index.php\\\/2025\\\/12\\\/08\\\/sintea-realiza-virada-inclusiva-com-1a-edicao-do-show-de-talentos-neste-sabado-6-agencia-de-noticias\\\/#blogposting\",\"name\":\"Sintea realiza Virada Inclusiva com 1\\u00aa edi\\u00e7\\u00e3o do Show de Talentos neste s\\u00e1bado (6) \\u2013 Ag\\u00eancia de Not\\u00edcias - eJornais\",\"headline\":\"Sintea realiza Virada Inclusiva com 1\\u00aa edi\\u00e7\\u00e3o do Show de Talentos neste s\\u00e1bado (6) \\u2013 Ag\\u00eancia de Not\\u00edcias\",\"author\":{\"@id\":\"https:\\\/\\\/ejornais.com.br\\\/index.php\\\/author\\\/admin1\\\/#author\"},\"publisher\":{\"@id\":\"https:\\\/\\\/ejornais.com.br\\\/#organization\"},\"datePublished\":\"2025-12-08T05:09:44-03:00\",\"dateModified\":\"2025-12-08T05:09:44-03:00\",\"inLanguage\":\"pt-BR\",\"mainEntityOfPage\":{\"@id\":\"https:\\\/\\\/ejornais.com.br\\\/index.php\\\/2025\\\/12\\\/08\\\/sintea-realiza-virada-inclusiva-com-1a-edicao-do-show-de-talentos-neste-sabado-6-agencia-de-noticias\\\/#webpage\"},\"isPartOf\":{\"@id\":\"https:\\\/\\\/ejornais.com.br\\\/index.php\\\/2025\\\/12\\\/08\\\/sintea-realiza-virada-inclusiva-com-1a-edicao-do-show-de-talentos-neste-sabado-6-agencia-de-noticias\\\/#webpage\"},\"articleSection\":\"Cat\\u00e1logo de Jornais\"},{\"@type\":\"BreadcrumbList\",\"@id\":\"https:\\\/\\\/ejornais.com.br\\\/index.php\\\/2025\\\/12\\\/08\\\/sintea-realiza-virada-inclusiva-com-1a-edicao-do-show-de-talentos-neste-sabado-6-agencia-de-noticias\\\/#breadcrumblist\",\"itemListElement\":[{\"@type\":\"ListItem\",\"@id\":\"https:\\\/\\\/ejornais.com.br#listItem\",\"position\":1,\"name\":\"In\\u00edcio\",\"item\":\"https:\\\/\\\/ejornais.com.br\",\"nextItem\":{\"@type\":\"ListItem\",\"@id\":\"https:\\\/\\\/ejornais.com.br\\\/index.php\\\/category\\\/ejornais\\\/#listItem\",\"name\":\"Cat\\u00e1logo de Jornais\"}},{\"@type\":\"ListItem\",\"@id\":\"https:\\\/\\\/ejornais.com.br\\\/index.php\\\/category\\\/ejornais\\\/#listItem\",\"position\":2,\"name\":\"Cat\\u00e1logo de Jornais\",\"item\":\"https:\\\/\\\/ejornais.com.br\\\/index.php\\\/category\\\/ejornais\\\/\",\"nextItem\":{\"@type\":\"ListItem\",\"@id\":\"https:\\\/\\\/ejornais.com.br\\\/index.php\\\/2025\\\/12\\\/08\\\/sintea-realiza-virada-inclusiva-com-1a-edicao-do-show-de-talentos-neste-sabado-6-agencia-de-noticias\\\/#listItem\",\"name\":\"Sintea realiza Virada Inclusiva com 1\\u00aa edi\\u00e7\\u00e3o do Show de Talentos neste s\\u00e1bado (6) \\u2013 Ag\\u00eancia de Not\\u00edcias\"},\"previousItem\":{\"@type\":\"ListItem\",\"@id\":\"https:\\\/\\\/ejornais.com.br#listItem\",\"name\":\"In\\u00edcio\"}},{\"@type\":\"ListItem\",\"@id\":\"https:\\\/\\\/ejornais.com.br\\\/index.php\\\/2025\\\/12\\\/08\\\/sintea-realiza-virada-inclusiva-com-1a-edicao-do-show-de-talentos-neste-sabado-6-agencia-de-noticias\\\/#listItem\",\"position\":3,\"name\":\"Sintea realiza Virada Inclusiva com 1\\u00aa edi\\u00e7\\u00e3o do Show de Talentos neste s\\u00e1bado (6) \\u2013 Ag\\u00eancia de Not\\u00edcias\",\"previousItem\":{\"@type\":\"ListItem\",\"@id\":\"https:\\\/\\\/ejornais.com.br\\\/index.php\\\/category\\\/ejornais\\\/#listItem\",\"name\":\"Cat\\u00e1logo de Jornais\"}}]},{\"@type\":\"Organization\",\"@id\":\"https:\\\/\\\/ejornais.com.br\\\/#organization\",\"name\":\"eJornais\",\"description\":\"Cat\\u00e1logo de Jornais no mundo, Not\\u00edcias, Blog e Esportes ao vivo\",\"url\":\"https:\\\/\\\/ejornais.com.br\\\/\"},{\"@type\":\"Person\",\"@id\":\"https:\\\/\\\/ejornais.com.br\\\/index.php\\\/author\\\/admin1\\\/#author\",\"url\":\"https:\\\/\\\/ejornais.com.br\\\/index.php\\\/author\\\/admin1\\\/\",\"name\":\"admin1\",\"image\":{\"@type\":\"ImageObject\",\"@id\":\"https:\\\/\\\/ejornais.com.br\\\/index.php\\\/2025\\\/12\\\/08\\\/sintea-realiza-virada-inclusiva-com-1a-edicao-do-show-de-talentos-neste-sabado-6-agencia-de-noticias\\\/#authorImage\",\"url\":\"https:\\\/\\\/secure.gravatar.com\\\/avatar\\\/04084e6d73c042b8646e7c17b494073bf0ede3ea13c7105cfc45cbbbc28385a4?s=96&d=mm&r=g\",\"width\":96,\"height\":96,\"caption\":\"admin1\"}},{\"@type\":\"WebPage\",\"@id\":\"https:\\\/\\\/ejornais.com.br\\\/index.php\\\/2025\\\/12\\\/08\\\/sintea-realiza-virada-inclusiva-com-1a-edicao-do-show-de-talentos-neste-sabado-6-agencia-de-noticias\\\/#webpage\",\"url\":\"https:\\\/\\\/ejornais.com.br\\\/index.php\\\/2025\\\/12\\\/08\\\/sintea-realiza-virada-inclusiva-com-1a-edicao-do-show-de-talentos-neste-sabado-6-agencia-de-noticias\\\/\",\"name\":\"Sintea realiza Virada Inclusiva com 1\\u00aa edi\\u00e7\\u00e3o do Show de Talentos neste s\\u00e1bado (6) \\u2013 Ag\\u00eancia de Not\\u00edcias - eJornais\",\"description\":\"7 de dezembro de 2025 11:18 Por: Secom A manh\\u00e3 deste s\\u00e1bado (6) foi de alegria e integra\\u00e7\\u00e3o para os mun\\u00edcipes que passavam pela Pra\\u00e7a Coronel Fernando Prestes, no Centro da cidade. Isso porque, a Secretaria da Inclus\\u00e3o e Transtorno do Espectro Autista (Sintea) realizou o evento Virada Cultural com a 1\\u00aa edi\\u00e7\\u00e3o do Show\",\"inLanguage\":\"pt-BR\",\"isPartOf\":{\"@id\":\"https:\\\/\\\/ejornais.com.br\\\/#website\"},\"breadcrumb\":{\"@id\":\"https:\\\/\\\/ejornais.com.br\\\/index.php\\\/2025\\\/12\\\/08\\\/sintea-realiza-virada-inclusiva-com-1a-edicao-do-show-de-talentos-neste-sabado-6-agencia-de-noticias\\\/#breadcrumblist\"},\"author\":{\"@id\":\"https:\\\/\\\/ejornais.com.br\\\/index.php\\\/author\\\/admin1\\\/#author\"},\"creator\":{\"@id\":\"https:\\\/\\\/ejornais.com.br\\\/index.php\\\/author\\\/admin1\\\/#author\"},\"datePublished\":\"2025-12-08T05:09:44-03:00\",\"dateModified\":\"2025-12-08T05:09:44-03:00\"},{\"@type\":\"WebSite\",\"@id\":\"https:\\\/\\\/ejornais.com.br\\\/#website\",\"url\":\"https:\\\/\\\/ejornais.com.br\\\/\",\"name\":\"eJornais\",\"description\":\"Cat\\u00e1logo de Jornais no mundo, Not\\u00edcias, Blog e Esportes ao vivo\",\"inLanguage\":\"pt-BR\",\"publisher\":{\"@id\":\"https:\\\/\\\/ejornais.com.br\\\/#organization\"}}]}\n\t\t<\/script>\n\t\t<!-- All in One SEO -->\n\n","aioseo_head_json":{"title":"Sintea realiza Virada Inclusiva com 1\u00aa edi\u00e7\u00e3o do Show de Talentos neste s\u00e1bado (6) \u2013 Ag\u00eancia de Not\u00edcias - eJornais","description":"7 de dezembro de 2025 11:18 Por: Secom A manh\u00e3 deste s\u00e1bado (6) foi de alegria e integra\u00e7\u00e3o para os mun\u00edcipes que passavam pela Pra\u00e7a Coronel Fernando Prestes, no Centro da cidade. Isso porque, a Secretaria da Inclus\u00e3o e Transtorno do Espectro Autista (Sintea) realizou o evento Virada Cultural com a 1\u00aa edi\u00e7\u00e3o do Show","canonical_url":"https:\/\/ejornais.com.br\/index.php\/2025\/12\/08\/sintea-realiza-virada-inclusiva-com-1a-edicao-do-show-de-talentos-neste-sabado-6-agencia-de-noticias\/","robots":"max-image-preview:large","keywords":"","webmasterTools":{"miscellaneous":""},"schema":{"@context":"https:\/\/schema.org","@graph":[{"@type":"BlogPosting","@id":"https:\/\/ejornais.com.br\/index.php\/2025\/12\/08\/sintea-realiza-virada-inclusiva-com-1a-edicao-do-show-de-talentos-neste-sabado-6-agencia-de-noticias\/#blogposting","name":"Sintea realiza Virada Inclusiva com 1\u00aa edi\u00e7\u00e3o do Show de Talentos neste s\u00e1bado (6) \u2013 Ag\u00eancia de Not\u00edcias - eJornais","headline":"Sintea realiza Virada Inclusiva com 1\u00aa edi\u00e7\u00e3o do Show de Talentos neste s\u00e1bado (6) \u2013 Ag\u00eancia de Not\u00edcias","author":{"@id":"https:\/\/ejornais.com.br\/index.php\/author\/admin1\/#author"},"publisher":{"@id":"https:\/\/ejornais.com.br\/#organization"},"datePublished":"2025-12-08T05:09:44-03:00","dateModified":"2025-12-08T05:09:44-03:00","inLanguage":"pt-BR","mainEntityOfPage":{"@id":"https:\/\/ejornais.com.br\/index.php\/2025\/12\/08\/sintea-realiza-virada-inclusiva-com-1a-edicao-do-show-de-talentos-neste-sabado-6-agencia-de-noticias\/#webpage"},"isPartOf":{"@id":"https:\/\/ejornais.com.br\/index.php\/2025\/12\/08\/sintea-realiza-virada-inclusiva-com-1a-edicao-do-show-de-talentos-neste-sabado-6-agencia-de-noticias\/#webpage"},"articleSection":"Cat\u00e1logo de Jornais"},{"@type":"BreadcrumbList","@id":"https:\/\/ejornais.com.br\/index.php\/2025\/12\/08\/sintea-realiza-virada-inclusiva-com-1a-edicao-do-show-de-talentos-neste-sabado-6-agencia-de-noticias\/#breadcrumblist","itemListElement":[{"@type":"ListItem","@id":"https:\/\/ejornais.com.br#listItem","position":1,"name":"In\u00edcio","item":"https:\/\/ejornais.com.br","nextItem":{"@type":"ListItem","@id":"https:\/\/ejornais.com.br\/index.php\/category\/ejornais\/#listItem","name":"Cat\u00e1logo de Jornais"}},{"@type":"ListItem","@id":"https:\/\/ejornais.com.br\/index.php\/category\/ejornais\/#listItem","position":2,"name":"Cat\u00e1logo de Jornais","item":"https:\/\/ejornais.com.br\/index.php\/category\/ejornais\/","nextItem":{"@type":"ListItem","@id":"https:\/\/ejornais.com.br\/index.php\/2025\/12\/08\/sintea-realiza-virada-inclusiva-com-1a-edicao-do-show-de-talentos-neste-sabado-6-agencia-de-noticias\/#listItem","name":"Sintea realiza Virada Inclusiva com 1\u00aa edi\u00e7\u00e3o do Show de Talentos neste s\u00e1bado (6) \u2013 Ag\u00eancia de Not\u00edcias"},"previousItem":{"@type":"ListItem","@id":"https:\/\/ejornais.com.br#listItem","name":"In\u00edcio"}},{"@type":"ListItem","@id":"https:\/\/ejornais.com.br\/index.php\/2025\/12\/08\/sintea-realiza-virada-inclusiva-com-1a-edicao-do-show-de-talentos-neste-sabado-6-agencia-de-noticias\/#listItem","position":3,"name":"Sintea realiza Virada Inclusiva com 1\u00aa edi\u00e7\u00e3o do Show de Talentos neste s\u00e1bado (6) \u2013 Ag\u00eancia de Not\u00edcias","previousItem":{"@type":"ListItem","@id":"https:\/\/ejornais.com.br\/index.php\/category\/ejornais\/#listItem","name":"Cat\u00e1logo de Jornais"}}]},{"@type":"Organization","@id":"https:\/\/ejornais.com.br\/#organization","name":"eJornais","description":"Cat\u00e1logo de Jornais no mundo, Not\u00edcias, Blog e Esportes ao vivo","url":"https:\/\/ejornais.com.br\/"},{"@type":"Person","@id":"https:\/\/ejornais.com.br\/index.php\/author\/admin1\/#author","url":"https:\/\/ejornais.com.br\/index.php\/author\/admin1\/","name":"admin1","image":{"@type":"ImageObject","@id":"https:\/\/ejornais.com.br\/index.php\/2025\/12\/08\/sintea-realiza-virada-inclusiva-com-1a-edicao-do-show-de-talentos-neste-sabado-6-agencia-de-noticias\/#authorImage","url":"https:\/\/secure.gravatar.com\/avatar\/04084e6d73c042b8646e7c17b494073bf0ede3ea13c7105cfc45cbbbc28385a4?s=96&d=mm&r=g","width":96,"height":96,"caption":"admin1"}},{"@type":"WebPage","@id":"https:\/\/ejornais.com.br\/index.php\/2025\/12\/08\/sintea-realiza-virada-inclusiva-com-1a-edicao-do-show-de-talentos-neste-sabado-6-agencia-de-noticias\/#webpage","url":"https:\/\/ejornais.com.br\/index.php\/2025\/12\/08\/sintea-realiza-virada-inclusiva-com-1a-edicao-do-show-de-talentos-neste-sabado-6-agencia-de-noticias\/","name":"Sintea realiza Virada Inclusiva com 1\u00aa edi\u00e7\u00e3o do Show de Talentos neste s\u00e1bado (6) \u2013 Ag\u00eancia de Not\u00edcias - eJornais","description":"7 de dezembro de 2025 11:18 Por: Secom A manh\u00e3 deste s\u00e1bado (6) foi de alegria e integra\u00e7\u00e3o para os mun\u00edcipes que passavam pela Pra\u00e7a Coronel Fernando Prestes, no Centro da cidade. Isso porque, a Secretaria da Inclus\u00e3o e Transtorno do Espectro Autista (Sintea) realizou o evento Virada Cultural com a 1\u00aa edi\u00e7\u00e3o do Show","inLanguage":"pt-BR","isPartOf":{"@id":"https:\/\/ejornais.com.br\/#website"},"breadcrumb":{"@id":"https:\/\/ejornais.com.br\/index.php\/2025\/12\/08\/sintea-realiza-virada-inclusiva-com-1a-edicao-do-show-de-talentos-neste-sabado-6-agencia-de-noticias\/#breadcrumblist"},"author":{"@id":"https:\/\/ejornais.com.br\/index.php\/author\/admin1\/#author"},"creator":{"@id":"https:\/\/ejornais.com.br\/index.php\/author\/admin1\/#author"},"datePublished":"2025-12-08T05:09:44-03:00","dateModified":"2025-12-08T05:09:44-03:00"},{"@type":"WebSite","@id":"https:\/\/ejornais.com.br\/#website","url":"https:\/\/ejornais.com.br\/","name":"eJornais","description":"Cat\u00e1logo de Jornais no mundo, Not\u00edcias, Blog e Esportes ao vivo","inLanguage":"pt-BR","publisher":{"@id":"https:\/\/ejornais.com.br\/#organization"}}]},"og:locale":"pt_BR","og:site_name":"eJornais - Cat\u00e1logo de Jornais no mundo, Not\u00edcias, Blog e Esportes ao vivo","og:type":"article","og:title":"Sintea realiza Virada Inclusiva com 1\u00aa edi\u00e7\u00e3o do Show de Talentos neste s\u00e1bado (6) \u2013 Ag\u00eancia de Not\u00edcias - eJornais","og:description":"7 de dezembro de 2025 11:18 Por: Secom A manh\u00e3 deste s\u00e1bado (6) foi de alegria e integra\u00e7\u00e3o para os mun\u00edcipes que passavam pela Pra\u00e7a Coronel Fernando Prestes, no Centro da cidade. Isso porque, a Secretaria da Inclus\u00e3o e Transtorno do Espectro Autista (Sintea) realizou o evento Virada Cultural com a 1\u00aa edi\u00e7\u00e3o do Show","og:url":"https:\/\/ejornais.com.br\/index.php\/2025\/12\/08\/sintea-realiza-virada-inclusiva-com-1a-edicao-do-show-de-talentos-neste-sabado-6-agencia-de-noticias\/","article:published_time":"2025-12-08T08:09:44+00:00","article:modified_time":"2025-12-08T08:09:44+00:00","twitter:card":"summary_large_image","twitter:title":"Sintea realiza Virada Inclusiva com 1\u00aa edi\u00e7\u00e3o do Show de Talentos neste s\u00e1bado (6) \u2013 Ag\u00eancia de Not\u00edcias - eJornais","twitter:description":"7 de dezembro de 2025 11:18 Por: Secom A manh\u00e3 deste s\u00e1bado (6) foi de alegria e integra\u00e7\u00e3o para os mun\u00edcipes que passavam pela Pra\u00e7a Coronel Fernando Prestes, no Centro da cidade. Isso porque, a Secretaria da Inclus\u00e3o e Transtorno do Espectro Autista (Sintea) realizou o evento Virada Cultural com a 1\u00aa edi\u00e7\u00e3o do Show"},"aioseo_meta_data":{"post_id":"57096","title":null,"description":null,"keywords":null,"keyphrases":null,"primary_term":null,"canonical_url":null,"og_title":null,"og_description":null,"og_object_type":"default","og_image_type":"default","og_image_url":null,"og_image_width":null,"og_image_height":null,"og_image_custom_url":null,"og_image_custom_fields":null,"og_video":null,"og_custom_url":null,"og_article_section":null,"og_article_tags":null,"twitter_use_og":false,"twitter_card":"default","twitter_image_type":"default","twitter_image_url":null,"twitter_image_custom_url":null,"twitter_image_custom_fields":null,"twitter_title":null,"twitter_description":null,"schema":{"blockGraphs":[],"customGraphs":[],"default":{"data":{"Article":[],"Course":[],"Dataset":[],"FAQPage":[],"Movie":[],"Person":[],"Product":[],"ProductReview":[],"Car":[],"Recipe":[],"Service":[],"SoftwareApplication":[],"WebPage":[]},"graphName":"","isEnabled":true},"graphs":[]},"schema_type":"default","schema_type_options":null,"pillar_content":false,"robots_default":true,"robots_noindex":false,"robots_noarchive":false,"robots_nosnippet":false,"robots_nofollow":false,"robots_noimageindex":false,"robots_noodp":false,"robots_notranslate":false,"robots_max_snippet":null,"robots_max_videopreview":null,"robots_max_imagepreview":"large","priority":null,"frequency":null,"local_seo":null,"breadcrumb_settings":null,"limit_modified_date":false,"ai":null,"created":"2025-12-08 08:18:41","updated":"2025-12-08 08:18:41","seo_analyzer_scan_date":null,"focus_keyword":null,"additional_keywords":null,"truseo_locale":null},"aioseo_breadcrumb":"<div class=\"aioseo-breadcrumbs\"><span class=\"aioseo-breadcrumb\">\n\t\t\t<a href=\"https:\/\/ejornais.com.br\" title=\"In\u00edcio\">In\u00edcio<\/a>\n\t\t<\/span><span class=\"aioseo-breadcrumb-separator\">&raquo;<\/span><span class=\"aioseo-breadcrumb\">\n\t\t\t<a href=\"https:\/\/ejornais.com.br\/index.php\/category\/ejornais\/\" title=\"Cat\u00e1logo de Jornais\">Cat\u00e1logo de Jornais<\/a>\n\t\t<\/span><span class=\"aioseo-breadcrumb-separator\">&raquo;<\/span><span class=\"aioseo-breadcrumb\">\n\t\t\tSintea realiza Virada Inclusiva com 1\u00aa edi\u00e7\u00e3o do Show de Talentos neste s\u00e1bado (6) \u2013 Ag\u00eancia de Not\u00edcias\n\t\t<\/span><\/div>","aioseo_breadcrumb_json":[{"label":"In\u00edcio","link":"https:\/\/ejornais.com.br"},{"label":"Cat\u00e1logo de Jornais","link":"https:\/\/ejornais.com.br\/index.php\/category\/ejornais\/"},{"label":"Sintea realiza Virada Inclusiva com 1\u00aa edi\u00e7\u00e3o do Show de Talentos neste s\u00e1bado (6) \u2013 Ag\u00eancia de Not\u00edcias","link":"https:\/\/ejornais.com.br\/index.php\/2025\/12\/08\/sintea-realiza-virada-inclusiva-com-1a-edicao-do-show-de-talentos-neste-sabado-6-agencia-de-noticias\/"}],"amp_enabled":true,"_links":{"self":[{"href":"https:\/\/ejornais.com.br\/index.php\/wp-json\/wp\/v2\/posts\/57096","targetHints":{"allow":["GET"]}}],"collection":[{"href":"https:\/\/ejornais.com.br\/index.php\/wp-json\/wp\/v2\/posts"}],"about":[{"href":"https:\/\/ejornais.com.br\/index.php\/wp-json\/wp\/v2\/types\/post"}],"author":[{"embeddable":true,"href":"https:\/\/ejornais.com.br\/index.php\/wp-json\/wp\/v2\/users\/2"}],"replies":[{"embeddable":true,"href":"https:\/\/ejornais.com.br\/index.php\/wp-json\/wp\/v2\/comments?post=57096"}],"version-history":[{"count":0,"href":"https:\/\/ejornais.com.br\/index.php\/wp-json\/wp\/v2\/posts\/57096\/revisions"}],"wp:attachment":[{"href":"https:\/\/ejornais.com.br\/index.php\/wp-json\/wp\/v2\/media?parent=57096"}],"wp:term":[{"taxonomy":"category","embeddable":true,"href":"https:\/\/ejornais.com.br\/index.php\/wp-json\/wp\/v2\/categories?post=57096"},{"taxonomy":"post_tag","embeddable":true,"href":"https:\/\/ejornais.com.br\/index.php\/wp-json\/wp\/v2\/tags?post=57096"}],"curies":[{"name":"wp","href":"https:\/\/api.w.org\/{rel}","templated":true}]}}