{"id":57185,"date":"2025-12-09T13:29:38","date_gmt":"2025-12-09T16:29:38","guid":{"rendered":"https:\/\/ejornais.com.br\/index.php\/2025\/12\/09\/sedurb-realiza-edicao-natalina-da-feira-movel-no-busto-de-tamandare\/"},"modified":"2025-12-09T13:29:38","modified_gmt":"2025-12-09T16:29:38","slug":"sedurb-realiza-edicao-natalina-da-feira-movel-no-busto-de-tamandare","status":"publish","type":"post","link":"https:\/\/ejornais.com.br\/index.php\/2025\/12\/09\/sedurb-realiza-edicao-natalina-da-feira-movel-no-busto-de-tamandare\/","title":{"rendered":"Sedurb realiza edi\u00e7\u00e3o natalina da Feira M\u00f3vel no Busto de Tamandar\u00e9"},"content":{"rendered":"<p><\/p>\n<div>\n<p>A Secretaria de Desenvolvimento Urbano (Sedurb) realiza, de 11 a 24 de dezembro, das 16h \u00e0s 22h, no Busto de Tamandar\u00e9, uma edi\u00e7\u00e3o especial da Feira M\u00f3vel, integrando o \u2018Celebra Jo\u00e3o Pessoa\u2019, a programa\u00e7\u00e3o da cidade para o per\u00edodo natalino. O evento contar\u00e1 com a participa\u00e7\u00e3o de mais de 60 expositores, de v\u00e1rios segmentos: moda, artesanato, costura criativa, cosm\u00e9ticos, confeitaria, gastronomia, papelaria, brinquedos educativos e agricultura familiar.<\/p>\n<figure class=\"wp-block-gallery has-nested-images columns-default is-cropped wp-block-gallery-1 is-layout-flex wp-block-gallery-is-layout-flex\">\n<figure class=\"wp-block-image size-large\"><\/figure>\n<figure class=\"wp-block-image size-large\"><\/figure>\n<\/figure>\n<p>Nesta edi\u00e7\u00e3o natalina, uma variedade de produtos estar\u00e1 dispon\u00edvel para atender o p\u00fablico local e os turistas que visitam a cidade, com destaque para produtos do artesanato paraibano como acess\u00f3rios natalinos, artigos infantis, lacinhos, pe\u00e7as em croch\u00ea, moda praia; moda pet, e plantas ornamentais. O espa\u00e7o tamb\u00e9m ter\u00e1 del\u00edcias da gastronomia, como queijos, castanhas, bolos, tortas e sobremesas, al\u00e9m de produtos da gastronomia inclusiva (sem gl\u00faten e sem lactose).<\/p>\n<p>A Feira M\u00f3vel \u00e9 um espa\u00e7o que fortalece o pequeno produtor e o empreendedorismo criativo. E esta edi\u00e7\u00e3o na orla \u00e9 sempre esperada com grande expectativa pelos comerciantes, devido a intensa circula\u00e7\u00e3o de moradores e turistas no local, resultando no aumento das vendas e faturamento. Al\u00e9m da edi\u00e7\u00e3o no Busto de Tamandar\u00e9, as feiras semanais est\u00e3o mantidas: no Jardim Oceania, Bairro dos Estados, Altiplano, Banc\u00e1rios e Brisamar.<\/p>\n<p>\u201cA Sedurb preparou este evento com muito carinho, para celebrar o Natal e fortalecer as vendas dos comerciantes que participam do projeto. Por isso, renovamos o convite aos pessoenses e turistas para que visitem e aproveitem a Feira M\u00f3vel, onde podem conhecer e adquirir \u00f3timos produtos! Muitos deles s\u00e3o exclusivos, personalizados e feitos pelos pr\u00f3prios expositores. Outra vantagem para o consumidor \u00e9 que os pre\u00e7os s\u00e3o menores em rela\u00e7\u00e3o aos estabelecimentos convencionais\u201d, disse o secret\u00e1rio de Desenvolvimento Urbano, Marmuthe Cavalcanti.<\/p>\n<p><strong>Sorteios \u2013<\/strong> Neste m\u00eas de dezembro, haver\u00e1 uma edi\u00e7\u00e3o especial de final de ano em todos os locais da Feira M\u00f3vel, com promo\u00e7\u00f5es e sorteios. A cada compra realizada, o cliente recebe um cupom para participar do sorteio e concorrer a pr\u00eamios: 1 cesta natalina, panetones, e um balaio com produtos dos expositores.<\/p>\n<p><strong>Datas dos sorteios:<\/strong><\/p>\n<p>\u2022 Parque Solon de Lucena: 12\/12<\/p>\n<p>\u2022 Vila Ol\u00edmpica Parahyba: 16\/12<\/p>\n<p>\u2022 Parque Parahyba 1: 16\/12<\/p>\n<p>\u2022 Pra\u00e7a Padre Jo\u00e3o Cartaxo Andriola \u2013 Altiplano: 17\/12<\/p>\n<p>\u2022 Pra\u00e7a da Paz \u2013 Banc\u00e1rios: 18\/12<\/p>\n<p>\u2022 Pra\u00e7a Ant\u00f4nio Fernando Dantas \u2013 Brisamar: 19\/12<\/p>\n<p><strong>Programa\u00e7\u00e3o completa da Feira M\u00f3vel em dezembro:<\/strong><\/p>\n<p>Vila Ol\u00edmpica Parahyba \u2013 Bairro dos Estados<\/p>\n<p><strong>Dias: 9 e 16<\/strong><\/p>\n<p>Hor\u00e1rio: das 16h \u00e0s 20h30<\/p>\n<p>Rua: Desportista Aur\u00e9lio Rocha, s\/n<\/p>\n<p>Parque Solon de Lucena \u2013 Centro<\/p>\n<p>Dias: 10, 11 e 12<\/p>\n<p>Hor\u00e1rio: das 9h30 \u00e0s 16h<\/p>\n<p>Busto de Tamandar\u00e9 \u2013 Tamba\u00fa<\/p>\n<p><strong>Dias: 11 a 24<\/strong><\/p>\n<p>Hor\u00e1rio: das 16h \u00e0s 22h<\/p>\n<p>Pra\u00e7a da Paz \u2013 Banc\u00e1rios<\/p>\n<p><strong>Dias: 11 e 18<\/strong><\/p>\n<p>Hor\u00e1rio: das 15h30 \u00e0s 20h<\/p>\n<p>Em frente \u00e0 pra\u00e7a de t\u00e1xi<\/p>\n<p>Parque Parahyba I \u2013 Jardim Oceania<\/p>\n<p><strong>Dias: toda ter\u00e7a-feira<\/strong><\/p>\n<p>Hor\u00e1rio: das 16h \u00e0s 20h<\/p>\n<p>Rua: Josemar Rodrigues de Carvalho, no 249<\/p>\n<p>Pra\u00e7a Padre Jo\u00e3o Cartaxo Andriola \u2013 Altiplano<\/p>\n<p><strong>Dias: toda quarta-feira<\/strong><\/p>\n<p>Hor\u00e1rio: das 15h30 \u00e0s 19h<\/p>\n<p>Rua: Jos\u00e9 Rufino, no 176<\/p>\n<p>Pra\u00e7a Ant\u00f4nio Fernando Dantas \u2013 Brisamar<\/p>\n<p><strong>Dias: toda sexta-feira<\/strong><\/p>\n<p>Hor\u00e1rio: das 15h30 \u00e0s 19h<\/p>\n<p>Rua: In\u00e1cio Ferreira Serrano, no 100<\/p>\n<\/p><\/div>\n","protected":false},"excerpt":{"rendered":"<p>A Secretaria de Desenvolvimento Urbano (Sedurb) realiza, de 11 a 24 de dezembro, das 16h \u00e0s 22h, no Busto de<\/p>\n","protected":false},"author":2,"featured_media":0,"comment_status":"","ping_status":"","sticky":false,"template":"","format":"standard","meta":{"colormag_page_container_layout":"default_layout","colormag_page_sidebar_layout":"default_layout","footnotes":""},"categories":[1],"tags":[],"class_list":["post-57185","post","type-post","status-publish","format-standard","hentry","category-ejornais"],"aioseo_notices":[],"aioseo_head":"\n\t\t<!-- All in One SEO 5.0.1.1 - aioseo.com -->\n\t<meta name=\"description\" content=\"A Secretaria de Desenvolvimento Urbano (Sedurb) realiza, de 11 a 24 de dezembro, das 16h \u00e0s 22h, no Busto de Tamandar\u00e9, uma edi\u00e7\u00e3o especial da Feira M\u00f3vel, integrando o \u2018Celebra Jo\u00e3o Pessoa\u2019, a programa\u00e7\u00e3o da cidade para o per\u00edodo natalino. O evento contar\u00e1 com a participa\u00e7\u00e3o de mais de 60 expositores, de v\u00e1rios segmentos: moda,\" \/>\n\t<meta name=\"robots\" content=\"max-image-preview:large\" \/>\n\t<meta name=\"author\" content=\"admin1\"\/>\n\t<link rel=\"canonical\" href=\"https:\/\/ejornais.com.br\/index.php\/2025\/12\/09\/sedurb-realiza-edicao-natalina-da-feira-movel-no-busto-de-tamandare\/\" \/>\n\t<meta name=\"generator\" content=\"All in One SEO (AIOSEO) 5.0.1.1\" \/>\n\t\t<meta property=\"og:locale\" content=\"pt_BR\" \/>\n\t\t<meta property=\"og:site_name\" content=\"eJornais - Cat\u00e1logo de Jornais no mundo, Not\u00edcias, Blog e Esportes ao vivo\" \/>\n\t\t<meta property=\"og:type\" content=\"article\" \/>\n\t\t<meta property=\"og:title\" content=\"Sedurb realiza edi\u00e7\u00e3o natalina da Feira M\u00f3vel no Busto de Tamandar\u00e9 - eJornais\" \/>\n\t\t<meta property=\"og:description\" content=\"A Secretaria de Desenvolvimento Urbano (Sedurb) realiza, de 11 a 24 de dezembro, das 16h \u00e0s 22h, no Busto de Tamandar\u00e9, uma edi\u00e7\u00e3o especial da Feira M\u00f3vel, integrando o \u2018Celebra Jo\u00e3o Pessoa\u2019, a programa\u00e7\u00e3o da cidade para o per\u00edodo natalino. O evento contar\u00e1 com a participa\u00e7\u00e3o de mais de 60 expositores, de v\u00e1rios segmentos: moda,\" \/>\n\t\t<meta property=\"og:url\" content=\"https:\/\/ejornais.com.br\/index.php\/2025\/12\/09\/sedurb-realiza-edicao-natalina-da-feira-movel-no-busto-de-tamandare\/\" \/>\n\t\t<meta property=\"article:published_time\" content=\"2025-12-09T16:29:38+00:00\" \/>\n\t\t<meta property=\"article:modified_time\" content=\"2025-12-09T16:29:38+00:00\" \/>\n\t\t<meta name=\"twitter:card\" content=\"summary_large_image\" \/>\n\t\t<meta name=\"twitter:title\" content=\"Sedurb realiza edi\u00e7\u00e3o natalina da Feira M\u00f3vel no Busto de Tamandar\u00e9 - eJornais\" \/>\n\t\t<meta name=\"twitter:description\" content=\"A Secretaria de Desenvolvimento Urbano (Sedurb) realiza, de 11 a 24 de dezembro, das 16h \u00e0s 22h, no Busto de Tamandar\u00e9, uma edi\u00e7\u00e3o especial da Feira M\u00f3vel, integrando o \u2018Celebra Jo\u00e3o Pessoa\u2019, a programa\u00e7\u00e3o da cidade para o per\u00edodo natalino. O evento contar\u00e1 com a participa\u00e7\u00e3o de mais de 60 expositores, de v\u00e1rios segmentos: moda,\" \/>\n\t\t<script type=\"application\/ld+json\" class=\"aioseo-schema\">\n\t\t\t{\"@context\":\"https:\\\/\\\/schema.org\",\"@graph\":[{\"@type\":\"BlogPosting\",\"@id\":\"https:\\\/\\\/ejornais.com.br\\\/index.php\\\/2025\\\/12\\\/09\\\/sedurb-realiza-edicao-natalina-da-feira-movel-no-busto-de-tamandare\\\/#blogposting\",\"name\":\"Sedurb realiza edi\\u00e7\\u00e3o natalina da Feira M\\u00f3vel no Busto de Tamandar\\u00e9 - eJornais\",\"headline\":\"Sedurb realiza edi\\u00e7\\u00e3o natalina da Feira M\\u00f3vel no Busto de Tamandar\\u00e9\",\"author\":{\"@id\":\"https:\\\/\\\/ejornais.com.br\\\/index.php\\\/author\\\/admin1\\\/#author\"},\"publisher\":{\"@id\":\"https:\\\/\\\/ejornais.com.br\\\/#organization\"},\"datePublished\":\"2025-12-09T13:29:38-03:00\",\"dateModified\":\"2025-12-09T13:29:38-03:00\",\"inLanguage\":\"pt-BR\",\"mainEntityOfPage\":{\"@id\":\"https:\\\/\\\/ejornais.com.br\\\/index.php\\\/2025\\\/12\\\/09\\\/sedurb-realiza-edicao-natalina-da-feira-movel-no-busto-de-tamandare\\\/#webpage\"},\"isPartOf\":{\"@id\":\"https:\\\/\\\/ejornais.com.br\\\/index.php\\\/2025\\\/12\\\/09\\\/sedurb-realiza-edicao-natalina-da-feira-movel-no-busto-de-tamandare\\\/#webpage\"},\"articleSection\":\"Cat\\u00e1logo de Jornais\"},{\"@type\":\"BreadcrumbList\",\"@id\":\"https:\\\/\\\/ejornais.com.br\\\/index.php\\\/2025\\\/12\\\/09\\\/sedurb-realiza-edicao-natalina-da-feira-movel-no-busto-de-tamandare\\\/#breadcrumblist\",\"itemListElement\":[{\"@type\":\"ListItem\",\"@id\":\"https:\\\/\\\/ejornais.com.br#listItem\",\"position\":1,\"name\":\"In\\u00edcio\",\"item\":\"https:\\\/\\\/ejornais.com.br\",\"nextItem\":{\"@type\":\"ListItem\",\"@id\":\"https:\\\/\\\/ejornais.com.br\\\/index.php\\\/category\\\/ejornais\\\/#listItem\",\"name\":\"Cat\\u00e1logo de Jornais\"}},{\"@type\":\"ListItem\",\"@id\":\"https:\\\/\\\/ejornais.com.br\\\/index.php\\\/category\\\/ejornais\\\/#listItem\",\"position\":2,\"name\":\"Cat\\u00e1logo de Jornais\",\"item\":\"https:\\\/\\\/ejornais.com.br\\\/index.php\\\/category\\\/ejornais\\\/\",\"nextItem\":{\"@type\":\"ListItem\",\"@id\":\"https:\\\/\\\/ejornais.com.br\\\/index.php\\\/2025\\\/12\\\/09\\\/sedurb-realiza-edicao-natalina-da-feira-movel-no-busto-de-tamandare\\\/#listItem\",\"name\":\"Sedurb realiza edi\\u00e7\\u00e3o natalina da Feira M\\u00f3vel no Busto de Tamandar\\u00e9\"},\"previousItem\":{\"@type\":\"ListItem\",\"@id\":\"https:\\\/\\\/ejornais.com.br#listItem\",\"name\":\"In\\u00edcio\"}},{\"@type\":\"ListItem\",\"@id\":\"https:\\\/\\\/ejornais.com.br\\\/index.php\\\/2025\\\/12\\\/09\\\/sedurb-realiza-edicao-natalina-da-feira-movel-no-busto-de-tamandare\\\/#listItem\",\"position\":3,\"name\":\"Sedurb realiza edi\\u00e7\\u00e3o natalina da Feira M\\u00f3vel no Busto de Tamandar\\u00e9\",\"previousItem\":{\"@type\":\"ListItem\",\"@id\":\"https:\\\/\\\/ejornais.com.br\\\/index.php\\\/category\\\/ejornais\\\/#listItem\",\"name\":\"Cat\\u00e1logo de Jornais\"}}]},{\"@type\":\"Organization\",\"@id\":\"https:\\\/\\\/ejornais.com.br\\\/#organization\",\"name\":\"eJornais\",\"description\":\"Cat\\u00e1logo de Jornais no mundo, Not\\u00edcias, Blog e Esportes ao vivo\",\"url\":\"https:\\\/\\\/ejornais.com.br\\\/\"},{\"@type\":\"Person\",\"@id\":\"https:\\\/\\\/ejornais.com.br\\\/index.php\\\/author\\\/admin1\\\/#author\",\"url\":\"https:\\\/\\\/ejornais.com.br\\\/index.php\\\/author\\\/admin1\\\/\",\"name\":\"admin1\",\"image\":{\"@type\":\"ImageObject\",\"@id\":\"https:\\\/\\\/ejornais.com.br\\\/index.php\\\/2025\\\/12\\\/09\\\/sedurb-realiza-edicao-natalina-da-feira-movel-no-busto-de-tamandare\\\/#authorImage\",\"url\":\"https:\\\/\\\/secure.gravatar.com\\\/avatar\\\/04084e6d73c042b8646e7c17b494073bf0ede3ea13c7105cfc45cbbbc28385a4?s=96&d=mm&r=g\",\"width\":96,\"height\":96,\"caption\":\"admin1\"}},{\"@type\":\"WebPage\",\"@id\":\"https:\\\/\\\/ejornais.com.br\\\/index.php\\\/2025\\\/12\\\/09\\\/sedurb-realiza-edicao-natalina-da-feira-movel-no-busto-de-tamandare\\\/#webpage\",\"url\":\"https:\\\/\\\/ejornais.com.br\\\/index.php\\\/2025\\\/12\\\/09\\\/sedurb-realiza-edicao-natalina-da-feira-movel-no-busto-de-tamandare\\\/\",\"name\":\"Sedurb realiza edi\\u00e7\\u00e3o natalina da Feira M\\u00f3vel no Busto de Tamandar\\u00e9 - eJornais\",\"description\":\"A Secretaria de Desenvolvimento Urbano (Sedurb) realiza, de 11 a 24 de dezembro, das 16h \\u00e0s 22h, no Busto de Tamandar\\u00e9, uma edi\\u00e7\\u00e3o especial da Feira M\\u00f3vel, integrando o \\u2018Celebra Jo\\u00e3o Pessoa\\u2019, a programa\\u00e7\\u00e3o da cidade para o per\\u00edodo natalino. O evento contar\\u00e1 com a participa\\u00e7\\u00e3o de mais de 60 expositores, de v\\u00e1rios segmentos: moda,\",\"inLanguage\":\"pt-BR\",\"isPartOf\":{\"@id\":\"https:\\\/\\\/ejornais.com.br\\\/#website\"},\"breadcrumb\":{\"@id\":\"https:\\\/\\\/ejornais.com.br\\\/index.php\\\/2025\\\/12\\\/09\\\/sedurb-realiza-edicao-natalina-da-feira-movel-no-busto-de-tamandare\\\/#breadcrumblist\"},\"author\":{\"@id\":\"https:\\\/\\\/ejornais.com.br\\\/index.php\\\/author\\\/admin1\\\/#author\"},\"creator\":{\"@id\":\"https:\\\/\\\/ejornais.com.br\\\/index.php\\\/author\\\/admin1\\\/#author\"},\"datePublished\":\"2025-12-09T13:29:38-03:00\",\"dateModified\":\"2025-12-09T13:29:38-03:00\"},{\"@type\":\"WebSite\",\"@id\":\"https:\\\/\\\/ejornais.com.br\\\/#website\",\"url\":\"https:\\\/\\\/ejornais.com.br\\\/\",\"name\":\"eJornais\",\"description\":\"Cat\\u00e1logo de Jornais no mundo, Not\\u00edcias, Blog e Esportes ao vivo\",\"inLanguage\":\"pt-BR\",\"publisher\":{\"@id\":\"https:\\\/\\\/ejornais.com.br\\\/#organization\"}}]}\n\t\t<\/script>\n\t\t<!-- All in One SEO -->\n\n","aioseo_head_json":{"title":"Sedurb realiza edi\u00e7\u00e3o natalina da Feira M\u00f3vel no Busto de Tamandar\u00e9 - eJornais","description":"A Secretaria de Desenvolvimento Urbano (Sedurb) realiza, de 11 a 24 de dezembro, das 16h \u00e0s 22h, no Busto de Tamandar\u00e9, uma edi\u00e7\u00e3o especial da Feira M\u00f3vel, integrando o \u2018Celebra Jo\u00e3o Pessoa\u2019, a programa\u00e7\u00e3o da cidade para o per\u00edodo natalino. O evento contar\u00e1 com a participa\u00e7\u00e3o de mais de 60 expositores, de v\u00e1rios segmentos: moda,","canonical_url":"https:\/\/ejornais.com.br\/index.php\/2025\/12\/09\/sedurb-realiza-edicao-natalina-da-feira-movel-no-busto-de-tamandare\/","robots":"max-image-preview:large","keywords":"","webmasterTools":{"miscellaneous":""},"schema":{"@context":"https:\/\/schema.org","@graph":[{"@type":"BlogPosting","@id":"https:\/\/ejornais.com.br\/index.php\/2025\/12\/09\/sedurb-realiza-edicao-natalina-da-feira-movel-no-busto-de-tamandare\/#blogposting","name":"Sedurb realiza edi\u00e7\u00e3o natalina da Feira M\u00f3vel no Busto de Tamandar\u00e9 - eJornais","headline":"Sedurb realiza edi\u00e7\u00e3o natalina da Feira M\u00f3vel no Busto de Tamandar\u00e9","author":{"@id":"https:\/\/ejornais.com.br\/index.php\/author\/admin1\/#author"},"publisher":{"@id":"https:\/\/ejornais.com.br\/#organization"},"datePublished":"2025-12-09T13:29:38-03:00","dateModified":"2025-12-09T13:29:38-03:00","inLanguage":"pt-BR","mainEntityOfPage":{"@id":"https:\/\/ejornais.com.br\/index.php\/2025\/12\/09\/sedurb-realiza-edicao-natalina-da-feira-movel-no-busto-de-tamandare\/#webpage"},"isPartOf":{"@id":"https:\/\/ejornais.com.br\/index.php\/2025\/12\/09\/sedurb-realiza-edicao-natalina-da-feira-movel-no-busto-de-tamandare\/#webpage"},"articleSection":"Cat\u00e1logo de Jornais"},{"@type":"BreadcrumbList","@id":"https:\/\/ejornais.com.br\/index.php\/2025\/12\/09\/sedurb-realiza-edicao-natalina-da-feira-movel-no-busto-de-tamandare\/#breadcrumblist","itemListElement":[{"@type":"ListItem","@id":"https:\/\/ejornais.com.br#listItem","position":1,"name":"In\u00edcio","item":"https:\/\/ejornais.com.br","nextItem":{"@type":"ListItem","@id":"https:\/\/ejornais.com.br\/index.php\/category\/ejornais\/#listItem","name":"Cat\u00e1logo de Jornais"}},{"@type":"ListItem","@id":"https:\/\/ejornais.com.br\/index.php\/category\/ejornais\/#listItem","position":2,"name":"Cat\u00e1logo de Jornais","item":"https:\/\/ejornais.com.br\/index.php\/category\/ejornais\/","nextItem":{"@type":"ListItem","@id":"https:\/\/ejornais.com.br\/index.php\/2025\/12\/09\/sedurb-realiza-edicao-natalina-da-feira-movel-no-busto-de-tamandare\/#listItem","name":"Sedurb realiza edi\u00e7\u00e3o natalina da Feira M\u00f3vel no Busto de Tamandar\u00e9"},"previousItem":{"@type":"ListItem","@id":"https:\/\/ejornais.com.br#listItem","name":"In\u00edcio"}},{"@type":"ListItem","@id":"https:\/\/ejornais.com.br\/index.php\/2025\/12\/09\/sedurb-realiza-edicao-natalina-da-feira-movel-no-busto-de-tamandare\/#listItem","position":3,"name":"Sedurb realiza edi\u00e7\u00e3o natalina da Feira M\u00f3vel no Busto de Tamandar\u00e9","previousItem":{"@type":"ListItem","@id":"https:\/\/ejornais.com.br\/index.php\/category\/ejornais\/#listItem","name":"Cat\u00e1logo de Jornais"}}]},{"@type":"Organization","@id":"https:\/\/ejornais.com.br\/#organization","name":"eJornais","description":"Cat\u00e1logo de Jornais no mundo, Not\u00edcias, Blog e Esportes ao vivo","url":"https:\/\/ejornais.com.br\/"},{"@type":"Person","@id":"https:\/\/ejornais.com.br\/index.php\/author\/admin1\/#author","url":"https:\/\/ejornais.com.br\/index.php\/author\/admin1\/","name":"admin1","image":{"@type":"ImageObject","@id":"https:\/\/ejornais.com.br\/index.php\/2025\/12\/09\/sedurb-realiza-edicao-natalina-da-feira-movel-no-busto-de-tamandare\/#authorImage","url":"https:\/\/secure.gravatar.com\/avatar\/04084e6d73c042b8646e7c17b494073bf0ede3ea13c7105cfc45cbbbc28385a4?s=96&d=mm&r=g","width":96,"height":96,"caption":"admin1"}},{"@type":"WebPage","@id":"https:\/\/ejornais.com.br\/index.php\/2025\/12\/09\/sedurb-realiza-edicao-natalina-da-feira-movel-no-busto-de-tamandare\/#webpage","url":"https:\/\/ejornais.com.br\/index.php\/2025\/12\/09\/sedurb-realiza-edicao-natalina-da-feira-movel-no-busto-de-tamandare\/","name":"Sedurb realiza edi\u00e7\u00e3o natalina da Feira M\u00f3vel no Busto de Tamandar\u00e9 - eJornais","description":"A Secretaria de Desenvolvimento Urbano (Sedurb) realiza, de 11 a 24 de dezembro, das 16h \u00e0s 22h, no Busto de Tamandar\u00e9, uma edi\u00e7\u00e3o especial da Feira M\u00f3vel, integrando o \u2018Celebra Jo\u00e3o Pessoa\u2019, a programa\u00e7\u00e3o da cidade para o per\u00edodo natalino. O evento contar\u00e1 com a participa\u00e7\u00e3o de mais de 60 expositores, de v\u00e1rios segmentos: moda,","inLanguage":"pt-BR","isPartOf":{"@id":"https:\/\/ejornais.com.br\/#website"},"breadcrumb":{"@id":"https:\/\/ejornais.com.br\/index.php\/2025\/12\/09\/sedurb-realiza-edicao-natalina-da-feira-movel-no-busto-de-tamandare\/#breadcrumblist"},"author":{"@id":"https:\/\/ejornais.com.br\/index.php\/author\/admin1\/#author"},"creator":{"@id":"https:\/\/ejornais.com.br\/index.php\/author\/admin1\/#author"},"datePublished":"2025-12-09T13:29:38-03:00","dateModified":"2025-12-09T13:29:38-03:00"},{"@type":"WebSite","@id":"https:\/\/ejornais.com.br\/#website","url":"https:\/\/ejornais.com.br\/","name":"eJornais","description":"Cat\u00e1logo de Jornais no mundo, Not\u00edcias, Blog e Esportes ao vivo","inLanguage":"pt-BR","publisher":{"@id":"https:\/\/ejornais.com.br\/#organization"}}]},"og:locale":"pt_BR","og:site_name":"eJornais - Cat\u00e1logo de Jornais no mundo, Not\u00edcias, Blog e Esportes ao vivo","og:type":"article","og:title":"Sedurb realiza edi\u00e7\u00e3o natalina da Feira M\u00f3vel no Busto de Tamandar\u00e9 - eJornais","og:description":"A Secretaria de Desenvolvimento Urbano (Sedurb) realiza, de 11 a 24 de dezembro, das 16h \u00e0s 22h, no Busto de Tamandar\u00e9, uma edi\u00e7\u00e3o especial da Feira M\u00f3vel, integrando o \u2018Celebra Jo\u00e3o Pessoa\u2019, a programa\u00e7\u00e3o da cidade para o per\u00edodo natalino. O evento contar\u00e1 com a participa\u00e7\u00e3o de mais de 60 expositores, de v\u00e1rios segmentos: moda,","og:url":"https:\/\/ejornais.com.br\/index.php\/2025\/12\/09\/sedurb-realiza-edicao-natalina-da-feira-movel-no-busto-de-tamandare\/","article:published_time":"2025-12-09T16:29:38+00:00","article:modified_time":"2025-12-09T16:29:38+00:00","twitter:card":"summary_large_image","twitter:title":"Sedurb realiza edi\u00e7\u00e3o natalina da Feira M\u00f3vel no Busto de Tamandar\u00e9 - eJornais","twitter:description":"A Secretaria de Desenvolvimento Urbano (Sedurb) realiza, de 11 a 24 de dezembro, das 16h \u00e0s 22h, no Busto de Tamandar\u00e9, uma edi\u00e7\u00e3o especial da Feira M\u00f3vel, integrando o \u2018Celebra Jo\u00e3o Pessoa\u2019, a programa\u00e7\u00e3o da cidade para o per\u00edodo natalino. O evento contar\u00e1 com a participa\u00e7\u00e3o de mais de 60 expositores, de v\u00e1rios segmentos: moda,"},"aioseo_meta_data":{"post_id":"57185","title":null,"description":null,"keywords":null,"keyphrases":null,"primary_term":null,"canonical_url":null,"og_title":null,"og_description":null,"og_object_type":"default","og_image_type":"default","og_image_url":null,"og_image_width":null,"og_image_height":null,"og_image_custom_url":null,"og_image_custom_fields":null,"og_video":null,"og_custom_url":null,"og_article_section":null,"og_article_tags":null,"twitter_use_og":false,"twitter_card":"default","twitter_image_type":"default","twitter_image_url":null,"twitter_image_custom_url":null,"twitter_image_custom_fields":null,"twitter_title":null,"twitter_description":null,"schema":{"blockGraphs":[],"customGraphs":[],"default":{"data":{"Article":[],"Course":[],"Dataset":[],"FAQPage":[],"Movie":[],"Person":[],"Product":[],"ProductReview":[],"Car":[],"Recipe":[],"Service":[],"SoftwareApplication":[],"WebPage":[]},"graphName":"","isEnabled":true},"graphs":[]},"schema_type":"default","schema_type_options":null,"pillar_content":false,"robots_default":true,"robots_noindex":false,"robots_noarchive":false,"robots_nosnippet":false,"robots_nofollow":false,"robots_noimageindex":false,"robots_noodp":false,"robots_notranslate":false,"robots_max_snippet":null,"robots_max_videopreview":null,"robots_max_imagepreview":"large","priority":null,"frequency":null,"local_seo":null,"breadcrumb_settings":null,"limit_modified_date":false,"ai":null,"created":"2025-12-09 16:33:39","updated":"2025-12-09 16:33:39","seo_analyzer_scan_date":null,"focus_keyword":null,"additional_keywords":null,"truseo_locale":null},"aioseo_breadcrumb":"<div class=\"aioseo-breadcrumbs\"><span class=\"aioseo-breadcrumb\">\n\t\t\t<a href=\"https:\/\/ejornais.com.br\" title=\"In\u00edcio\">In\u00edcio<\/a>\n\t\t<\/span><span class=\"aioseo-breadcrumb-separator\">&raquo;<\/span><span class=\"aioseo-breadcrumb\">\n\t\t\t<a href=\"https:\/\/ejornais.com.br\/index.php\/category\/ejornais\/\" title=\"Cat\u00e1logo de Jornais\">Cat\u00e1logo de Jornais<\/a>\n\t\t<\/span><span class=\"aioseo-breadcrumb-separator\">&raquo;<\/span><span class=\"aioseo-breadcrumb\">\n\t\t\tSedurb realiza edi\u00e7\u00e3o natalina da Feira M\u00f3vel no Busto de Tamandar\u00e9\n\t\t<\/span><\/div>","aioseo_breadcrumb_json":[{"label":"In\u00edcio","link":"https:\/\/ejornais.com.br"},{"label":"Cat\u00e1logo de Jornais","link":"https:\/\/ejornais.com.br\/index.php\/category\/ejornais\/"},{"label":"Sedurb realiza edi\u00e7\u00e3o natalina da Feira M\u00f3vel no Busto de Tamandar\u00e9","link":"https:\/\/ejornais.com.br\/index.php\/2025\/12\/09\/sedurb-realiza-edicao-natalina-da-feira-movel-no-busto-de-tamandare\/"}],"amp_enabled":true,"_links":{"self":[{"href":"https:\/\/ejornais.com.br\/index.php\/wp-json\/wp\/v2\/posts\/57185","targetHints":{"allow":["GET"]}}],"collection":[{"href":"https:\/\/ejornais.com.br\/index.php\/wp-json\/wp\/v2\/posts"}],"about":[{"href":"https:\/\/ejornais.com.br\/index.php\/wp-json\/wp\/v2\/types\/post"}],"author":[{"embeddable":true,"href":"https:\/\/ejornais.com.br\/index.php\/wp-json\/wp\/v2\/users\/2"}],"replies":[{"embeddable":true,"href":"https:\/\/ejornais.com.br\/index.php\/wp-json\/wp\/v2\/comments?post=57185"}],"version-history":[{"count":0,"href":"https:\/\/ejornais.com.br\/index.php\/wp-json\/wp\/v2\/posts\/57185\/revisions"}],"wp:attachment":[{"href":"https:\/\/ejornais.com.br\/index.php\/wp-json\/wp\/v2\/media?parent=57185"}],"wp:term":[{"taxonomy":"category","embeddable":true,"href":"https:\/\/ejornais.com.br\/index.php\/wp-json\/wp\/v2\/categories?post=57185"},{"taxonomy":"post_tag","embeddable":true,"href":"https:\/\/ejornais.com.br\/index.php\/wp-json\/wp\/v2\/tags?post=57185"}],"curies":[{"name":"wp","href":"https:\/\/api.w.org\/{rel}","templated":true}]}}