{"id":57283,"date":"2025-12-10T23:43:38","date_gmt":"2025-12-11T02:43:38","guid":{"rendered":"https:\/\/ejornais.com.br\/index.php\/2025\/12\/10\/rio-registra-fortes-ventos-devido-a-passagem-de-frente-fria\/"},"modified":"2025-12-10T23:43:38","modified_gmt":"2025-12-11T02:43:38","slug":"rio-registra-fortes-ventos-devido-a-passagem-de-frente-fria","status":"publish","type":"post","link":"https:\/\/ejornais.com.br\/index.php\/2025\/12\/10\/rio-registra-fortes-ventos-devido-a-passagem-de-frente-fria\/","title":{"rendered":"Rio registra fortes ventos devido \u00e0 passagem de frente fria"},"content":{"rendered":"<p> Por MRNews<br \/>\n<\/p>\n<div wp_automatic_readability=\"83.954788816181\">\n<p>O munic\u00edpio do Rio de Janeiro registrou ventos fortes desde o in\u00edcio desta quarta-feira (10), devido \u00e0\u00a0passagem de uma frente fria, vinda do oceano.<strong> De acordo com o Sistema Alerta Rio e Instituto Nacional de Meteorologia (Inmet), \u00e0s 8h30, os ventos chegaram aos 74,8 quil\u00f4metros por hora (km\/h), na esta\u00e7\u00e3o\u00a0do Vidigal, na zona sul.<\/strong><\/p>\n<p><strong>Al\u00e9m da esta\u00e7\u00e3o Vidigal, os outros dois maiores registros de vento nesta quarta-feira foram verificados na\u00a0esta\u00e7\u00e3o da Marambaia:\u00a073,4 km\/h, entre as 8h e as 9h, e 61,2 km\/h, entre as 7h e as 8h.<\/strong><\/p>\n<p>Devido aos fortes ventos na zona sul, equipes da Guarda Municipal foram acionadas pelo Centro de Opera\u00e7\u00f5es da prefeitura do Rio (COR-Rio) para a Avenida Niemeyer e tamb\u00e9m na Ciclovia Tim Maia. A medida foi adotada em fun\u00e7\u00e3o do\u00a0protocolo\u00a0elaborado\u00a0pelo COR-Rio, que prev\u00ea\u00a0o fechamento preventivo da via quando s\u00e3o registrados ventos acima dos 65 km\/h na esta\u00e7\u00e3o Vidigal.<\/p>\n<p><strong><a href=\"https:\/\/mrnews.com.br\/index.php\/2025\/12\/10\/midr-reconhece-situacao-de-emergencia-em-21-municipios\/\">MIDR reconhece situa\u00e7\u00e3o de emerg\u00eancia em 21 munic\u00edpios\u00a0<\/a><\/strong><\/p>\n<p><strong><a href=\"https:\/\/mrnews.com.br\/index.php\/2025\/12\/10\/jornalistas-fazem-ato-contra-censura-e-agressoes-na-camara\/\">Jornalistas fazem ato contra censura e agress\u00f5es na C\u00e2mara<\/a><\/strong><\/p>\n<p>A Ciclovia Tim Maia liga o bairro do\u00a0Leblon, na zona sul, \u00e0\u00a0Barra da Tijuca, na zona oeste. Passa por S\u00e3o Conrado e pelo Elevado do Jo\u00e1, ao longo da Avenida Niemeyer, num trajeto de 9 km com vista do mar.<\/p>\n<p>No Leblon, a queda de uma \u00e1rvore interditou pela manh\u00e3 a Rua Almirante Guilhem, altura da Avenida Ataulfo de Paiva. Bombeiros e a Companhia de Limpeza Urbana (Comlurb) foram deslocados para a desobstru\u00e7\u00e3o da pista. O tr\u00e2nsito foi desviado para a Avenida Ataulfo de Paiva, seguindo pela Avenida Afr\u00e2nio de Melo Franco. A situa\u00e7\u00e3o foi totalmente normalizada no in\u00edcio da tarde.<\/p>\n<p><strong>A cidade do Rio est\u00e1 em Est\u00e1gio 1 e a previs\u00e3o para esta quarta-feira (10) \u00e9 de ventos moderados a fortes, al\u00e9m de chuva fraca a moderada isolada at\u00e9 o per\u00edodo da tarde e chuva fraca no per\u00edodo da noite.<\/strong><\/p>\n<p>Em caso de vento forte, a Defesa Civil municipal e o Corpo de Bombeiros orientam a popula\u00e7\u00e3o a tomar as seguintes medidas:<\/p>\n<p><strong><a href=\"https:\/\/mrnews.com.br\/index.php\/2025\/12\/10\/sao-paulo-combate-fraude-fiscal-de-r-70-milhoes-no-setor-de-autopecas\/\">S\u00e3o Paulo\u00a0combate fraude fiscal\u00a0de R$ 70 milh\u00f5es no setor de autope\u00e7as<\/a><\/strong><\/p>\n<p><strong><a href=\"https:\/\/mrnews.com.br\/index.php\/2025\/12\/10\/defesa-civil-de-sp-recebe-514-chamados-por-quedas-de-arvores\/\">Defesa Civil de SP recebe 514 chamados por quedas de \u00e1rvores<\/a><\/strong><\/p>\n<ul>\n<li>N\u00e3o se abrigar\u00a0debaixo de \u00e1rvores ou coberturas met\u00e1licas;<\/li>\n<li>Evitar\u00a0a pr\u00e1tica de esportes ao ar livre, especialmente no mar;<\/li>\n<li>Evitar\u00a0ficar pr\u00f3ximo a precip\u00edcios, encostas ou lugares altos sem prote\u00e7\u00e3o;<\/li>\n<li>N\u00e3o estacionar\u00a0ve\u00edculos perto de\u00a0torres de transmiss\u00e3o e placas de propaganda.<\/li>\n<\/ul>\n<h2>Regi\u00e3o serrana<\/h2>\n<p>A prefeitura de Petr\u00f3polis, na regi\u00e3o serrana do Rio, decidiu cancelar <em>shows<\/em> art\u00edsticos programados para quarta\u00a0e quinta-feira\u00a0(11), no Pal\u00e1cio de Cristal, como parte da programa\u00e7\u00e3o do Natal Imperial, devido aos fortes ventos que atingiram a cidade na madrugada de hoje.<\/p>\n<p>A ventania provocou danos na cobertura do palco e em equipamentos de sonoriza\u00e7\u00e3o. A medida \u00e9 necess\u00e1ria para realizar a substitui\u00e7\u00e3o dos equipamentos.<\/p>\n<p>As outras atra\u00e7\u00f5es do Natal Imperial no Pal\u00e1cio de Cristal, como as decora\u00e7\u00f5es natalinas, a Casinha do Papai Noel e as barracas de alimenta\u00e7\u00e3o, n\u00e3o foram danificadas pela for\u00e7a dos ventos e seguem abertas ao p\u00fablico.<\/p>\n<p>A prefeitura informou ainda que \u201ca organiza\u00e7\u00e3o do Natal Imperial lamenta o imprevisto e os transtornos causados pelo cancelamento dos shows, que s\u00e3o parte importante da nossa programa\u00e7\u00e3o para a popula\u00e7\u00e3o e os turistas\u201d.<\/p>\n<\/div>\n","protected":false},"excerpt":{"rendered":"<p>Por MRNews O munic\u00edpio do Rio de Janeiro registrou ventos fortes desde o in\u00edcio desta quarta-feira (10), devido \u00e0\u00a0passagem de<\/p>\n","protected":false},"author":2,"featured_media":0,"comment_status":"","ping_status":"","sticky":false,"template":"","format":"standard","meta":{"colormag_page_container_layout":"default_layout","colormag_page_sidebar_layout":"default_layout","footnotes":""},"categories":[1],"tags":[],"class_list":["post-57283","post","type-post","status-publish","format-standard","hentry","category-ejornais"],"aioseo_notices":[],"amp_enabled":true,"_links":{"self":[{"href":"https:\/\/ejornais.com.br\/index.php\/wp-json\/wp\/v2\/posts\/57283","targetHints":{"allow":["GET"]}}],"collection":[{"href":"https:\/\/ejornais.com.br\/index.php\/wp-json\/wp\/v2\/posts"}],"about":[{"href":"https:\/\/ejornais.com.br\/index.php\/wp-json\/wp\/v2\/types\/post"}],"author":[{"embeddable":true,"href":"https:\/\/ejornais.com.br\/index.php\/wp-json\/wp\/v2\/users\/2"}],"replies":[{"embeddable":true,"href":"https:\/\/ejornais.com.br\/index.php\/wp-json\/wp\/v2\/comments?post=57283"}],"version-history":[{"count":0,"href":"https:\/\/ejornais.com.br\/index.php\/wp-json\/wp\/v2\/posts\/57283\/revisions"}],"wp:attachment":[{"href":"https:\/\/ejornais.com.br\/index.php\/wp-json\/wp\/v2\/media?parent=57283"}],"wp:term":[{"taxonomy":"category","embeddable":true,"href":"https:\/\/ejornais.com.br\/index.php\/wp-json\/wp\/v2\/categories?post=57283"},{"taxonomy":"post_tag","embeddable":true,"href":"https:\/\/ejornais.com.br\/index.php\/wp-json\/wp\/v2\/tags?post=57283"}],"curies":[{"name":"wp","href":"https:\/\/api.w.org\/{rel}","templated":true}]}}