{"id":57325,"date":"2025-12-11T16:15:10","date_gmt":"2025-12-11T19:15:10","guid":{"rendered":"https:\/\/ejornais.com.br\/index.php\/2025\/12\/11\/grupo-de-danca-do-cci-vovo-ziza-encerra-o-ano-com-vitoria-em-campeonato-estadual-cgnoticias\/"},"modified":"2025-12-11T16:15:10","modified_gmt":"2025-12-11T19:15:10","slug":"grupo-de-danca-do-cci-vovo-ziza-encerra-o-ano-com-vitoria-em-campeonato-estadual-cgnoticias","status":"publish","type":"post","link":"https:\/\/ejornais.com.br\/index.php\/2025\/12\/11\/grupo-de-danca-do-cci-vovo-ziza-encerra-o-ano-com-vitoria-em-campeonato-estadual-cgnoticias\/","title":{"rendered":"Grupo de dan\u00e7a do CCI Vov\u00f3 Ziza encerra o ano com vit\u00f3ria em campeonato estadual \u2013 CGNot\u00edcias"},"content":{"rendered":"<p><\/p>\n<div>\n<p>Criado h\u00e1 mais de 20 anos, o Grupo de Dan\u00e7a Coreografada Fantasia, do Centro de Conviv\u00eancia do Idoso (CCI) Vov\u00f3 Ziza, encerrou o ano conquistando o primeiro lugar na categoria de Dan\u00e7a Folcl\u00f3rica no Festival de Dan\u00e7a Coreografada da Melhor Idade de Mato Grosso do Sul, considerado uma das competi\u00e7\u00f5es mais importantes do estado voltadas para este p\u00fablico e que reuniu 179 idosos de 17 munic\u00edpios.<\/p>\n<p>A medalha de ouro conquistada pelo grupo, coordenado pela professora e bailarina S\u00f4nia Rolon, reafirma a import\u00e2ncia das atividades socioeducativas e culturais desenvolvidas nas unidades da rede de Assist\u00eancia Social do munic\u00edpio.<\/p>\n<p>A professora ressaltou que o pr\u00eamio transcende a vit\u00f3ria do pr\u00f3prio grupo. \u201cPara n\u00f3s, o mais importante foi representar n\u00e3o apenas o CCI, mas Campo Grande porque \u00e9 uma competi\u00e7\u00e3o que sempre participamos e nunca t\u00ednhamos conquistado o primeiro lugar\u201d, declarou.<\/p>\n<p>A coreografia que levou o Grupo Fantasia ao topo foi escolhida, segundo S\u00f4nia, \u201cpela beleza do ritmo\u201d e para mostrar que \u201cexiste sensualidade tamb\u00e9m na terceira idade\u201d. A apresenta\u00e7\u00e3o vencedora foi um medley musical das can\u00e7\u00f5es \u201cVivir\u201d e \u201cBailando\u201d de Enrique Iglesias, unindo o ritmo espanhol flamenco com o gingado latino.<\/p>\n<figure class=\"wp-block-image size-large\"><\/figure>\n<p>A cria\u00e7\u00e3o da coreografia foi um processo longo, exigindo cerca de seis meses de ensaios. Embora a ideia inicial seja da professora S\u00f4nia, ela conta que o processo se transformou em uma cria\u00e7\u00e3o coletiva, com as bailarinas contribuindo com ideias, acess\u00f3rios e figurinos.<\/p>\n<p>A hist\u00f3ria do grupo remonta mais de 20 anos, quando S\u00f4nia Rolon deu in\u00edcio ao primeiro grupo municipal de dan\u00e7a coreografada da terceira idade, que na \u00e9poca funcionava no Horto Florestal. \u201cDepois da\u00ed explodiu a dan\u00e7a coreografada em todos os lugares para terceira idade,\u201d recorda a professora, formada em Artes C\u00eanicas com p\u00f3s-gradua\u00e7\u00e3o em dan\u00e7a e tem no curr\u00edculo, cursos espec\u00edficos sobre o trabalho com a terceira idade. \u201cO importante \u00e9 adaptar as coreografias ao ritmo e ao limite de cada bailarina\u201d, pontuou.<\/p>\n<p>Experi\u00eancias<\/p>\n<p>O grupo \u00e9 conhecido por sua paix\u00e3o pelo palco, por isso recebe com frequ\u00eancia convites para se apresentar no interior e em outros estados. Rec\u00e9m-chegada ao grupo, a bailarina Maria Melo Reis Dantas, de 67 anos, comenta o impacto da dan\u00e7a no bem-estar, destacando a necessidade de movimentar o corpo para manter o equil\u00edbrio emocional. Ela tamb\u00e9m ressaltou a import\u00e2ncia do conv\u00edvio social no CCI Vov\u00f3 Ziza, que oferece diversas atividades como hidrogin\u00e1stica, pilates e jogos, contribuindo para a qualidade de vida e combatendo o isolamento social.<\/p>\n<p>A aposentada revela que teve a oportunidade de dan\u00e7ar com o renomado core\u00f3grafo Carlinhos de Jesus no Maturi Show em Bonito, evento sobre a terceira idade que re\u00fane pa\u00edses do Mercosul.\u00a0 \u201cFoi uma alegria imensa, cada apresenta\u00e7\u00e3o \u00e9 uma emo\u00e7\u00e3o diferente\u201d, disse.<\/p>\n<p>J\u00e1 Arilda Riquelme da Silva Antunes, 77 anos, est\u00e1 no grupo desde o in\u00edcio. Ela conta que no in\u00edcio era preciso passar por um teste para integrar o elenco, mas com a populariza\u00e7\u00e3o das atividades de dan\u00e7a na gest\u00e3o, a participa\u00e7\u00e3o ficou mais democr\u00e1tica.\u00a0<\/p>\n<figure class=\"wp-block-image size-large\"><\/figure>\n<p>\u201cFico ansiosa esperando pelos ensaios durante a semana, \u00e9 um orgulho representar nossa cidade por meio da dan\u00e7a\u201d, disse a bailarina que tamb\u00e9m \u00e9 a sonoplasta do grupo e respons\u00e1vel por mixar as m\u00fasicas que s\u00e3o coreografadas. \u201cPedi para um rapaz que trabalhava no CCI me explicar e aprendi rapidinho. Fa\u00e7o por amor\u201d, disse.<\/p>\n<p>Projetos<\/p>\n<p>Com um hist\u00f3rico de apresenta\u00e7\u00f5es internacionais e interestaduais, tendo se apresentado no Rio Grande do Sul e at\u00e9 mesmo na divisa entre o Paraguai e a Argentina, o Grupo Fantasia j\u00e1 planeja o futuro, mas por enquanto S\u00f4nia faz segredo sobre o novo trabalho.<\/p>\n<p>Enquanto isso, o grupo mant\u00e9m a rotina de ensaios tr\u00eas vezes por semana, focados na prepara\u00e7\u00e3o f\u00edsica e psicol\u00f3gica. \u201cCada apresenta\u00e7\u00e3o \u00e9 uma emo\u00e7\u00e3o diferente porque nosso foco \u00e9 divulgar a cultura da nossa Capital, concluiu S\u00f4nia.<\/p>\n<\/div>\n<p><script async defer async defer src=\"https:\/\/connect.facebook.net\/en_US\/sdk.js?ver=1#xfbml=1&amp;version=v3.2\" id=\"prefeitura-campogrande-script-facebook-sdk-js\"><\/script><\/p>\n","protected":false},"excerpt":{"rendered":"<p>Criado h\u00e1 mais de 20 anos, o Grupo de Dan\u00e7a Coreografada Fantasia, do Centro de Conviv\u00eancia do Idoso (CCI) Vov\u00f3<\/p>\n","protected":false},"author":2,"featured_media":0,"comment_status":"","ping_status":"","sticky":false,"template":"","format":"standard","meta":{"colormag_page_container_layout":"default_layout","colormag_page_sidebar_layout":"default_layout","footnotes":""},"categories":[1],"tags":[],"class_list":["post-57325","post","type-post","status-publish","format-standard","hentry","category-ejornais"],"aioseo_notices":[],"amp_enabled":true,"_links":{"self":[{"href":"https:\/\/ejornais.com.br\/index.php\/wp-json\/wp\/v2\/posts\/57325","targetHints":{"allow":["GET"]}}],"collection":[{"href":"https:\/\/ejornais.com.br\/index.php\/wp-json\/wp\/v2\/posts"}],"about":[{"href":"https:\/\/ejornais.com.br\/index.php\/wp-json\/wp\/v2\/types\/post"}],"author":[{"embeddable":true,"href":"https:\/\/ejornais.com.br\/index.php\/wp-json\/wp\/v2\/users\/2"}],"replies":[{"embeddable":true,"href":"https:\/\/ejornais.com.br\/index.php\/wp-json\/wp\/v2\/comments?post=57325"}],"version-history":[{"count":0,"href":"https:\/\/ejornais.com.br\/index.php\/wp-json\/wp\/v2\/posts\/57325\/revisions"}],"wp:attachment":[{"href":"https:\/\/ejornais.com.br\/index.php\/wp-json\/wp\/v2\/media?parent=57325"}],"wp:term":[{"taxonomy":"category","embeddable":true,"href":"https:\/\/ejornais.com.br\/index.php\/wp-json\/wp\/v2\/categories?post=57325"},{"taxonomy":"post_tag","embeddable":true,"href":"https:\/\/ejornais.com.br\/index.php\/wp-json\/wp\/v2\/tags?post=57325"}],"curies":[{"name":"wp","href":"https:\/\/api.w.org\/{rel}","templated":true}]}}