{"id":57464,"date":"2025-12-13T23:22:48","date_gmt":"2025-12-14T02:22:48","guid":{"rendered":"https:\/\/ejornais.com.br\/index.php\/2025\/12\/13\/corujao-da-saude-realiza-mais-de-35-mil-procedimentos-na-primeira-fase-agencia-de-noticias\/"},"modified":"2025-12-13T23:22:48","modified_gmt":"2025-12-14T02:22:48","slug":"corujao-da-saude-realiza-mais-de-35-mil-procedimentos-na-primeira-fase-agencia-de-noticias","status":"publish","type":"post","link":"https:\/\/ejornais.com.br\/index.php\/2025\/12\/13\/corujao-da-saude-realiza-mais-de-35-mil-procedimentos-na-primeira-fase-agencia-de-noticias\/","title":{"rendered":"\u2018Coruj\u00e3o da Sa\u00fade\u2019 realiza mais de 35 mil procedimentos na primeira fase \u2013 Ag\u00eancia de Not\u00edcias"},"content":{"rendered":"<p><\/p>\n<div>\n<div class=\"col\">\n<p class=\"mt-0\">\n                        <strong><br \/>\n                            <span class=\"far fa-calendar mr-1 mt-2\"\/><br \/>\n                            12 de dezembro de 2025<br \/>\n                            <span class=\"far fa-clock ml-3 mt-2\"\/><br \/>\n                            17:08<br \/>\n                        <\/strong>\n                    <\/p>\n<p class=\"mb-0\">Por: <strong>Bruno Rodrigues<\/strong><\/p>\n<\/p><\/div>\n<\/p><\/div>\n<div>\n<p>Desde o in\u00edcio, no dia 1\u00ba de julho deste ano, o programa \u201cCoruj\u00e3o da Sa\u00fade\u201d, j\u00e1 realizou, at\u00e9 o momento, 35.371 procedimentos para pacientes que estavam na demanda municipal. O n\u00famero integra a etapa de conclus\u00e3o da primeira fase do programa.<\/p>\n<p>Foram ofertados exames de mamografia, cirurgia urol\u00f3gica, cirurgia ginecol\u00f3gica, cirurgia de aparelho digestivo (colecistectomia e h\u00e9rnia), audiometria, USG Doppler, USG Geral, cirurgia de varizes, ecocardiograma e laqueadura.<\/p>\n<p>Os procedimentos foram executados das 7h \u00e0s 22h, pela Prefeitura de Sorocaba, por meio da Secretaria da Sa\u00fade (Sa\u00fade), em parceria com as institui\u00e7\u00f5es: Santa Casa de Miseric\u00f3rdia, Amhemed, Associa\u00e7\u00e3o de Pais e Amigos de Deficientes Auditivos de Sorocaba (Apadas) e Top Imagem, al\u00e9m da Policl\u00ednica Municipal.<\/p>\n<p>Para o pr\u00f3ximo ano, a SES viabilizar\u00e1 novos procedimentos dando sequ\u00eancia \u00e0 segunda etapa, otimizando a fila de espera com fomento de atualiza\u00e7\u00e3o cadastral dos usu\u00e1rios SUS e incentivando a comunica\u00e7\u00e3o para informar o munic\u00edpio caso j\u00e1 tenham efetuado os procedimentos em unidades da rede suplementar (privada).<\/p>\n<p>\u201cFoi mais um importante passo dado pela Prefeitura no objetivo de atender a popula\u00e7\u00e3o e dar sequ\u00eancia aos atendimentos de sa\u00fade que estavam represados. Para o ano que vem, buscaremos ainda mais modalidades de parcerias para dar andamento no programa\u201d, destaca o secret\u00e1rio da Sa\u00fade, Dr. Jo\u00e3o Pedro Arruda Fraletti Miguel.<\/p>\n<\/p><\/div>\n","protected":false},"excerpt":{"rendered":"<p>12 de dezembro de 2025 17:08 Por: Bruno Rodrigues Desde o in\u00edcio, no dia 1\u00ba de julho deste ano, o<\/p>\n","protected":false},"author":2,"featured_media":0,"comment_status":"","ping_status":"","sticky":false,"template":"","format":"standard","meta":{"colormag_page_container_layout":"default_layout","colormag_page_sidebar_layout":"default_layout","footnotes":""},"categories":[1],"tags":[],"class_list":["post-57464","post","type-post","status-publish","format-standard","hentry","category-ejornais"],"aioseo_notices":[],"amp_enabled":true,"_links":{"self":[{"href":"https:\/\/ejornais.com.br\/index.php\/wp-json\/wp\/v2\/posts\/57464","targetHints":{"allow":["GET"]}}],"collection":[{"href":"https:\/\/ejornais.com.br\/index.php\/wp-json\/wp\/v2\/posts"}],"about":[{"href":"https:\/\/ejornais.com.br\/index.php\/wp-json\/wp\/v2\/types\/post"}],"author":[{"embeddable":true,"href":"https:\/\/ejornais.com.br\/index.php\/wp-json\/wp\/v2\/users\/2"}],"replies":[{"embeddable":true,"href":"https:\/\/ejornais.com.br\/index.php\/wp-json\/wp\/v2\/comments?post=57464"}],"version-history":[{"count":0,"href":"https:\/\/ejornais.com.br\/index.php\/wp-json\/wp\/v2\/posts\/57464\/revisions"}],"wp:attachment":[{"href":"https:\/\/ejornais.com.br\/index.php\/wp-json\/wp\/v2\/media?parent=57464"}],"wp:term":[{"taxonomy":"category","embeddable":true,"href":"https:\/\/ejornais.com.br\/index.php\/wp-json\/wp\/v2\/categories?post=57464"},{"taxonomy":"post_tag","embeddable":true,"href":"https:\/\/ejornais.com.br\/index.php\/wp-json\/wp\/v2\/tags?post=57464"}],"curies":[{"name":"wp","href":"https:\/\/api.w.org\/{rel}","templated":true}]}}