{"id":57488,"date":"2025-12-14T11:46:22","date_gmt":"2025-12-14T14:46:22","guid":{"rendered":"https:\/\/ejornais.com.br\/index.php\/2025\/12\/14\/aulao-de-fitdance-movimenta-a-praca-ary-coelho-no-sabado-do-natal-dos-sonhos-cgnoticias\/"},"modified":"2025-12-14T11:46:22","modified_gmt":"2025-12-14T14:46:22","slug":"aulao-de-fitdance-movimenta-a-praca-ary-coelho-no-sabado-do-natal-dos-sonhos-cgnoticias","status":"publish","type":"post","link":"https:\/\/ejornais.com.br\/index.php\/2025\/12\/14\/aulao-de-fitdance-movimenta-a-praca-ary-coelho-no-sabado-do-natal-dos-sonhos-cgnoticias\/","title":{"rendered":"Aul\u00e3o de FitDance movimenta a Pra\u00e7a Ary Coelho no s\u00e1bado do Natal dos Sonhos \u2013 CGNot\u00edcias"},"content":{"rendered":"<p><\/p>\n<div>\n<p>A magia do Natal dos Sonhos tomou conta de Campo Grande neste s\u00e1bado (14), com uma programa\u00e7\u00e3o especial na Pra\u00e7a Ary Coelho. Em meio \u00e0s luzes e ao clima festivo, o local recebeu o animado Aul\u00e3o de FitDance com o professor Marquinhos, proporcionando bem-estar e alegria ao p\u00fablico dentro das celebra\u00e7\u00f5es natalinas.<\/p>\n<p>Moradores e visitantes se reuniram para vivenciar uma experi\u00eancia diferente e cheia de energia. A jovem Ana Alessandra dos Santos, de 18 anos, contou que n\u00e3o esperava participar da atividade. \u201cEu estava no shopping, e meu esposo sugeriu que vi\u00e9ssemos aqui. Ent\u00e3o, passamos por perto e decidimos participar\u201d, relatou.<\/p>\n<figure class=\"wp-block-image size-large\"><\/figure>\n<p>Quem tamb\u00e9m aproveitou a aula especial foi Elton da Silva Santos, que celebrou seu anivers\u00e1rio de 43 anos dan\u00e7ando. \u201cVim para participar do Aul\u00e3o e tamb\u00e9m para apreciar as festividades de Natal da cidade. Estou gostando muito. Eventos como este unem a comunidade, proporcionando momentos agrad\u00e1veis para todos. \u00c9 maravilhoso ver pessoas de todas as idades e fam\u00edlias celebrando juntas\u201d, afirmou.<\/p>\n<figure class=\"wp-block-image size-large\"><\/figure>\n<p>Instrutora de FitDance, Renata Miranda, de 39 anos, fez quest\u00e3o de prestigiar os colegas. \u201cHoje estou acompanhando meus amigos. Eu considero a dan\u00e7a ben\u00e9fica para a mem\u00f3ria e a coordena\u00e7\u00e3o motora, al\u00e9m de promover a socializa\u00e7\u00e3o\u201d, destacou.<\/p>\n<figure class=\"wp-block-image size-large\"><\/figure>\n<p>Al\u00e9m da atividade f\u00edsica, o s\u00e1bado tamb\u00e9m foi marcado pelo desfile especial: a Parada Natalina, tradicional e sempre aguardada, fez a entrada na Pra\u00e7a Ary Coelho, encantando o p\u00fablico com personagens iluminados, m\u00fasica e emo\u00e7\u00e3o. Crian\u00e7as interagiram com os personagens, adultos registraram cada momento com brilho nos olhos e a pra\u00e7a ganhou vida com o esp\u00edrito natalino.<\/p>\n<figure class=\"wp-block-image size-large\"><\/figure>\n<p><strong>Natal que transforma<\/strong><\/p>\n<p>Mais do que uma festa visual, o Natal dos Sonhos tamb\u00e9m impulsiona a economia local. O aumento da circula\u00e7\u00e3o de pessoas fortalece o com\u00e9rcio, o turismo e gera oportunidades para micro e pequenos empreendedores, que encontram no per\u00edodo natalino uma chance de ampliar a renda e a visibilidade de seus neg\u00f3cios.<\/p>\n<p>Com apoio de parceiros como \u00c1guas Guariroba, Energisa, Famasul, MRV, P\u00e1tio Central Shopping e Sesc, o Natal dos Sonhos se consolida como um projeto coletivo. A uni\u00e3o de esfor\u00e7os garante seguran\u00e7a, estrutura, atra\u00e7\u00f5es culturais gratuitas e a\u00e7\u00f5es sociais ao longo de todo o m\u00eas.<\/p>\n<figure class=\"wp-block-image size-large\"><\/figure>\n<p>Para o Sistema Com\u00e9rcio, representado por Edison Ara\u00fajo, o evento exerce papel fundamental no fortalecimento da cultura, do turismo e do com\u00e9rcio. \u201c\u00c9 uma iniciativa que transforma o esp\u00edrito natalino em crescimento real para a Capital\u201d, afirma.<\/p>\n<p>Entre paradas, espet\u00e1culos, apresenta\u00e7\u00f5es musicais, a\u00e7\u00f5es sociais e decora\u00e7\u00f5es espalhadas por toda a cidade, Campo Grande vive um Natal pensado para todos: plural, acolhedor e cheio de emo\u00e7\u00e3o.<\/p>\n<p><em>#ParaTodosVerem As imagens s\u00e3o do Aul\u00e3o e entrevistados.<\/em><\/p>\n<\/div>\n<p><script async defer async defer src=\"https:\/\/connect.facebook.net\/en_US\/sdk.js?ver=1#xfbml=1&amp;version=v3.2\" id=\"prefeitura-campogrande-script-facebook-sdk-js\"><\/script><\/p>\n","protected":false},"excerpt":{"rendered":"<p>A magia do Natal dos Sonhos tomou conta de Campo Grande neste s\u00e1bado (14), com uma programa\u00e7\u00e3o especial na Pra\u00e7a<\/p>\n","protected":false},"author":2,"featured_media":0,"comment_status":"","ping_status":"","sticky":false,"template":"","format":"standard","meta":{"colormag_page_container_layout":"default_layout","colormag_page_sidebar_layout":"default_layout","footnotes":""},"categories":[1],"tags":[],"class_list":["post-57488","post","type-post","status-publish","format-standard","hentry","category-ejornais"],"aioseo_notices":[],"amp_enabled":true,"_links":{"self":[{"href":"https:\/\/ejornais.com.br\/index.php\/wp-json\/wp\/v2\/posts\/57488","targetHints":{"allow":["GET"]}}],"collection":[{"href":"https:\/\/ejornais.com.br\/index.php\/wp-json\/wp\/v2\/posts"}],"about":[{"href":"https:\/\/ejornais.com.br\/index.php\/wp-json\/wp\/v2\/types\/post"}],"author":[{"embeddable":true,"href":"https:\/\/ejornais.com.br\/index.php\/wp-json\/wp\/v2\/users\/2"}],"replies":[{"embeddable":true,"href":"https:\/\/ejornais.com.br\/index.php\/wp-json\/wp\/v2\/comments?post=57488"}],"version-history":[{"count":0,"href":"https:\/\/ejornais.com.br\/index.php\/wp-json\/wp\/v2\/posts\/57488\/revisions"}],"wp:attachment":[{"href":"https:\/\/ejornais.com.br\/index.php\/wp-json\/wp\/v2\/media?parent=57488"}],"wp:term":[{"taxonomy":"category","embeddable":true,"href":"https:\/\/ejornais.com.br\/index.php\/wp-json\/wp\/v2\/categories?post=57488"},{"taxonomy":"post_tag","embeddable":true,"href":"https:\/\/ejornais.com.br\/index.php\/wp-json\/wp\/v2\/tags?post=57488"}],"curies":[{"name":"wp","href":"https:\/\/api.w.org\/{rel}","templated":true}]}}