{"id":57494,"date":"2025-12-14T15:40:22","date_gmt":"2025-12-14T18:40:22","guid":{"rendered":"https:\/\/ejornais.com.br\/index.php\/2025\/12\/14\/em-varias-capitais-manifestantes-vao-as-ruas-contra-pl-da-dosimetria\/"},"modified":"2025-12-14T15:40:22","modified_gmt":"2025-12-14T18:40:22","slug":"em-varias-capitais-manifestantes-vao-as-ruas-contra-pl-da-dosimetria","status":"publish","type":"post","link":"https:\/\/ejornais.com.br\/index.php\/2025\/12\/14\/em-varias-capitais-manifestantes-vao-as-ruas-contra-pl-da-dosimetria\/","title":{"rendered":"Em v\u00e1rias capitais, manifestantes v\u00e3o \u00e0s ruas contra PL da Dosimetria"},"content":{"rendered":"<p> Por MRNews<br \/>\n<\/p>\n<div wp_automatic_readability=\"63.75125284738\">\n<p><strong>Manifestantes de diversas cidades brasileiras foram \u00e0s ruas neste domingo (14)\u00a0contra a aprova\u00e7\u00e3o do chamado PL da Dosimetria, o projeto de lei que pretende diminuir o c\u00e1lculo das penas (dosimetria) de condenados pelos atos golpistas de 8 de janeiro de 2023 e beneficiar o ex-presidente Jair Bolsonaro.<\/strong><\/p>\n<p>Os atos\u00a0s\u00e3o promovidos pelas frentes\u00a0Brasil Popular\u00a0e\u00a0Povo Sem Medo,\u00a0movimentos de esquerda que se mobilizaram contra a aprova\u00e7\u00e3o do projeto.<\/p>\n<p>Pela manh\u00e3, os atos foram realizados nas principais capitais do pa\u00eds, entre elas, Belo Horizonte, Campo Grande, Cuiab\u00e1, Macei\u00f3, Fortaleza, Salvador e Bras\u00edlia.<\/p>\n<p><strong><a href=\"https:\/\/mrnews.com.br\/index.php\/2025\/12\/14\/segunda-parcela-do-13o-salario-deve-ser-paga-ate-a-proxima-sexta-feira\/\">Segunda parcela do 13\u00ba sal\u00e1rio deve ser paga at\u00e9 a pr\u00f3xima sexta-feira<\/a><\/strong><\/p>\n<p><strong><a href=\"https:\/\/mrnews.com.br\/index.php\/2025\/12\/14\/palmeiras-segura-corinthians-e-conquista-o-tetra-do-paulista-feminino\/\">Palmeiras segura Corinthians e conquista o tetra do Paulista Feminino<\/a><\/strong><\/p>\n<p><strong>Na capital federal, os manifestantes se reuniram em frente ao Museu da Rep\u00fablica e se dirigiram ao Congresso, onde gritaram palavras de ordem e ergueram cartazes com os dizeres \u201cSem anistia para golpista\u201d. Tamb\u00e9m houve criticas ao presidente da C\u00e2mara dos Deputados, Hugo Motta (Republicanos-PB).<\/strong><\/p>\n<p><strong>Em S\u00e3o Paulo, o ato tamb\u00e9m est\u00e1 acontecendo, come\u00e7ou \u00e0s 14h, em frente ao Masp, na Avenida Paulista. No Rio de Janeiro, a concentra\u00e7\u00e3o estava marcada para as 13h, na altura do posto 5, em Copacabana.<\/strong><\/p>\n<h2>Projeto de lei<\/h2>\n<p>Na quarta-feira (10), a C\u00e2mara dos Deputados aprovou projeto de lei que prev\u00ea a redu\u00e7\u00e3o de penas de pessoas condenadas pelos atos golpistas.<\/p>\n<p>O texto foi aprovado durante a madrugada e \u00e9 substitutivo do relator, deputado Paulinho da For\u00e7a (Solidariedade-SP), ao Projeto de Lei 2162\/23, do deputado Marcelo Crivella (Republicanos-RJ).\u00a0<\/p>\n<p><strong><a href=\"https:\/\/mrnews.com.br\/index.php\/2025\/12\/14\/videogame-brasileiro-tem-menino-yanomami-como-heroi\/\">Videogame brasileiro tem menino yanomami como her\u00f3i<\/a><\/strong><\/p>\n<p><strong><a href=\"https:\/\/mrnews.com.br\/index.php\/2025\/12\/14\/exposicao-mostra-achados-arqueologicos-sobre-origens-da-cidade-de-sp\/\">Exposi\u00e7\u00e3o mostra achados arqueol\u00f3gicos sobre origens da cidade de SP<\/a><\/strong><\/p>\n<p><strong>O substitutivo determina que os crimes de tentativa de acabar com o Estado Democr\u00e1tico de Direito e de golpe de Estado, quando praticados no mesmo contexto, implicar\u00e3o uso da pena mais grave em vez da soma de ambas as penas.<\/strong><\/p>\n<p>Ap\u00f3s a aprova\u00e7\u00e3o na C\u00e2mara, o projeto seguiu para o Senado, onde ser\u00e1 analisado pela Comiss\u00e3o de Constitui\u00e7\u00e3o e Justi\u00e7a (CCJ) na pr\u00f3xima quarta-feira (17).\u00a0<\/p>\n<\/div>\n","protected":false},"excerpt":{"rendered":"<p>Por MRNews Manifestantes de diversas cidades brasileiras foram \u00e0s ruas neste domingo (14)\u00a0contra a aprova\u00e7\u00e3o do chamado PL da Dosimetria,<\/p>\n","protected":false},"author":2,"featured_media":0,"comment_status":"","ping_status":"","sticky":false,"template":"","format":"standard","meta":{"colormag_page_container_layout":"default_layout","colormag_page_sidebar_layout":"default_layout","footnotes":""},"categories":[1],"tags":[],"class_list":["post-57494","post","type-post","status-publish","format-standard","hentry","category-ejornais"],"aioseo_notices":[],"aioseo_head":"\n\t\t<!-- All in One SEO 5.0.1.1 - aioseo.com -->\n\t<meta name=\"description\" content=\"Por MRNews Manifestantes de diversas cidades brasileiras foram \u00e0s ruas neste domingo (14) contra a aprova\u00e7\u00e3o do chamado PL da Dosimetria, o projeto de lei que pretende diminuir o c\u00e1lculo das penas (dosimetria) de condenados pelos atos golpistas de 8 de janeiro de 2023 e beneficiar o ex-presidente Jair Bolsonaro. Os atos s\u00e3o promovidos pelas frentes Brasil Popular e Povo\" \/>\n\t<meta name=\"robots\" content=\"max-image-preview:large\" \/>\n\t<meta name=\"author\" content=\"admin1\"\/>\n\t<link rel=\"canonical\" href=\"https:\/\/ejornais.com.br\/index.php\/2025\/12\/14\/em-varias-capitais-manifestantes-vao-as-ruas-contra-pl-da-dosimetria\/\" \/>\n\t<meta name=\"generator\" content=\"All in One SEO (AIOSEO) 5.0.1.1\" \/>\n\t\t<meta property=\"og:locale\" content=\"pt_BR\" \/>\n\t\t<meta property=\"og:site_name\" content=\"eJornais - Cat\u00e1logo de Jornais no mundo, Not\u00edcias, Blog e Esportes ao vivo\" \/>\n\t\t<meta property=\"og:type\" content=\"article\" \/>\n\t\t<meta property=\"og:title\" content=\"Em v\u00e1rias capitais, manifestantes v\u00e3o \u00e0s ruas contra PL da Dosimetria - eJornais\" \/>\n\t\t<meta property=\"og:description\" content=\"Por MRNews Manifestantes de diversas cidades brasileiras foram \u00e0s ruas neste domingo (14) contra a aprova\u00e7\u00e3o do chamado PL da Dosimetria, o projeto de lei que pretende diminuir o c\u00e1lculo das penas (dosimetria) de condenados pelos atos golpistas de 8 de janeiro de 2023 e beneficiar o ex-presidente Jair Bolsonaro. Os atos s\u00e3o promovidos pelas frentes Brasil Popular e Povo\" \/>\n\t\t<meta property=\"og:url\" content=\"https:\/\/ejornais.com.br\/index.php\/2025\/12\/14\/em-varias-capitais-manifestantes-vao-as-ruas-contra-pl-da-dosimetria\/\" \/>\n\t\t<meta property=\"article:published_time\" content=\"2025-12-14T18:40:22+00:00\" \/>\n\t\t<meta property=\"article:modified_time\" content=\"2025-12-14T18:40:22+00:00\" \/>\n\t\t<meta name=\"twitter:card\" content=\"summary_large_image\" \/>\n\t\t<meta name=\"twitter:title\" content=\"Em v\u00e1rias capitais, manifestantes v\u00e3o \u00e0s ruas contra PL da Dosimetria - eJornais\" \/>\n\t\t<meta name=\"twitter:description\" content=\"Por MRNews Manifestantes de diversas cidades brasileiras foram \u00e0s ruas neste domingo (14) contra a aprova\u00e7\u00e3o do chamado PL da Dosimetria, o projeto de lei que pretende diminuir o c\u00e1lculo das penas (dosimetria) de condenados pelos atos golpistas de 8 de janeiro de 2023 e beneficiar o ex-presidente Jair Bolsonaro. Os atos s\u00e3o promovidos pelas frentes Brasil Popular e Povo\" \/>\n\t\t<script type=\"application\/ld+json\" class=\"aioseo-schema\">\n\t\t\t{\"@context\":\"https:\\\/\\\/schema.org\",\"@graph\":[{\"@type\":\"BlogPosting\",\"@id\":\"https:\\\/\\\/ejornais.com.br\\\/index.php\\\/2025\\\/12\\\/14\\\/em-varias-capitais-manifestantes-vao-as-ruas-contra-pl-da-dosimetria\\\/#blogposting\",\"name\":\"Em v\\u00e1rias capitais, manifestantes v\\u00e3o \\u00e0s ruas contra PL da Dosimetria - eJornais\",\"headline\":\"Em v\\u00e1rias capitais, manifestantes v\\u00e3o \\u00e0s ruas contra PL da Dosimetria\",\"author\":{\"@id\":\"https:\\\/\\\/ejornais.com.br\\\/index.php\\\/author\\\/admin1\\\/#author\"},\"publisher\":{\"@id\":\"https:\\\/\\\/ejornais.com.br\\\/#organization\"},\"datePublished\":\"2025-12-14T15:40:22-03:00\",\"dateModified\":\"2025-12-14T15:40:22-03:00\",\"inLanguage\":\"pt-BR\",\"mainEntityOfPage\":{\"@id\":\"https:\\\/\\\/ejornais.com.br\\\/index.php\\\/2025\\\/12\\\/14\\\/em-varias-capitais-manifestantes-vao-as-ruas-contra-pl-da-dosimetria\\\/#webpage\"},\"isPartOf\":{\"@id\":\"https:\\\/\\\/ejornais.com.br\\\/index.php\\\/2025\\\/12\\\/14\\\/em-varias-capitais-manifestantes-vao-as-ruas-contra-pl-da-dosimetria\\\/#webpage\"},\"articleSection\":\"Cat\\u00e1logo de Jornais\"},{\"@type\":\"BreadcrumbList\",\"@id\":\"https:\\\/\\\/ejornais.com.br\\\/index.php\\\/2025\\\/12\\\/14\\\/em-varias-capitais-manifestantes-vao-as-ruas-contra-pl-da-dosimetria\\\/#breadcrumblist\",\"itemListElement\":[{\"@type\":\"ListItem\",\"@id\":\"https:\\\/\\\/ejornais.com.br#listItem\",\"position\":1,\"name\":\"In\\u00edcio\",\"item\":\"https:\\\/\\\/ejornais.com.br\",\"nextItem\":{\"@type\":\"ListItem\",\"@id\":\"https:\\\/\\\/ejornais.com.br\\\/index.php\\\/category\\\/ejornais\\\/#listItem\",\"name\":\"Cat\\u00e1logo de Jornais\"}},{\"@type\":\"ListItem\",\"@id\":\"https:\\\/\\\/ejornais.com.br\\\/index.php\\\/category\\\/ejornais\\\/#listItem\",\"position\":2,\"name\":\"Cat\\u00e1logo de Jornais\",\"item\":\"https:\\\/\\\/ejornais.com.br\\\/index.php\\\/category\\\/ejornais\\\/\",\"nextItem\":{\"@type\":\"ListItem\",\"@id\":\"https:\\\/\\\/ejornais.com.br\\\/index.php\\\/2025\\\/12\\\/14\\\/em-varias-capitais-manifestantes-vao-as-ruas-contra-pl-da-dosimetria\\\/#listItem\",\"name\":\"Em v\\u00e1rias capitais, manifestantes v\\u00e3o \\u00e0s ruas contra PL da Dosimetria\"},\"previousItem\":{\"@type\":\"ListItem\",\"@id\":\"https:\\\/\\\/ejornais.com.br#listItem\",\"name\":\"In\\u00edcio\"}},{\"@type\":\"ListItem\",\"@id\":\"https:\\\/\\\/ejornais.com.br\\\/index.php\\\/2025\\\/12\\\/14\\\/em-varias-capitais-manifestantes-vao-as-ruas-contra-pl-da-dosimetria\\\/#listItem\",\"position\":3,\"name\":\"Em v\\u00e1rias capitais, manifestantes v\\u00e3o \\u00e0s ruas contra PL da Dosimetria\",\"previousItem\":{\"@type\":\"ListItem\",\"@id\":\"https:\\\/\\\/ejornais.com.br\\\/index.php\\\/category\\\/ejornais\\\/#listItem\",\"name\":\"Cat\\u00e1logo de Jornais\"}}]},{\"@type\":\"Organization\",\"@id\":\"https:\\\/\\\/ejornais.com.br\\\/#organization\",\"name\":\"eJornais\",\"description\":\"Cat\\u00e1logo de Jornais no mundo, Not\\u00edcias, Blog e Esportes ao vivo\",\"url\":\"https:\\\/\\\/ejornais.com.br\\\/\"},{\"@type\":\"Person\",\"@id\":\"https:\\\/\\\/ejornais.com.br\\\/index.php\\\/author\\\/admin1\\\/#author\",\"url\":\"https:\\\/\\\/ejornais.com.br\\\/index.php\\\/author\\\/admin1\\\/\",\"name\":\"admin1\",\"image\":{\"@type\":\"ImageObject\",\"@id\":\"https:\\\/\\\/ejornais.com.br\\\/index.php\\\/2025\\\/12\\\/14\\\/em-varias-capitais-manifestantes-vao-as-ruas-contra-pl-da-dosimetria\\\/#authorImage\",\"url\":\"https:\\\/\\\/secure.gravatar.com\\\/avatar\\\/04084e6d73c042b8646e7c17b494073bf0ede3ea13c7105cfc45cbbbc28385a4?s=96&d=mm&r=g\",\"width\":96,\"height\":96,\"caption\":\"admin1\"}},{\"@type\":\"WebPage\",\"@id\":\"https:\\\/\\\/ejornais.com.br\\\/index.php\\\/2025\\\/12\\\/14\\\/em-varias-capitais-manifestantes-vao-as-ruas-contra-pl-da-dosimetria\\\/#webpage\",\"url\":\"https:\\\/\\\/ejornais.com.br\\\/index.php\\\/2025\\\/12\\\/14\\\/em-varias-capitais-manifestantes-vao-as-ruas-contra-pl-da-dosimetria\\\/\",\"name\":\"Em v\\u00e1rias capitais, manifestantes v\\u00e3o \\u00e0s ruas contra PL da Dosimetria - eJornais\",\"description\":\"Por MRNews Manifestantes de diversas cidades brasileiras foram \\u00e0s ruas neste domingo (14) contra a aprova\\u00e7\\u00e3o do chamado PL da Dosimetria, o projeto de lei que pretende diminuir o c\\u00e1lculo das penas (dosimetria) de condenados pelos atos golpistas de 8 de janeiro de 2023 e beneficiar o ex-presidente Jair Bolsonaro. Os atos s\\u00e3o promovidos pelas frentes Brasil Popular e Povo\",\"inLanguage\":\"pt-BR\",\"isPartOf\":{\"@id\":\"https:\\\/\\\/ejornais.com.br\\\/#website\"},\"breadcrumb\":{\"@id\":\"https:\\\/\\\/ejornais.com.br\\\/index.php\\\/2025\\\/12\\\/14\\\/em-varias-capitais-manifestantes-vao-as-ruas-contra-pl-da-dosimetria\\\/#breadcrumblist\"},\"author\":{\"@id\":\"https:\\\/\\\/ejornais.com.br\\\/index.php\\\/author\\\/admin1\\\/#author\"},\"creator\":{\"@id\":\"https:\\\/\\\/ejornais.com.br\\\/index.php\\\/author\\\/admin1\\\/#author\"},\"datePublished\":\"2025-12-14T15:40:22-03:00\",\"dateModified\":\"2025-12-14T15:40:22-03:00\"},{\"@type\":\"WebSite\",\"@id\":\"https:\\\/\\\/ejornais.com.br\\\/#website\",\"url\":\"https:\\\/\\\/ejornais.com.br\\\/\",\"name\":\"eJornais\",\"description\":\"Cat\\u00e1logo de Jornais no mundo, Not\\u00edcias, Blog e Esportes ao vivo\",\"inLanguage\":\"pt-BR\",\"publisher\":{\"@id\":\"https:\\\/\\\/ejornais.com.br\\\/#organization\"}}]}\n\t\t<\/script>\n\t\t<!-- All in One SEO -->\n\n","aioseo_head_json":{"title":"Em v\u00e1rias capitais, manifestantes v\u00e3o \u00e0s ruas contra PL da Dosimetria - eJornais","description":"Por MRNews Manifestantes de diversas cidades brasileiras foram \u00e0s ruas neste domingo (14) contra a aprova\u00e7\u00e3o do chamado PL da Dosimetria, o projeto de lei que pretende diminuir o c\u00e1lculo das penas (dosimetria) de condenados pelos atos golpistas de 8 de janeiro de 2023 e beneficiar o ex-presidente Jair Bolsonaro. Os atos s\u00e3o promovidos pelas frentes Brasil Popular e Povo","canonical_url":"https:\/\/ejornais.com.br\/index.php\/2025\/12\/14\/em-varias-capitais-manifestantes-vao-as-ruas-contra-pl-da-dosimetria\/","robots":"max-image-preview:large","keywords":"","webmasterTools":{"miscellaneous":""},"schema":{"@context":"https:\/\/schema.org","@graph":[{"@type":"BlogPosting","@id":"https:\/\/ejornais.com.br\/index.php\/2025\/12\/14\/em-varias-capitais-manifestantes-vao-as-ruas-contra-pl-da-dosimetria\/#blogposting","name":"Em v\u00e1rias capitais, manifestantes v\u00e3o \u00e0s ruas contra PL da Dosimetria - eJornais","headline":"Em v\u00e1rias capitais, manifestantes v\u00e3o \u00e0s ruas contra PL da Dosimetria","author":{"@id":"https:\/\/ejornais.com.br\/index.php\/author\/admin1\/#author"},"publisher":{"@id":"https:\/\/ejornais.com.br\/#organization"},"datePublished":"2025-12-14T15:40:22-03:00","dateModified":"2025-12-14T15:40:22-03:00","inLanguage":"pt-BR","mainEntityOfPage":{"@id":"https:\/\/ejornais.com.br\/index.php\/2025\/12\/14\/em-varias-capitais-manifestantes-vao-as-ruas-contra-pl-da-dosimetria\/#webpage"},"isPartOf":{"@id":"https:\/\/ejornais.com.br\/index.php\/2025\/12\/14\/em-varias-capitais-manifestantes-vao-as-ruas-contra-pl-da-dosimetria\/#webpage"},"articleSection":"Cat\u00e1logo de Jornais"},{"@type":"BreadcrumbList","@id":"https:\/\/ejornais.com.br\/index.php\/2025\/12\/14\/em-varias-capitais-manifestantes-vao-as-ruas-contra-pl-da-dosimetria\/#breadcrumblist","itemListElement":[{"@type":"ListItem","@id":"https:\/\/ejornais.com.br#listItem","position":1,"name":"In\u00edcio","item":"https:\/\/ejornais.com.br","nextItem":{"@type":"ListItem","@id":"https:\/\/ejornais.com.br\/index.php\/category\/ejornais\/#listItem","name":"Cat\u00e1logo de Jornais"}},{"@type":"ListItem","@id":"https:\/\/ejornais.com.br\/index.php\/category\/ejornais\/#listItem","position":2,"name":"Cat\u00e1logo de Jornais","item":"https:\/\/ejornais.com.br\/index.php\/category\/ejornais\/","nextItem":{"@type":"ListItem","@id":"https:\/\/ejornais.com.br\/index.php\/2025\/12\/14\/em-varias-capitais-manifestantes-vao-as-ruas-contra-pl-da-dosimetria\/#listItem","name":"Em v\u00e1rias capitais, manifestantes v\u00e3o \u00e0s ruas contra PL da Dosimetria"},"previousItem":{"@type":"ListItem","@id":"https:\/\/ejornais.com.br#listItem","name":"In\u00edcio"}},{"@type":"ListItem","@id":"https:\/\/ejornais.com.br\/index.php\/2025\/12\/14\/em-varias-capitais-manifestantes-vao-as-ruas-contra-pl-da-dosimetria\/#listItem","position":3,"name":"Em v\u00e1rias capitais, manifestantes v\u00e3o \u00e0s ruas contra PL da Dosimetria","previousItem":{"@type":"ListItem","@id":"https:\/\/ejornais.com.br\/index.php\/category\/ejornais\/#listItem","name":"Cat\u00e1logo de Jornais"}}]},{"@type":"Organization","@id":"https:\/\/ejornais.com.br\/#organization","name":"eJornais","description":"Cat\u00e1logo de Jornais no mundo, Not\u00edcias, Blog e Esportes ao vivo","url":"https:\/\/ejornais.com.br\/"},{"@type":"Person","@id":"https:\/\/ejornais.com.br\/index.php\/author\/admin1\/#author","url":"https:\/\/ejornais.com.br\/index.php\/author\/admin1\/","name":"admin1","image":{"@type":"ImageObject","@id":"https:\/\/ejornais.com.br\/index.php\/2025\/12\/14\/em-varias-capitais-manifestantes-vao-as-ruas-contra-pl-da-dosimetria\/#authorImage","url":"https:\/\/secure.gravatar.com\/avatar\/04084e6d73c042b8646e7c17b494073bf0ede3ea13c7105cfc45cbbbc28385a4?s=96&d=mm&r=g","width":96,"height":96,"caption":"admin1"}},{"@type":"WebPage","@id":"https:\/\/ejornais.com.br\/index.php\/2025\/12\/14\/em-varias-capitais-manifestantes-vao-as-ruas-contra-pl-da-dosimetria\/#webpage","url":"https:\/\/ejornais.com.br\/index.php\/2025\/12\/14\/em-varias-capitais-manifestantes-vao-as-ruas-contra-pl-da-dosimetria\/","name":"Em v\u00e1rias capitais, manifestantes v\u00e3o \u00e0s ruas contra PL da Dosimetria - eJornais","description":"Por MRNews Manifestantes de diversas cidades brasileiras foram \u00e0s ruas neste domingo (14) contra a aprova\u00e7\u00e3o do chamado PL da Dosimetria, o projeto de lei que pretende diminuir o c\u00e1lculo das penas (dosimetria) de condenados pelos atos golpistas de 8 de janeiro de 2023 e beneficiar o ex-presidente Jair Bolsonaro. Os atos s\u00e3o promovidos pelas frentes Brasil Popular e Povo","inLanguage":"pt-BR","isPartOf":{"@id":"https:\/\/ejornais.com.br\/#website"},"breadcrumb":{"@id":"https:\/\/ejornais.com.br\/index.php\/2025\/12\/14\/em-varias-capitais-manifestantes-vao-as-ruas-contra-pl-da-dosimetria\/#breadcrumblist"},"author":{"@id":"https:\/\/ejornais.com.br\/index.php\/author\/admin1\/#author"},"creator":{"@id":"https:\/\/ejornais.com.br\/index.php\/author\/admin1\/#author"},"datePublished":"2025-12-14T15:40:22-03:00","dateModified":"2025-12-14T15:40:22-03:00"},{"@type":"WebSite","@id":"https:\/\/ejornais.com.br\/#website","url":"https:\/\/ejornais.com.br\/","name":"eJornais","description":"Cat\u00e1logo de Jornais no mundo, Not\u00edcias, Blog e Esportes ao vivo","inLanguage":"pt-BR","publisher":{"@id":"https:\/\/ejornais.com.br\/#organization"}}]},"og:locale":"pt_BR","og:site_name":"eJornais - Cat\u00e1logo de Jornais no mundo, Not\u00edcias, Blog e Esportes ao vivo","og:type":"article","og:title":"Em v\u00e1rias capitais, manifestantes v\u00e3o \u00e0s ruas contra PL da Dosimetria - eJornais","og:description":"Por MRNews Manifestantes de diversas cidades brasileiras foram \u00e0s ruas neste domingo (14) contra a aprova\u00e7\u00e3o do chamado PL da Dosimetria, o projeto de lei que pretende diminuir o c\u00e1lculo das penas (dosimetria) de condenados pelos atos golpistas de 8 de janeiro de 2023 e beneficiar o ex-presidente Jair Bolsonaro. Os atos s\u00e3o promovidos pelas frentes Brasil Popular e Povo","og:url":"https:\/\/ejornais.com.br\/index.php\/2025\/12\/14\/em-varias-capitais-manifestantes-vao-as-ruas-contra-pl-da-dosimetria\/","article:published_time":"2025-12-14T18:40:22+00:00","article:modified_time":"2025-12-14T18:40:22+00:00","twitter:card":"summary_large_image","twitter:title":"Em v\u00e1rias capitais, manifestantes v\u00e3o \u00e0s ruas contra PL da Dosimetria - eJornais","twitter:description":"Por MRNews Manifestantes de diversas cidades brasileiras foram \u00e0s ruas neste domingo (14) contra a aprova\u00e7\u00e3o do chamado PL da Dosimetria, o projeto de lei que pretende diminuir o c\u00e1lculo das penas (dosimetria) de condenados pelos atos golpistas de 8 de janeiro de 2023 e beneficiar o ex-presidente Jair Bolsonaro. Os atos s\u00e3o promovidos pelas frentes Brasil Popular e Povo"},"aioseo_meta_data":{"post_id":"57494","title":null,"description":null,"keywords":null,"keyphrases":null,"primary_term":null,"canonical_url":null,"og_title":null,"og_description":null,"og_object_type":"default","og_image_type":"default","og_image_url":null,"og_image_width":null,"og_image_height":null,"og_image_custom_url":null,"og_image_custom_fields":null,"og_video":null,"og_custom_url":null,"og_article_section":null,"og_article_tags":null,"twitter_use_og":false,"twitter_card":"default","twitter_image_type":"default","twitter_image_url":null,"twitter_image_custom_url":null,"twitter_image_custom_fields":null,"twitter_title":null,"twitter_description":null,"schema":{"blockGraphs":[],"customGraphs":[],"default":{"data":{"Article":[],"Course":[],"Dataset":[],"FAQPage":[],"Movie":[],"Person":[],"Product":[],"ProductReview":[],"Car":[],"Recipe":[],"Service":[],"SoftwareApplication":[],"WebPage":[]},"graphName":"","isEnabled":true},"graphs":[]},"schema_type":"default","schema_type_options":null,"pillar_content":false,"robots_default":true,"robots_noindex":false,"robots_noarchive":false,"robots_nosnippet":false,"robots_nofollow":false,"robots_noimageindex":false,"robots_noodp":false,"robots_notranslate":false,"robots_max_snippet":null,"robots_max_videopreview":null,"robots_max_imagepreview":"large","priority":null,"frequency":null,"local_seo":null,"breadcrumb_settings":null,"limit_modified_date":false,"ai":null,"created":"2025-12-14 18:48:11","updated":"2025-12-14 18:48:11","seo_analyzer_scan_date":null,"focus_keyword":null,"additional_keywords":null,"truseo_locale":null},"aioseo_breadcrumb":"<div class=\"aioseo-breadcrumbs\"><span class=\"aioseo-breadcrumb\">\n\t\t\t<a href=\"https:\/\/ejornais.com.br\" title=\"In\u00edcio\">In\u00edcio<\/a>\n\t\t<\/span><span class=\"aioseo-breadcrumb-separator\">&raquo;<\/span><span class=\"aioseo-breadcrumb\">\n\t\t\t<a href=\"https:\/\/ejornais.com.br\/index.php\/category\/ejornais\/\" title=\"Cat\u00e1logo de Jornais\">Cat\u00e1logo de Jornais<\/a>\n\t\t<\/span><span class=\"aioseo-breadcrumb-separator\">&raquo;<\/span><span class=\"aioseo-breadcrumb\">\n\t\t\tEm v\u00e1rias capitais, manifestantes v\u00e3o \u00e0s ruas contra PL da Dosimetria\n\t\t<\/span><\/div>","aioseo_breadcrumb_json":[{"label":"In\u00edcio","link":"https:\/\/ejornais.com.br"},{"label":"Cat\u00e1logo de Jornais","link":"https:\/\/ejornais.com.br\/index.php\/category\/ejornais\/"},{"label":"Em v\u00e1rias capitais, manifestantes v\u00e3o \u00e0s ruas contra PL da Dosimetria","link":"https:\/\/ejornais.com.br\/index.php\/2025\/12\/14\/em-varias-capitais-manifestantes-vao-as-ruas-contra-pl-da-dosimetria\/"}],"amp_enabled":true,"_links":{"self":[{"href":"https:\/\/ejornais.com.br\/index.php\/wp-json\/wp\/v2\/posts\/57494","targetHints":{"allow":["GET"]}}],"collection":[{"href":"https:\/\/ejornais.com.br\/index.php\/wp-json\/wp\/v2\/posts"}],"about":[{"href":"https:\/\/ejornais.com.br\/index.php\/wp-json\/wp\/v2\/types\/post"}],"author":[{"embeddable":true,"href":"https:\/\/ejornais.com.br\/index.php\/wp-json\/wp\/v2\/users\/2"}],"replies":[{"embeddable":true,"href":"https:\/\/ejornais.com.br\/index.php\/wp-json\/wp\/v2\/comments?post=57494"}],"version-history":[{"count":0,"href":"https:\/\/ejornais.com.br\/index.php\/wp-json\/wp\/v2\/posts\/57494\/revisions"}],"wp:attachment":[{"href":"https:\/\/ejornais.com.br\/index.php\/wp-json\/wp\/v2\/media?parent=57494"}],"wp:term":[{"taxonomy":"category","embeddable":true,"href":"https:\/\/ejornais.com.br\/index.php\/wp-json\/wp\/v2\/categories?post=57494"},{"taxonomy":"post_tag","embeddable":true,"href":"https:\/\/ejornais.com.br\/index.php\/wp-json\/wp\/v2\/tags?post=57494"}],"curies":[{"name":"wp","href":"https:\/\/api.w.org\/{rel}","templated":true}]}}