{"id":57585,"date":"2025-12-16T10:48:41","date_gmt":"2025-12-16T13:48:41","guid":{"rendered":"https:\/\/ejornais.com.br\/index.php\/2025\/12\/16\/mais-de-100-familias-ja-realizaram-o-sonho-da-casa-propria-na-10a-edicao-do-feirao-habita-cgnoticias\/"},"modified":"2025-12-16T10:48:41","modified_gmt":"2025-12-16T13:48:41","slug":"mais-de-100-familias-ja-realizaram-o-sonho-da-casa-propria-na-10a-edicao-do-feirao-habita-cgnoticias","status":"publish","type":"post","link":"https:\/\/ejornais.com.br\/index.php\/2025\/12\/16\/mais-de-100-familias-ja-realizaram-o-sonho-da-casa-propria-na-10a-edicao-do-feirao-habita-cgnoticias\/","title":{"rendered":"Mais de 100 fam\u00edlias j\u00e1 realizaram o sonho da casa pr\u00f3pria na 10\u00aa edi\u00e7\u00e3o do Feir\u00e3o Habita \u2013 CGNot\u00edcias"},"content":{"rendered":"<p><\/p>\n<div>\n<p>Consolidado como o maior evento de habita\u00e7\u00e3o de interesse social do Centro-Oeste, a 10\u00aa edi\u00e7\u00e3o do Feir\u00e3o Habita Campo Grande j\u00e1 apresenta resultados expressivos logo em seu primeiro fim de semana de atividade. Somente nos primeiros dias, foram 147 unidades habitacionais comercializadas, refor\u00e7ando o sucesso da iniciativa e a confian\u00e7a da popula\u00e7\u00e3o nas pol\u00edticas p\u00fablicas de moradia desenvolvidas pela Prefeitura de Campo Grande.<\/p>\n<p>O 10\u00ba Feir\u00e3o, realizado durante a programa\u00e7\u00e3o do Natal dos Sonhos, acontece na loja oficial instalada na Rua 14 de Julho, 2374, e segue at\u00e9 o dia 23 de dezembro. A integra\u00e7\u00e3o entre celebra\u00e7\u00e3o natalina e pol\u00edtica habitacional tem ampliado o alcance do evento e atra\u00eddo fam\u00edlias de diversas regi\u00f5es da Capital em busca do primeiro im\u00f3vel.<\/p>\n<p>Uma delas foi a fam\u00edlia de Juliana Pinheiro, de 29 anos. Ela foi ao Feir\u00e3o acompanhada do esposo e dos filhos. Juntos, eles adquiriram um apartamento no bairro Vila Nasser e celebraram a conquista ap\u00f3s realizar todas as etapas do processo. \u201cEu acompanhei o edital e vi que fui convocada. Quando apareceu meu nome, pensei: \u2018vou l\u00e1 ver no que d\u00e1\u2019. Cheguei, fiz a an\u00e1lise e fui muito bem atendida. Consegui os tr\u00eas subs\u00eddios: federal, estadual e municipal. Deu tudo certo, gra\u00e7as a Deus.\u201d<\/p>\n<p>J\u00e1 Gustavo Rom\u00e1rio de Souza, 42 anos, estava passando pela Rua 14 de Julho quando foi abordado por um dos corretores do Feir\u00e3o. Ele adquiriu uma casa no bairro S\u00e3o Conrado. \u201cEu estava passando aqui na rua, j\u00e1 atrasado para o trabalho, quando os corretores me abordaram. Resolvi parar para ouvir e acabou sendo uma grande oportunidade. Consegui o subs\u00eddio m\u00e1ximo e agora estou realizando o sonho da casa pr\u00f3pria\u201d.<\/p>\n<figure class=\"wp-block-image size-large\"><\/figure>\n<p>Os resultados refletem as condi\u00e7\u00f5es facilitadas oferecidas nesta edi\u00e7\u00e3o, como os descontos m\u00ednimos garantidos pelo Programa B\u00f4nus Sonho de Morar e a concess\u00e3o de subs\u00eddios financeiros para complementar a entrada do financiamento habitacional. As medidas s\u00e3o regulamentadas pelas Portarias n\u00ba 454\/2025 e 455\/2025, publicadas pela Ag\u00eancia Municipal de Habita\u00e7\u00e3o e Assuntos Fundi\u00e1rios (EMHA).<\/p>\n<p>As unidades comercializadas fazem parte de empreendimentos credenciados no Feir\u00e3o, com valores dentro dos limites estabelecidos pelo programa, que incluem apartamentos e casas de at\u00e9 R$ 250 mil. O p\u00fablico atendido \u00e9 formado por fam\u00edlias com renda de at\u00e9 sete sal\u00e1rios m\u00ednimos, inscritas no Cadastro Geral da EMHA e enquadradas nas regras dos Programas de Habita\u00e7\u00e3o de Interesse Social.<\/p>\n<p>Al\u00e9m das vendas j\u00e1 concretizadas, o primeiro fim de semana tamb\u00e9m foi marcado por alto volume de atendimentos, simula\u00e7\u00f5es de financiamento e encaminhamentos para aquisi\u00e7\u00e3o de im\u00f3veis, demonstrando que o Feir\u00e3o segue em ritmo acelerado e com grande expectativa de novos neg\u00f3cios ao longo dos pr\u00f3ximos dias.<\/p>\n<p>A 10\u00aa edi\u00e7\u00e3o do Feir\u00e3o segue at\u00e9 23 de dezembro, das 10h \u00e0s 21h, com atendimento di\u00e1rio. O prazo final para solicitar os subs\u00eddios e concluir a compra do im\u00f3vel vai at\u00e9 30 de novembro de 2026.<\/p>\n<p><em>#ParaTodosVerem As imagens mostram benefici\u00e1rios do Feir\u00e3o. <\/em><\/p>\n<\/div>\n<p><script async defer async defer src=\"https:\/\/connect.facebook.net\/en_US\/sdk.js?ver=1#xfbml=1&amp;version=v3.2\" id=\"prefeitura-campogrande-script-facebook-sdk-js\"><\/script><\/p>\n","protected":false},"excerpt":{"rendered":"<p>Consolidado como o maior evento de habita\u00e7\u00e3o de interesse social do Centro-Oeste, a 10\u00aa edi\u00e7\u00e3o do Feir\u00e3o Habita Campo Grande<\/p>\n","protected":false},"author":2,"featured_media":0,"comment_status":"","ping_status":"","sticky":false,"template":"","format":"standard","meta":{"colormag_page_container_layout":"default_layout","colormag_page_sidebar_layout":"default_layout","footnotes":""},"categories":[1],"tags":[],"class_list":["post-57585","post","type-post","status-publish","format-standard","hentry","category-ejornais"],"aioseo_notices":[],"aioseo_head":"\n\t\t<!-- All in One SEO 5.0.1.1 - aioseo.com -->\n\t<meta name=\"description\" content=\"Consolidado como o maior evento de habita\u00e7\u00e3o de interesse social do Centro-Oeste, a 10\u00aa edi\u00e7\u00e3o do Feir\u00e3o Habita Campo Grande j\u00e1 apresenta resultados expressivos logo em seu primeiro fim de semana de atividade. Somente nos primeiros dias, foram 147 unidades habitacionais comercializadas, refor\u00e7ando o sucesso da iniciativa e a confian\u00e7a da popula\u00e7\u00e3o nas pol\u00edticas p\u00fablicas\" \/>\n\t<meta name=\"robots\" content=\"max-image-preview:large\" \/>\n\t<meta name=\"author\" content=\"admin1\"\/>\n\t<link rel=\"canonical\" href=\"https:\/\/ejornais.com.br\/index.php\/2025\/12\/16\/mais-de-100-familias-ja-realizaram-o-sonho-da-casa-propria-na-10a-edicao-do-feirao-habita-cgnoticias\/\" \/>\n\t<meta name=\"generator\" content=\"All in One SEO (AIOSEO) 5.0.1.1\" \/>\n\t\t<meta property=\"og:locale\" content=\"pt_BR\" \/>\n\t\t<meta property=\"og:site_name\" content=\"eJornais - Cat\u00e1logo de Jornais no mundo, Not\u00edcias, Blog e Esportes ao vivo\" \/>\n\t\t<meta property=\"og:type\" content=\"article\" \/>\n\t\t<meta property=\"og:title\" content=\"Mais de 100 fam\u00edlias j\u00e1 realizaram o sonho da casa pr\u00f3pria na 10\u00aa edi\u00e7\u00e3o do Feir\u00e3o Habita \u2013 CGNot\u00edcias - eJornais\" \/>\n\t\t<meta property=\"og:description\" content=\"Consolidado como o maior evento de habita\u00e7\u00e3o de interesse social do Centro-Oeste, a 10\u00aa edi\u00e7\u00e3o do Feir\u00e3o Habita Campo Grande j\u00e1 apresenta resultados expressivos logo em seu primeiro fim de semana de atividade. Somente nos primeiros dias, foram 147 unidades habitacionais comercializadas, refor\u00e7ando o sucesso da iniciativa e a confian\u00e7a da popula\u00e7\u00e3o nas pol\u00edticas p\u00fablicas\" \/>\n\t\t<meta property=\"og:url\" content=\"https:\/\/ejornais.com.br\/index.php\/2025\/12\/16\/mais-de-100-familias-ja-realizaram-o-sonho-da-casa-propria-na-10a-edicao-do-feirao-habita-cgnoticias\/\" \/>\n\t\t<meta property=\"article:published_time\" content=\"2025-12-16T13:48:41+00:00\" \/>\n\t\t<meta property=\"article:modified_time\" content=\"2025-12-16T13:48:41+00:00\" \/>\n\t\t<meta name=\"twitter:card\" content=\"summary_large_image\" \/>\n\t\t<meta name=\"twitter:title\" content=\"Mais de 100 fam\u00edlias j\u00e1 realizaram o sonho da casa pr\u00f3pria na 10\u00aa edi\u00e7\u00e3o do Feir\u00e3o Habita \u2013 CGNot\u00edcias - eJornais\" \/>\n\t\t<meta name=\"twitter:description\" content=\"Consolidado como o maior evento de habita\u00e7\u00e3o de interesse social do Centro-Oeste, a 10\u00aa edi\u00e7\u00e3o do Feir\u00e3o Habita Campo Grande j\u00e1 apresenta resultados expressivos logo em seu primeiro fim de semana de atividade. Somente nos primeiros dias, foram 147 unidades habitacionais comercializadas, refor\u00e7ando o sucesso da iniciativa e a confian\u00e7a da popula\u00e7\u00e3o nas pol\u00edticas p\u00fablicas\" \/>\n\t\t<script type=\"application\/ld+json\" class=\"aioseo-schema\">\n\t\t\t{\"@context\":\"https:\\\/\\\/schema.org\",\"@graph\":[{\"@type\":\"BlogPosting\",\"@id\":\"https:\\\/\\\/ejornais.com.br\\\/index.php\\\/2025\\\/12\\\/16\\\/mais-de-100-familias-ja-realizaram-o-sonho-da-casa-propria-na-10a-edicao-do-feirao-habita-cgnoticias\\\/#blogposting\",\"name\":\"Mais de 100 fam\\u00edlias j\\u00e1 realizaram o sonho da casa pr\\u00f3pria na 10\\u00aa edi\\u00e7\\u00e3o do Feir\\u00e3o Habita \\u2013 CGNot\\u00edcias - eJornais\",\"headline\":\"Mais de 100 fam\\u00edlias j\\u00e1 realizaram o sonho da casa pr\\u00f3pria na 10\\u00aa edi\\u00e7\\u00e3o do Feir\\u00e3o Habita \\u2013 CGNot\\u00edcias\",\"author\":{\"@id\":\"https:\\\/\\\/ejornais.com.br\\\/index.php\\\/author\\\/admin1\\\/#author\"},\"publisher\":{\"@id\":\"https:\\\/\\\/ejornais.com.br\\\/#organization\"},\"datePublished\":\"2025-12-16T10:48:41-03:00\",\"dateModified\":\"2025-12-16T10:48:41-03:00\",\"inLanguage\":\"pt-BR\",\"mainEntityOfPage\":{\"@id\":\"https:\\\/\\\/ejornais.com.br\\\/index.php\\\/2025\\\/12\\\/16\\\/mais-de-100-familias-ja-realizaram-o-sonho-da-casa-propria-na-10a-edicao-do-feirao-habita-cgnoticias\\\/#webpage\"},\"isPartOf\":{\"@id\":\"https:\\\/\\\/ejornais.com.br\\\/index.php\\\/2025\\\/12\\\/16\\\/mais-de-100-familias-ja-realizaram-o-sonho-da-casa-propria-na-10a-edicao-do-feirao-habita-cgnoticias\\\/#webpage\"},\"articleSection\":\"Cat\\u00e1logo de Jornais\"},{\"@type\":\"BreadcrumbList\",\"@id\":\"https:\\\/\\\/ejornais.com.br\\\/index.php\\\/2025\\\/12\\\/16\\\/mais-de-100-familias-ja-realizaram-o-sonho-da-casa-propria-na-10a-edicao-do-feirao-habita-cgnoticias\\\/#breadcrumblist\",\"itemListElement\":[{\"@type\":\"ListItem\",\"@id\":\"https:\\\/\\\/ejornais.com.br#listItem\",\"position\":1,\"name\":\"In\\u00edcio\",\"item\":\"https:\\\/\\\/ejornais.com.br\",\"nextItem\":{\"@type\":\"ListItem\",\"@id\":\"https:\\\/\\\/ejornais.com.br\\\/index.php\\\/category\\\/ejornais\\\/#listItem\",\"name\":\"Cat\\u00e1logo de Jornais\"}},{\"@type\":\"ListItem\",\"@id\":\"https:\\\/\\\/ejornais.com.br\\\/index.php\\\/category\\\/ejornais\\\/#listItem\",\"position\":2,\"name\":\"Cat\\u00e1logo de Jornais\",\"item\":\"https:\\\/\\\/ejornais.com.br\\\/index.php\\\/category\\\/ejornais\\\/\",\"nextItem\":{\"@type\":\"ListItem\",\"@id\":\"https:\\\/\\\/ejornais.com.br\\\/index.php\\\/2025\\\/12\\\/16\\\/mais-de-100-familias-ja-realizaram-o-sonho-da-casa-propria-na-10a-edicao-do-feirao-habita-cgnoticias\\\/#listItem\",\"name\":\"Mais de 100 fam\\u00edlias j\\u00e1 realizaram o sonho da casa pr\\u00f3pria na 10\\u00aa edi\\u00e7\\u00e3o do Feir\\u00e3o Habita \\u2013 CGNot\\u00edcias\"},\"previousItem\":{\"@type\":\"ListItem\",\"@id\":\"https:\\\/\\\/ejornais.com.br#listItem\",\"name\":\"In\\u00edcio\"}},{\"@type\":\"ListItem\",\"@id\":\"https:\\\/\\\/ejornais.com.br\\\/index.php\\\/2025\\\/12\\\/16\\\/mais-de-100-familias-ja-realizaram-o-sonho-da-casa-propria-na-10a-edicao-do-feirao-habita-cgnoticias\\\/#listItem\",\"position\":3,\"name\":\"Mais de 100 fam\\u00edlias j\\u00e1 realizaram o sonho da casa pr\\u00f3pria na 10\\u00aa edi\\u00e7\\u00e3o do Feir\\u00e3o Habita \\u2013 CGNot\\u00edcias\",\"previousItem\":{\"@type\":\"ListItem\",\"@id\":\"https:\\\/\\\/ejornais.com.br\\\/index.php\\\/category\\\/ejornais\\\/#listItem\",\"name\":\"Cat\\u00e1logo de Jornais\"}}]},{\"@type\":\"Organization\",\"@id\":\"https:\\\/\\\/ejornais.com.br\\\/#organization\",\"name\":\"eJornais\",\"description\":\"Cat\\u00e1logo de Jornais no mundo, Not\\u00edcias, Blog e Esportes ao vivo\",\"url\":\"https:\\\/\\\/ejornais.com.br\\\/\"},{\"@type\":\"Person\",\"@id\":\"https:\\\/\\\/ejornais.com.br\\\/index.php\\\/author\\\/admin1\\\/#author\",\"url\":\"https:\\\/\\\/ejornais.com.br\\\/index.php\\\/author\\\/admin1\\\/\",\"name\":\"admin1\",\"image\":{\"@type\":\"ImageObject\",\"@id\":\"https:\\\/\\\/ejornais.com.br\\\/index.php\\\/2025\\\/12\\\/16\\\/mais-de-100-familias-ja-realizaram-o-sonho-da-casa-propria-na-10a-edicao-do-feirao-habita-cgnoticias\\\/#authorImage\",\"url\":\"https:\\\/\\\/secure.gravatar.com\\\/avatar\\\/04084e6d73c042b8646e7c17b494073bf0ede3ea13c7105cfc45cbbbc28385a4?s=96&d=mm&r=g\",\"width\":96,\"height\":96,\"caption\":\"admin1\"}},{\"@type\":\"WebPage\",\"@id\":\"https:\\\/\\\/ejornais.com.br\\\/index.php\\\/2025\\\/12\\\/16\\\/mais-de-100-familias-ja-realizaram-o-sonho-da-casa-propria-na-10a-edicao-do-feirao-habita-cgnoticias\\\/#webpage\",\"url\":\"https:\\\/\\\/ejornais.com.br\\\/index.php\\\/2025\\\/12\\\/16\\\/mais-de-100-familias-ja-realizaram-o-sonho-da-casa-propria-na-10a-edicao-do-feirao-habita-cgnoticias\\\/\",\"name\":\"Mais de 100 fam\\u00edlias j\\u00e1 realizaram o sonho da casa pr\\u00f3pria na 10\\u00aa edi\\u00e7\\u00e3o do Feir\\u00e3o Habita \\u2013 CGNot\\u00edcias - eJornais\",\"description\":\"Consolidado como o maior evento de habita\\u00e7\\u00e3o de interesse social do Centro-Oeste, a 10\\u00aa edi\\u00e7\\u00e3o do Feir\\u00e3o Habita Campo Grande j\\u00e1 apresenta resultados expressivos logo em seu primeiro fim de semana de atividade. Somente nos primeiros dias, foram 147 unidades habitacionais comercializadas, refor\\u00e7ando o sucesso da iniciativa e a confian\\u00e7a da popula\\u00e7\\u00e3o nas pol\\u00edticas p\\u00fablicas\",\"inLanguage\":\"pt-BR\",\"isPartOf\":{\"@id\":\"https:\\\/\\\/ejornais.com.br\\\/#website\"},\"breadcrumb\":{\"@id\":\"https:\\\/\\\/ejornais.com.br\\\/index.php\\\/2025\\\/12\\\/16\\\/mais-de-100-familias-ja-realizaram-o-sonho-da-casa-propria-na-10a-edicao-do-feirao-habita-cgnoticias\\\/#breadcrumblist\"},\"author\":{\"@id\":\"https:\\\/\\\/ejornais.com.br\\\/index.php\\\/author\\\/admin1\\\/#author\"},\"creator\":{\"@id\":\"https:\\\/\\\/ejornais.com.br\\\/index.php\\\/author\\\/admin1\\\/#author\"},\"datePublished\":\"2025-12-16T10:48:41-03:00\",\"dateModified\":\"2025-12-16T10:48:41-03:00\"},{\"@type\":\"WebSite\",\"@id\":\"https:\\\/\\\/ejornais.com.br\\\/#website\",\"url\":\"https:\\\/\\\/ejornais.com.br\\\/\",\"name\":\"eJornais\",\"description\":\"Cat\\u00e1logo de Jornais no mundo, Not\\u00edcias, Blog e Esportes ao vivo\",\"inLanguage\":\"pt-BR\",\"publisher\":{\"@id\":\"https:\\\/\\\/ejornais.com.br\\\/#organization\"}}]}\n\t\t<\/script>\n\t\t<!-- All in One SEO -->\n\n","aioseo_head_json":{"title":"Mais de 100 fam\u00edlias j\u00e1 realizaram o sonho da casa pr\u00f3pria na 10\u00aa edi\u00e7\u00e3o do Feir\u00e3o Habita \u2013 CGNot\u00edcias - eJornais","description":"Consolidado como o maior evento de habita\u00e7\u00e3o de interesse social do Centro-Oeste, a 10\u00aa edi\u00e7\u00e3o do Feir\u00e3o Habita Campo Grande j\u00e1 apresenta resultados expressivos logo em seu primeiro fim de semana de atividade. Somente nos primeiros dias, foram 147 unidades habitacionais comercializadas, refor\u00e7ando o sucesso da iniciativa e a confian\u00e7a da popula\u00e7\u00e3o nas pol\u00edticas p\u00fablicas","canonical_url":"https:\/\/ejornais.com.br\/index.php\/2025\/12\/16\/mais-de-100-familias-ja-realizaram-o-sonho-da-casa-propria-na-10a-edicao-do-feirao-habita-cgnoticias\/","robots":"max-image-preview:large","keywords":"","webmasterTools":{"miscellaneous":""},"schema":{"@context":"https:\/\/schema.org","@graph":[{"@type":"BlogPosting","@id":"https:\/\/ejornais.com.br\/index.php\/2025\/12\/16\/mais-de-100-familias-ja-realizaram-o-sonho-da-casa-propria-na-10a-edicao-do-feirao-habita-cgnoticias\/#blogposting","name":"Mais de 100 fam\u00edlias j\u00e1 realizaram o sonho da casa pr\u00f3pria na 10\u00aa edi\u00e7\u00e3o do Feir\u00e3o Habita \u2013 CGNot\u00edcias - eJornais","headline":"Mais de 100 fam\u00edlias j\u00e1 realizaram o sonho da casa pr\u00f3pria na 10\u00aa edi\u00e7\u00e3o do Feir\u00e3o Habita \u2013 CGNot\u00edcias","author":{"@id":"https:\/\/ejornais.com.br\/index.php\/author\/admin1\/#author"},"publisher":{"@id":"https:\/\/ejornais.com.br\/#organization"},"datePublished":"2025-12-16T10:48:41-03:00","dateModified":"2025-12-16T10:48:41-03:00","inLanguage":"pt-BR","mainEntityOfPage":{"@id":"https:\/\/ejornais.com.br\/index.php\/2025\/12\/16\/mais-de-100-familias-ja-realizaram-o-sonho-da-casa-propria-na-10a-edicao-do-feirao-habita-cgnoticias\/#webpage"},"isPartOf":{"@id":"https:\/\/ejornais.com.br\/index.php\/2025\/12\/16\/mais-de-100-familias-ja-realizaram-o-sonho-da-casa-propria-na-10a-edicao-do-feirao-habita-cgnoticias\/#webpage"},"articleSection":"Cat\u00e1logo de Jornais"},{"@type":"BreadcrumbList","@id":"https:\/\/ejornais.com.br\/index.php\/2025\/12\/16\/mais-de-100-familias-ja-realizaram-o-sonho-da-casa-propria-na-10a-edicao-do-feirao-habita-cgnoticias\/#breadcrumblist","itemListElement":[{"@type":"ListItem","@id":"https:\/\/ejornais.com.br#listItem","position":1,"name":"In\u00edcio","item":"https:\/\/ejornais.com.br","nextItem":{"@type":"ListItem","@id":"https:\/\/ejornais.com.br\/index.php\/category\/ejornais\/#listItem","name":"Cat\u00e1logo de Jornais"}},{"@type":"ListItem","@id":"https:\/\/ejornais.com.br\/index.php\/category\/ejornais\/#listItem","position":2,"name":"Cat\u00e1logo de Jornais","item":"https:\/\/ejornais.com.br\/index.php\/category\/ejornais\/","nextItem":{"@type":"ListItem","@id":"https:\/\/ejornais.com.br\/index.php\/2025\/12\/16\/mais-de-100-familias-ja-realizaram-o-sonho-da-casa-propria-na-10a-edicao-do-feirao-habita-cgnoticias\/#listItem","name":"Mais de 100 fam\u00edlias j\u00e1 realizaram o sonho da casa pr\u00f3pria na 10\u00aa edi\u00e7\u00e3o do Feir\u00e3o Habita \u2013 CGNot\u00edcias"},"previousItem":{"@type":"ListItem","@id":"https:\/\/ejornais.com.br#listItem","name":"In\u00edcio"}},{"@type":"ListItem","@id":"https:\/\/ejornais.com.br\/index.php\/2025\/12\/16\/mais-de-100-familias-ja-realizaram-o-sonho-da-casa-propria-na-10a-edicao-do-feirao-habita-cgnoticias\/#listItem","position":3,"name":"Mais de 100 fam\u00edlias j\u00e1 realizaram o sonho da casa pr\u00f3pria na 10\u00aa edi\u00e7\u00e3o do Feir\u00e3o Habita \u2013 CGNot\u00edcias","previousItem":{"@type":"ListItem","@id":"https:\/\/ejornais.com.br\/index.php\/category\/ejornais\/#listItem","name":"Cat\u00e1logo de Jornais"}}]},{"@type":"Organization","@id":"https:\/\/ejornais.com.br\/#organization","name":"eJornais","description":"Cat\u00e1logo de Jornais no mundo, Not\u00edcias, Blog e Esportes ao vivo","url":"https:\/\/ejornais.com.br\/"},{"@type":"Person","@id":"https:\/\/ejornais.com.br\/index.php\/author\/admin1\/#author","url":"https:\/\/ejornais.com.br\/index.php\/author\/admin1\/","name":"admin1","image":{"@type":"ImageObject","@id":"https:\/\/ejornais.com.br\/index.php\/2025\/12\/16\/mais-de-100-familias-ja-realizaram-o-sonho-da-casa-propria-na-10a-edicao-do-feirao-habita-cgnoticias\/#authorImage","url":"https:\/\/secure.gravatar.com\/avatar\/04084e6d73c042b8646e7c17b494073bf0ede3ea13c7105cfc45cbbbc28385a4?s=96&d=mm&r=g","width":96,"height":96,"caption":"admin1"}},{"@type":"WebPage","@id":"https:\/\/ejornais.com.br\/index.php\/2025\/12\/16\/mais-de-100-familias-ja-realizaram-o-sonho-da-casa-propria-na-10a-edicao-do-feirao-habita-cgnoticias\/#webpage","url":"https:\/\/ejornais.com.br\/index.php\/2025\/12\/16\/mais-de-100-familias-ja-realizaram-o-sonho-da-casa-propria-na-10a-edicao-do-feirao-habita-cgnoticias\/","name":"Mais de 100 fam\u00edlias j\u00e1 realizaram o sonho da casa pr\u00f3pria na 10\u00aa edi\u00e7\u00e3o do Feir\u00e3o Habita \u2013 CGNot\u00edcias - eJornais","description":"Consolidado como o maior evento de habita\u00e7\u00e3o de interesse social do Centro-Oeste, a 10\u00aa edi\u00e7\u00e3o do Feir\u00e3o Habita Campo Grande j\u00e1 apresenta resultados expressivos logo em seu primeiro fim de semana de atividade. Somente nos primeiros dias, foram 147 unidades habitacionais comercializadas, refor\u00e7ando o sucesso da iniciativa e a confian\u00e7a da popula\u00e7\u00e3o nas pol\u00edticas p\u00fablicas","inLanguage":"pt-BR","isPartOf":{"@id":"https:\/\/ejornais.com.br\/#website"},"breadcrumb":{"@id":"https:\/\/ejornais.com.br\/index.php\/2025\/12\/16\/mais-de-100-familias-ja-realizaram-o-sonho-da-casa-propria-na-10a-edicao-do-feirao-habita-cgnoticias\/#breadcrumblist"},"author":{"@id":"https:\/\/ejornais.com.br\/index.php\/author\/admin1\/#author"},"creator":{"@id":"https:\/\/ejornais.com.br\/index.php\/author\/admin1\/#author"},"datePublished":"2025-12-16T10:48:41-03:00","dateModified":"2025-12-16T10:48:41-03:00"},{"@type":"WebSite","@id":"https:\/\/ejornais.com.br\/#website","url":"https:\/\/ejornais.com.br\/","name":"eJornais","description":"Cat\u00e1logo de Jornais no mundo, Not\u00edcias, Blog e Esportes ao vivo","inLanguage":"pt-BR","publisher":{"@id":"https:\/\/ejornais.com.br\/#organization"}}]},"og:locale":"pt_BR","og:site_name":"eJornais - Cat\u00e1logo de Jornais no mundo, Not\u00edcias, Blog e Esportes ao vivo","og:type":"article","og:title":"Mais de 100 fam\u00edlias j\u00e1 realizaram o sonho da casa pr\u00f3pria na 10\u00aa edi\u00e7\u00e3o do Feir\u00e3o Habita \u2013 CGNot\u00edcias - eJornais","og:description":"Consolidado como o maior evento de habita\u00e7\u00e3o de interesse social do Centro-Oeste, a 10\u00aa edi\u00e7\u00e3o do Feir\u00e3o Habita Campo Grande j\u00e1 apresenta resultados expressivos logo em seu primeiro fim de semana de atividade. Somente nos primeiros dias, foram 147 unidades habitacionais comercializadas, refor\u00e7ando o sucesso da iniciativa e a confian\u00e7a da popula\u00e7\u00e3o nas pol\u00edticas p\u00fablicas","og:url":"https:\/\/ejornais.com.br\/index.php\/2025\/12\/16\/mais-de-100-familias-ja-realizaram-o-sonho-da-casa-propria-na-10a-edicao-do-feirao-habita-cgnoticias\/","article:published_time":"2025-12-16T13:48:41+00:00","article:modified_time":"2025-12-16T13:48:41+00:00","twitter:card":"summary_large_image","twitter:title":"Mais de 100 fam\u00edlias j\u00e1 realizaram o sonho da casa pr\u00f3pria na 10\u00aa edi\u00e7\u00e3o do Feir\u00e3o Habita \u2013 CGNot\u00edcias - eJornais","twitter:description":"Consolidado como o maior evento de habita\u00e7\u00e3o de interesse social do Centro-Oeste, a 10\u00aa edi\u00e7\u00e3o do Feir\u00e3o Habita Campo Grande j\u00e1 apresenta resultados expressivos logo em seu primeiro fim de semana de atividade. Somente nos primeiros dias, foram 147 unidades habitacionais comercializadas, refor\u00e7ando o sucesso da iniciativa e a confian\u00e7a da popula\u00e7\u00e3o nas pol\u00edticas p\u00fablicas"},"aioseo_meta_data":{"post_id":"57585","title":null,"description":null,"keywords":null,"keyphrases":null,"primary_term":null,"canonical_url":null,"og_title":null,"og_description":null,"og_object_type":"default","og_image_type":"default","og_image_url":null,"og_image_width":null,"og_image_height":null,"og_image_custom_url":null,"og_image_custom_fields":null,"og_video":null,"og_custom_url":null,"og_article_section":null,"og_article_tags":null,"twitter_use_og":false,"twitter_card":"default","twitter_image_type":"default","twitter_image_url":null,"twitter_image_custom_url":null,"twitter_image_custom_fields":null,"twitter_title":null,"twitter_description":null,"schema":{"blockGraphs":[],"customGraphs":[],"default":{"data":{"Article":[],"Course":[],"Dataset":[],"FAQPage":[],"Movie":[],"Person":[],"Product":[],"ProductReview":[],"Car":[],"Recipe":[],"Service":[],"SoftwareApplication":[],"WebPage":[]},"graphName":"","isEnabled":true},"graphs":[]},"schema_type":"default","schema_type_options":null,"pillar_content":false,"robots_default":true,"robots_noindex":false,"robots_noarchive":false,"robots_nosnippet":false,"robots_nofollow":false,"robots_noimageindex":false,"robots_noodp":false,"robots_notranslate":false,"robots_max_snippet":null,"robots_max_videopreview":null,"robots_max_imagepreview":"large","priority":null,"frequency":null,"local_seo":null,"breadcrumb_settings":null,"limit_modified_date":false,"ai":null,"created":"2025-12-16 13:59:23","updated":"2025-12-16 13:59:23","seo_analyzer_scan_date":null,"focus_keyword":null,"additional_keywords":null,"truseo_locale":null},"aioseo_breadcrumb":"<div class=\"aioseo-breadcrumbs\"><span class=\"aioseo-breadcrumb\">\n\t\t\t<a href=\"https:\/\/ejornais.com.br\" title=\"In\u00edcio\">In\u00edcio<\/a>\n\t\t<\/span><span class=\"aioseo-breadcrumb-separator\">&raquo;<\/span><span class=\"aioseo-breadcrumb\">\n\t\t\t<a href=\"https:\/\/ejornais.com.br\/index.php\/category\/ejornais\/\" title=\"Cat\u00e1logo de Jornais\">Cat\u00e1logo de Jornais<\/a>\n\t\t<\/span><span class=\"aioseo-breadcrumb-separator\">&raquo;<\/span><span class=\"aioseo-breadcrumb\">\n\t\t\tMais de 100 fam\u00edlias j\u00e1 realizaram o sonho da casa pr\u00f3pria na 10\u00aa edi\u00e7\u00e3o do Feir\u00e3o Habita \u2013 CGNot\u00edcias\n\t\t<\/span><\/div>","aioseo_breadcrumb_json":[{"label":"In\u00edcio","link":"https:\/\/ejornais.com.br"},{"label":"Cat\u00e1logo de Jornais","link":"https:\/\/ejornais.com.br\/index.php\/category\/ejornais\/"},{"label":"Mais de 100 fam\u00edlias j\u00e1 realizaram o sonho da casa pr\u00f3pria na 10\u00aa edi\u00e7\u00e3o do Feir\u00e3o Habita \u2013 CGNot\u00edcias","link":"https:\/\/ejornais.com.br\/index.php\/2025\/12\/16\/mais-de-100-familias-ja-realizaram-o-sonho-da-casa-propria-na-10a-edicao-do-feirao-habita-cgnoticias\/"}],"amp_enabled":true,"_links":{"self":[{"href":"https:\/\/ejornais.com.br\/index.php\/wp-json\/wp\/v2\/posts\/57585","targetHints":{"allow":["GET"]}}],"collection":[{"href":"https:\/\/ejornais.com.br\/index.php\/wp-json\/wp\/v2\/posts"}],"about":[{"href":"https:\/\/ejornais.com.br\/index.php\/wp-json\/wp\/v2\/types\/post"}],"author":[{"embeddable":true,"href":"https:\/\/ejornais.com.br\/index.php\/wp-json\/wp\/v2\/users\/2"}],"replies":[{"embeddable":true,"href":"https:\/\/ejornais.com.br\/index.php\/wp-json\/wp\/v2\/comments?post=57585"}],"version-history":[{"count":0,"href":"https:\/\/ejornais.com.br\/index.php\/wp-json\/wp\/v2\/posts\/57585\/revisions"}],"wp:attachment":[{"href":"https:\/\/ejornais.com.br\/index.php\/wp-json\/wp\/v2\/media?parent=57585"}],"wp:term":[{"taxonomy":"category","embeddable":true,"href":"https:\/\/ejornais.com.br\/index.php\/wp-json\/wp\/v2\/categories?post=57585"},{"taxonomy":"post_tag","embeddable":true,"href":"https:\/\/ejornais.com.br\/index.php\/wp-json\/wp\/v2\/tags?post=57585"}],"curies":[{"name":"wp","href":"https:\/\/api.w.org\/{rel}","templated":true}]}}