{"id":57685,"date":"2025-12-17T19:26:04","date_gmt":"2025-12-17T22:26:04","guid":{"rendered":"https:\/\/ejornais.com.br\/index.php\/2025\/12\/17\/rio-de-janeiro-sediara-o-golden-globes-tribute-gala-prefeitura-da-cidade-do-rio-de-janeiro\/"},"modified":"2025-12-17T19:26:04","modified_gmt":"2025-12-17T22:26:04","slug":"rio-de-janeiro-sediara-o-golden-globes-tribute-gala-prefeitura-da-cidade-do-rio-de-janeiro","status":"publish","type":"post","link":"https:\/\/ejornais.com.br\/index.php\/2025\/12\/17\/rio-de-janeiro-sediara-o-golden-globes-tribute-gala-prefeitura-da-cidade-do-rio-de-janeiro\/","title":{"rendered":"Rio de Janeiro sediar\u00e1 o Golden Globes Tribute Gala &#8211; Prefeitura da Cidade do Rio de Janeiro"},"content":{"rendered":"<p><\/p>\n<div wp_automatic_readability=\"116.79341802946\">\n<div class=\"image-post\">\n                                       <\/div>\n<p>A Prefeitura do Rio anunciou, nesta quarta-feira (17\/12), no Museu de Arte Moderna (MAM), uma parceria de tr\u00eas anos para a cidade receber o Golden Globes Tribute Gala, um evento internacional do Globo de Ouro (Golden Globes\u00ae\ufe0f), que \u00e9 uma das mais importantes premia\u00e7\u00f5es mundiais de cinema e televis\u00e3o, entregue anualmente pela Associa\u00e7\u00e3o de Imprensa Estrangeira de Hollywood (HFPA). Pela primeira vez na hist\u00f3ria, o Globo de Ouro realizar\u00e1 um evento oficial no Brasil. A cerim\u00f4nia de entrega dos pr\u00eamios ser\u00e1 no dia 18 de mar\u00e7o de 2026, no Belmond Copacabana Palace, na Zona Sul, e ir\u00e1 celebrar a criatividade, a import\u00e2ncia cultural e o impacto global da ind\u00fastria cinematogr\u00e1fica e televisiva brasileira. A TV Globo ser\u00e1 parceira de m\u00eddia do evento no Rio de Janeiro.<\/p>\n<blockquote wp_automatic_readability=\"10\">\n<p>\u2013 O Globo de Ouro \u00e9 uma das maiores premia\u00e7\u00f5es da ind\u00fastria audiovisual do mundo e escolheu o Rio, a cidade mais linda do planeta. Essa decis\u00e3o\u00a0 reafirma o nosso papel como centro da cultura no Brasil e capital dos grandes eventos. \u00c9 um reconhecimento \u00e0 voca\u00e7\u00e3o do Rio para atrair produ\u00e7\u00f5es internacionais, movimentar a economia criativa e projetar nossa identidade cultural para o mundo. \u2013 afirmou o prefeito Eduardo Paes<\/p>\n<\/blockquote>\n<p>Ap\u00f3s uma extensa an\u00e1lise de potenciais cidades-sede internacionais, o Globo de Ouro escolheu o Rio de Janeiro como sede do Golden Globes Tribute Gala, reconhecendo o din\u00e2mico patrim\u00f4nio art\u00edstico da cidade e seu papel como um dos principais centros de excel\u00eancia cinematogr\u00e1fica e televisiva.<\/p>\n<blockquote wp_automatic_readability=\"13\">\n<p>\u2013 Queremos que a cidade tenha calend\u00e1rio. O Golden Globes \u00e9 conhecido no mundo inteiro e agora o associamos ao Rio. Isso mostra o desejo desse setor de estar aqui e o sucesso das pol\u00edticas da Prefeitura implementadas no audiovisual carioca nos \u00faltimos anos. Ontem, anunciamos o Rio Fashion Week e hoje anunciamos esse evento. As ind\u00fastrias da moda e do audiovisual geram muito emprego na cidade do Rio e no Brasil. Ambas juntam a identidade, a for\u00e7a da arte e a criatividade com o neg\u00f3cio, a gera\u00e7\u00e3o de renda \u2013 disse o vice-prefeito do Rio, Eduardo Cavaliere, na cerim\u00f4nia no Museu de Arte Moderna.<\/p>\n<\/blockquote>\n<p>A escolha reafirma a posi\u00e7\u00e3o do Rio de Janeiro como uma capital cultural fundamental e porta de entrada para a ind\u00fastria audiovisual sul-americana, enquanto a colabora\u00e7\u00e3o entre o Globo de Ouro, a Urland Ventures e a Prefeitura do Rio estabelece uma plataforma de longo prazo para fortalecer o interc\u00e2mbio art\u00edstico e ampliar a visibilidade internacional.<\/p>\n<blockquote wp_automatic_readability=\"12\">\n<p>\u2013 Com o Golden Globes no Rio, teremos a imprensa internacional aqui. Muita gente vai conhecer o Brasil. O Golden Globes \u00e9 o evento mais importante depois do Oscar. Faremos essa premia\u00e7\u00e3o para os talentos brasileiros. Depois de tr\u00eas anos, caso esse evento tenha sucesso, ele ser\u00e1 transformado no Golden Globes Latin America \u2013 \u00a0disse Uri Singer, s\u00f3cio da Urland Ventures.<\/p>\n<\/blockquote>\n<p>O Golden Globes Tribute Gala homenagear\u00e1 artistas e criadores brasileiros excepcionais, que produziram obras de repercuss\u00e3o mundial. O evento chega em um momento em que o cinema brasileiro volta a estar no centro das aten\u00e7\u00f5es globais, com aclama\u00e7\u00e3o internacional por filmes como \u201cAinda Estou Aqui\u201d, de Walter Salles, e \u201cO Agente Secreto\u201d, de Kleber Mendon\u00e7a Filho.<\/p>\n<blockquote wp_automatic_readability=\"23\">\n<p>\u2013 \u00a0O Rio de Janeiro chegou \u00e0 final do Globo de Ouro em Los Angeles v\u00e1rias vezes com diversos filmes. Agora \u00e9 a vez do Globo de Ouro vir ao Rio, refor\u00e7ando o calend\u00e1rio O Rio o Ano Todo. Temos o Festival do Rio, o Pr\u00eamio Grande Otelo, a maior premia\u00e7\u00e3o do cinema brasileiro e agora recebe o Globo de Ouro, uma das premia\u00e7\u00f5es mais importantes do mundo para o cinema e a televis\u00e3o. O audiovisual carioca representa quase 80% da produ\u00e7\u00e3o do audiovisual brasileiro. Esse evento vai refor\u00e7ar a presen\u00e7a de talentos, diretores e produtores mundiais. \u00c9 uma forma de mostrar a cidade \u2013 disse o secret\u00e1rio municipal de Cultura, Lucas Padilha.<\/p>\n<p>\u2013 A vinda do Globo de Ouro para o Rio faz parte do projeto da Prefeitura de potencializar a centralidade do Rio como capital do mundo, principalmente na quest\u00e3o cultural, um segmento que \u00e9 totalmente transversal a todas as outras ind\u00fastrias. O Globo de Ouro \u00e9 um evento ic\u00f4nico no mundo, e o p\u00fablico brasileiro tamb\u00e9m \u00e9 o melhor do mundo. A gente viu este ano com o filme \u201cAinda Estou Aqui\u201d o quanto o consumidor brasileiro \u00e9 importante para esses eventos \u2013 declarou o presidente da RioFilme, Leonardo Edde.<\/p>\n<\/blockquote>\n<p>Como parte desta iniciativa hist\u00f3rica, o Golden Globes Tribute Gala premiar\u00e1 conquistas not\u00e1veis no cinema e na televis\u00e3o por meio de um processo de sele\u00e7\u00e3o especialmente elaborado. O comit\u00ea respons\u00e1vel pela escolha dos homenageados inclui um grupo seleto de figuras da ind\u00fastria cinematogr\u00e1fica e televisiva mundial: Helen Hoehne, Tim Gray, Diana Miller, Fernanda Ezabella, Daniel Herculano, Rodrigo Fonseca, Cecilia Barroso, Uri Singer e Orlando John. Juntos, eles trazem d\u00e9cadas de experi\u00eancia em jornalismo, produ\u00e7\u00e3o, programa\u00e7\u00e3o e representa\u00e7\u00e3o de talentos globais, garantindo uma sele\u00e7\u00e3o criteriosa e relevante de homenageados em escala internacional.<\/p>\n<p>A noite de gala ser\u00e1 um evento formal, exclusiva para 350 convidados, entre atores, diretores, l\u00edderes da ind\u00fastria e formadores de opini\u00e3o aclamados para uma noite dedicada a homenagear a excel\u00eancia no cinema e na televis\u00e3o. O evento contar\u00e1 com tapete vermelho, jantar, cerim\u00f4nia de premia\u00e7\u00e3o e show de encerramento. Ser\u00e3o entregues a talentos brasileiros os pr\u00eamios de Melhor Ator, Melhor Atriz, Ator Revela\u00e7\u00e3o, Atriz Revela\u00e7\u00e3o e Conjunto da Obra.<\/p>\n<p>Conhecido como a \u201cFesta do Ano de Hollywood\u201d, o Globo de Ouro celebra conquistas criativas excepcionais e atrai talentos globais, m\u00eddia e l\u00edderes da ind\u00fastria de todo o mundo.<\/p>\n<p>No Brasil, o evento \u00e9 uma sociedade de Raoni Carneiro e Jo\u00e3o Paulo Affonseca com Uri Singer e Orlando John, da Urland Ventures LLC, detentora da licen\u00e7a oficial do Golden Globes Tribute Gala Brazil, com produ\u00e7\u00e3o da Musicalize. Juntos, eles refor\u00e7am o Rio de Janeiro como cen\u00e1rio natural para sediar este evento hist\u00f3rico, que passa a integrar o calend\u00e1rio anual do Golden Globes.\u00a0A Ello Agency, fundada e liderada por Paula Bezerra de Mello, atua como ag\u00eancia respons\u00e1vel pela estrat\u00e9gia, coordena\u00e7\u00e3o e execu\u00e7\u00e3o das Rela\u00e7\u00f5es P\u00fablicas do evento.<\/p>\n<p>Chairman do Golden Globes Tribute Gala, Jo\u00e3o Lucas Melo Br\u00e1sio comemorou a chegada do evento ao Brasil.<\/p>\n<blockquote wp_automatic_readability=\"10\">\n<p>\u2013 \u00a0A ind\u00fastria criativa brasileira merece reconhecimento global, e este evento marca um momento decisivo em nossa hist\u00f3ria cultural. Realiz\u00e1-lo no Copacabana Palace, com talentos nacionais e internacionais lado a lado, evidencia a posi\u00e7\u00e3o de destaque do Brasil no cen\u00e1rio audiovisual atual.<\/p>\n<\/blockquote>\n<p>             <!-- Compartilhe ---><\/p>\n<p>\t\t\t <!-- TAGS --><\/p>\n<section class=\"category-tags\">\n<div class=\"marcacao-category\">\n<article class=\"category-post\">\n<p>Categoria: <\/p>\n<\/article>\n<li>17 de dezembro de 2025<\/li><\/div>\n<article class=\"tags\">\n\t\t\t\t\tMarca\u00e7\u00f5es: Globo de Ouro Golden Globes Tribute Gala Prefeitura do Rio premia\u00e7\u00e3o<br \/><\/article>\n<\/section>\n<p>            <!-- Mais Not&iacute;cias --><\/p>\n<p>\t\t<!-- Conte&uacute;do SIDEBAR --><\/p><\/div>\n","protected":false},"excerpt":{"rendered":"<p>A Prefeitura do Rio anunciou, nesta quarta-feira (17\/12), no Museu de Arte Moderna (MAM), uma parceria de tr\u00eas anos para<\/p>\n","protected":false},"author":2,"featured_media":0,"comment_status":"","ping_status":"","sticky":false,"template":"","format":"standard","meta":{"colormag_page_container_layout":"default_layout","colormag_page_sidebar_layout":"default_layout","footnotes":""},"categories":[1],"tags":[],"class_list":["post-57685","post","type-post","status-publish","format-standard","hentry","category-ejornais"],"aioseo_notices":[],"amp_enabled":true,"_links":{"self":[{"href":"https:\/\/ejornais.com.br\/index.php\/wp-json\/wp\/v2\/posts\/57685","targetHints":{"allow":["GET"]}}],"collection":[{"href":"https:\/\/ejornais.com.br\/index.php\/wp-json\/wp\/v2\/posts"}],"about":[{"href":"https:\/\/ejornais.com.br\/index.php\/wp-json\/wp\/v2\/types\/post"}],"author":[{"embeddable":true,"href":"https:\/\/ejornais.com.br\/index.php\/wp-json\/wp\/v2\/users\/2"}],"replies":[{"embeddable":true,"href":"https:\/\/ejornais.com.br\/index.php\/wp-json\/wp\/v2\/comments?post=57685"}],"version-history":[{"count":0,"href":"https:\/\/ejornais.com.br\/index.php\/wp-json\/wp\/v2\/posts\/57685\/revisions"}],"wp:attachment":[{"href":"https:\/\/ejornais.com.br\/index.php\/wp-json\/wp\/v2\/media?parent=57685"}],"wp:term":[{"taxonomy":"category","embeddable":true,"href":"https:\/\/ejornais.com.br\/index.php\/wp-json\/wp\/v2\/categories?post=57685"},{"taxonomy":"post_tag","embeddable":true,"href":"https:\/\/ejornais.com.br\/index.php\/wp-json\/wp\/v2\/tags?post=57685"}],"curies":[{"name":"wp","href":"https:\/\/api.w.org\/{rel}","templated":true}]}}