{"id":57769,"date":"2025-12-19T02:30:00","date_gmt":"2025-12-19T05:30:00","guid":{"rendered":"https:\/\/ejornais.com.br\/index.php\/2025\/12\/19\/internacional-anuncia-a-contratacao-do-uruguaio-paulo-pezzolano\/"},"modified":"2025-12-19T02:30:00","modified_gmt":"2025-12-19T05:30:00","slug":"internacional-anuncia-a-contratacao-do-uruguaio-paulo-pezzolano","status":"publish","type":"post","link":"https:\/\/ejornais.com.br\/index.php\/2025\/12\/19\/internacional-anuncia-a-contratacao-do-uruguaio-paulo-pezzolano\/","title":{"rendered":"Internacional anuncia a contrata\u00e7\u00e3o do uruguaio Paulo Pezzolano"},"content":{"rendered":"<p> Por MRNews<br \/>\n<\/p>\n<div wp_automatic_readability=\"47.24087284935\">\n<p>O Internacional anunciou nesta quinta-feira (18) a contrata\u00e7\u00e3o do t\u00e9cnico uruguaio Paulo Pezzolano. \u201cO profissional de 42 anos assina contrato com o Clube do Povo at\u00e9 dezembro de 2026 e ser\u00e1 apresentado nos pr\u00f3ximos dias\u201d, afirmou o Colorado em comunicado.<\/p>\n<blockquote class=\"twitter-tweet\" wp_automatic_readability=\"14.573502722323\">\n<p dir=\"ltr\" lang=\"pt\" xml:lang=\"pt\">Paulo Pezzolano \u00e9 o novo comandante colorado! \ud83c\udde6\ud83c\uddf9\u270d\ufe0f<\/p>\n<p>O uruguaio de 42 anos assina contrato com o Clube do Povo at\u00e9 dezembro de 2026. No Brasil, o treinador j\u00e1 trabalhou no Cruzeiro, al\u00e9m de experi\u00eancias no futebol espanhol e ingl\u00eas. \ud83d\udd1b\ud83d\udc4a<\/p>\n<p><strong><a href=\"https:\/\/mrnews.com.br\/index.php\/2025\/12\/19\/governo-endurece-regras-para-fundos-de-pensao-de-servidores-publicos\/\">Governo endurece regras para fundos de pens\u00e3o de servidores p\u00fablicos<\/a><\/strong><\/p>\n<p><strong><a href=\"https:\/\/mrnews.com.br\/index.php\/2025\/12\/19\/stf-derruba-tese-do-marco-temporal-para-demarcacao-de-terras-indigenas\/\">STF derruba tese do marco temporal para demarca\u00e7\u00e3o de terras ind\u00edgenas<\/a><\/strong><\/p>\n<p>Seja bem-vindo, \ud835\udde3\ud835\uddee\ud835\uddfd\ud835\uddee! \ud83c\uddfa\ud83c\uddfe\ud83e\udd1d<\/p>\n<p>\ud83d\udd17 Mais\u2026 <a href=\"https:\/\/t.co\/vJ1EwMYAp4\">pic.twitter.com\/vJ1EwMYAp4<\/a><\/p>\n<p>\u2014 Sport Club Internacional (@SCInternacional) <a href=\"https:\/\/twitter.com\/SCInternacional\/status\/2001631051559338197?ref_src=twsrc%5Etfw\" target=\"_blank\" rel=\"noopener\">December 18, 2025<\/a><\/p>\n<\/blockquote>\n<p>\u201cPezzolano acumula experi\u00eancia internacional ao longo de sua trajet\u00f3ria. No futebol brasileiro, comandou o Cruzeiro na temporada de 2022, liderando a equipe na conquista do t\u00edtulo da S\u00e9rie B do Campeonato Brasileiro, com acesso antecipado \u00e0 elite nacional. Na Europa, esteve \u00e0 frente do Real Valladolid, da Espanha, onde obteve o acesso \u00e0 LaLiga na temporada 2022\/23, al\u00e9m de passagem recente pelo Watford FC, da Inglaterra. Antes disso, trabalhou no M\u00e9xico e despontou no futebol uruguaio, com a conquista do t\u00edtulo Intermedio com o Liverpool\u201d, disse o Internacional em nota.<\/p>\n<p><strong><a href=\"https:\/\/mrnews.com.br\/index.php\/2025\/12\/19\/novo-presidente-do-tre-rj-quer-combater-candidatos-ligados-a-faccoes\/\">Novo presidente do TRE-RJ quer combater candidatos ligados a fac\u00e7\u00f5es<\/a><\/strong><\/p>\n<p><strong><a href=\"https:\/\/mrnews.com.br\/index.php\/2025\/12\/18\/mega-sena-acumula-novamente-e-premio-principal-vai-para-r-62-milhoes\/\">Mega-Sena acumula novamente e pr\u00eamio principal vai para R$ 62 milh\u00f5es<\/a><\/strong><\/p>\n<p>Outra equipe a anunciar um novo comandante \u00e9 o Remo, que em 2025 garantiu o acesso para a S\u00e9rie A do Campeonato Brasileiro. No ano de 2026 o Le\u00e3o ser\u00e1 dirigido pelo colombiano Juan Carlos Os\u00f3rio.<\/p>\n<blockquote class=\"twitter-tweet\" wp_automatic_readability=\"14.160427807487\">\n<p dir=\"ltr\" lang=\"pt\" xml:lang=\"pt\">O experiente, Juan Carlos Os\u00f3rio de 64 anos \u00e9 o novo t\u00e9cnico do Clube do Remo! \u26bd\ufe0f\ud83e\udd81<\/p>\n<p>No curr\u00edculo, uma Copa do Mundo com a sele\u00e7\u00e3o mexicana em 2018. \ud83c\uddf2\ud83c\uddfd<\/p>\n<p>Seu \u00faltimo Clube foi o Tijuana-MEX. No Brasil trabalhou pelo Athletico-PR e S\u00e3o Paulo.<\/p>\n<p>Que seja uma trajet\u00f3ria vitoriosa.\u2026 <a href=\"https:\/\/t.co\/dq2rx199xQ\">pic.twitter.com\/dq2rx199xQ<\/a><\/p>\n<p>\u2014 Clube do Remo (@ClubeDoRemo) <a href=\"https:\/\/twitter.com\/ClubeDoRemo\/status\/2001634073849028694?ref_src=twsrc%5Etfw\" target=\"_blank\" rel=\"noopener\">December 18, 2025<\/a><\/p>\n<\/blockquote>\n<p>O treinador de 64 anos de idade j\u00e1 trabalhou no Brasil, comandando o\u00a0Athletico-PR e o S\u00e3o Paulo. No curr\u00edculo ele tem como destaque a participa\u00e7\u00e3o na Copa do Mundo de 2018, comandando a sele\u00e7\u00e3o mexicana.<\/p>\n<\/div>\n<p><script async src=\"\/\/platform.twitter.com\/widgets.js\" charset=\"utf-8\"><\/script><\/p>\n","protected":false},"excerpt":{"rendered":"<p>Por MRNews O Internacional anunciou nesta quinta-feira (18) a contrata\u00e7\u00e3o do t\u00e9cnico uruguaio Paulo Pezzolano. \u201cO profissional de 42 anos<\/p>\n","protected":false},"author":2,"featured_media":0,"comment_status":"","ping_status":"","sticky":false,"template":"","format":"standard","meta":{"colormag_page_container_layout":"default_layout","colormag_page_sidebar_layout":"default_layout","footnotes":""},"categories":[1],"tags":[],"class_list":["post-57769","post","type-post","status-publish","format-standard","hentry","category-ejornais"],"aioseo_notices":[],"amp_enabled":true,"_links":{"self":[{"href":"https:\/\/ejornais.com.br\/index.php\/wp-json\/wp\/v2\/posts\/57769","targetHints":{"allow":["GET"]}}],"collection":[{"href":"https:\/\/ejornais.com.br\/index.php\/wp-json\/wp\/v2\/posts"}],"about":[{"href":"https:\/\/ejornais.com.br\/index.php\/wp-json\/wp\/v2\/types\/post"}],"author":[{"embeddable":true,"href":"https:\/\/ejornais.com.br\/index.php\/wp-json\/wp\/v2\/users\/2"}],"replies":[{"embeddable":true,"href":"https:\/\/ejornais.com.br\/index.php\/wp-json\/wp\/v2\/comments?post=57769"}],"version-history":[{"count":0,"href":"https:\/\/ejornais.com.br\/index.php\/wp-json\/wp\/v2\/posts\/57769\/revisions"}],"wp:attachment":[{"href":"https:\/\/ejornais.com.br\/index.php\/wp-json\/wp\/v2\/media?parent=57769"}],"wp:term":[{"taxonomy":"category","embeddable":true,"href":"https:\/\/ejornais.com.br\/index.php\/wp-json\/wp\/v2\/categories?post=57769"},{"taxonomy":"post_tag","embeddable":true,"href":"https:\/\/ejornais.com.br\/index.php\/wp-json\/wp\/v2\/tags?post=57769"}],"curies":[{"name":"wp","href":"https:\/\/api.w.org\/{rel}","templated":true}]}}