{"id":57847,"date":"2025-12-20T08:48:07","date_gmt":"2025-12-20T11:48:07","guid":{"rendered":"https:\/\/ejornais.com.br\/index.php\/2025\/12\/20\/certificado-de-consorcio-incentiva-comercializacao-de-pequenas-agroindustrias-em-ms-agencia-de-noticias-do-governo-de-mato-grosso-do-sul\/"},"modified":"2025-12-20T08:48:07","modified_gmt":"2025-12-20T11:48:07","slug":"certificado-de-consorcio-incentiva-comercializacao-de-pequenas-agroindustrias-em-ms-agencia-de-noticias-do-governo-de-mato-grosso-do-sul","status":"publish","type":"post","link":"https:\/\/ejornais.com.br\/index.php\/2025\/12\/20\/certificado-de-consorcio-incentiva-comercializacao-de-pequenas-agroindustrias-em-ms-agencia-de-noticias-do-governo-de-mato-grosso-do-sul\/","title":{"rendered":"Certificado de cons\u00f3rcio incentiva comercializa\u00e7\u00e3o de pequenas agroind\u00fastrias em MS \u2013 Ag\u00eancia de Noticias do Governo de Mato Grosso do Sul"},"content":{"rendered":"<p><\/p>\n<div>\n<p>Incentivadas pelo Governo do Estado, agroind\u00fastrias instaladas nas cidades de Amambai, Dourados, Douradina, Laguna Caarap\u00e3, Ponta Por\u00e3, Ant\u00f4nio Jo\u00e3o e Aral Moreira, que integram o Cons\u00f3rcio Sul-Fronteira, poder\u00e3o vender seus produtos para todo o Mato Grosso do Sul. Os sete munic\u00edpios receberam neste m\u00eas o certificado do PACPOA-MS (Programa de Apoio \u00e0 Comercializa\u00e7\u00e3o de Produtos de Origem Animal de Mato Grosso do Sul), e por meio da ades\u00e3o ter\u00e3o a possibilidade da comercializa\u00e7\u00e3o estadual.\u00a0<\/p>\n<p>O secret\u00e1rio Jaime Verruck, titular da Semadesc (Secretaria de Estado de Meio Ambiente, Ci\u00eancia, Tecnologia e Inova\u00e7\u00e3o), explicou que o PACPOA-MS representa uma inova\u00e7\u00e3o significativa no sistema de comercializa\u00e7\u00e3o. &#8220;O programa permite que os cons\u00f3rcios intermunicipais, que j\u00e1 possuem estruturas de expans\u00e3o municipal, comercializem produtos com registro sanit\u00e1rio no Sistema de Inspe\u00e7\u00e3o Municipal (SIM) em todo o Estado. Essa medida amplia o mercado e o potencial de comercializa\u00e7\u00e3o para os pequenos neg\u00f3cios, que s\u00e3o os principais beneficiados&#8221;.<\/p>\n<p>Al\u00e9m do Cons\u00f3rcio Sul-Fronteira, outros cons\u00f3rcios j\u00e1 aderiram ao PAC-POA como COINTA, CODEVALE e CENTRAL MS. A partir de agora, todas as pequenas agroind\u00fastrias instaladas nos munic\u00edpios abrangidos pelos cons\u00f3rcios, que possuem o selo de inspe\u00e7\u00e3o municipal (SIM) ou consorcial e cadastro no sistema federal e-SISBI, podem comercializar seus produtos de origem animal em qualquer cidade sul-mato-grossense, superando, pela primeira vez, a limita\u00e7\u00e3o hist\u00f3rica imposta \u00e0s vendas apenas dentro dos limites municipais.<\/p>\n<p>\u201cO Estado est\u00e1 criando as condi\u00e7\u00f5es para que os pequenos empreendedores tenham competitividade e prosperidade. O PACPOA-MS \u00e9 mais do que um programa: \u00e9 um s\u00edmbolo da transforma\u00e7\u00e3o da economia local, da valoriza\u00e7\u00e3o do trabalho e da confian\u00e7a na qualidade do que \u00e9 produzido em Mato Grosso do Sul\u201d, pontuou Verruck.<\/p>\n<p>&#8220;Essa medida \u00e9 muito importante tamb\u00e9m para os pequenos produtores, porque l\u00e1 na ponta que ele tem que ser atendido. Faremos um papel de orienta\u00e7\u00e3o para que as pessoas procurem a legaliza\u00e7\u00e3o, e para que as empresas tenham a cada dia um produto de maior qualidade&#8221;, destacou o secret\u00e1rio-executivo do Cons\u00f3rcio, Wallysson Colombo, sobre a iniciativa da Semadesc em apoiar a agroindustrializa\u00e7\u00e3o e formaliza\u00e7\u00e3o das empresas.\u00a0<\/p>\n<p>O certificado foi entregue pelo secret\u00e1rio Jaime Verruck e o secret\u00e1rio-executivo de Desenvolvimento Econ\u00f4mico Sustent\u00e1vel da Semadesc, Rog\u00e9rio Beretta ao secret\u00e1rio-executivo do cons\u00f3rcio, Wallyson Colombo. Tamb\u00e9m participaram da reuni\u00e3o o coordenador de Pecu\u00e1ria, Marivaldo Miranda e o gestor do programa Rubens Rondon.<\/p>\n<div id=\"gallery-1\" class=\"gallery galleryid-528597 gallery-columns-2 gallery-size-large\">\n<figure class=\"gallery-item\">\n<div class=\"gallery-icon landscape\"><\/div>\n<\/figure>\n<figure class=\"gallery-item\">\n<div class=\"gallery-icon landscape\"><\/div>\n<\/figure><\/div>\n<p><strong>PAC-POA<\/strong><\/p>\n<p>O programa foi desenvolvido conjuntamente pela Semadesc, Iagro, Agraer e o Minist\u00e9rio da Agricultura e Pecu\u00e1ria, e tem coordena\u00e7\u00e3o t\u00e9cnica da Iagro, respons\u00e1vel por avaliar a conformidade dos servi\u00e7os de inspe\u00e7\u00e3o. Uma vez aprovados, os munic\u00edpios recebem da Semadesc o Certificado de Ades\u00e3o ao PACPOA-MS.<\/p>\n<p>O secret\u00e1rio-executivo Rog\u00e9rio Beretta refor\u00e7ou a import\u00e2ncia das empresas buscarem o cadastramento. &#8220;Considerando a abrang\u00eancia estadual do servi\u00e7o de inspe\u00e7\u00e3o municipal do cons\u00f3rcio, todas as empresas vinculadas a este servi\u00e7o nos munic\u00edpios est\u00e3o autorizadas a comercializar em todo o estado, incluindo o servi\u00e7o PAC-POA. Diferentemente do processo anterior, onde as empresas precisavam se cadastrar individualmente, mesmo pertencendo ao cons\u00f3rcio, a autoriza\u00e7\u00e3o neste caso \u00e9 concedida globalmente. Dessa forma, para o uso do servi\u00e7o de express\u00e3o, o lojista deve celebrar um contrato com o PAC-POA. Empresas j\u00e1 est\u00e3o demonstrando interesse e iniciando suas opera\u00e7\u00f5es. Essa medida representa um aumento significativo no potencial de vendas para as empresas&#8221;, explicou.<\/p>\n<p>Para participar, o munic\u00edpio ou cons\u00f3rcio precisa estar cadastrado no sistema e-SISBI\/Mapa e ter sua legisla\u00e7\u00e3o de inspe\u00e7\u00e3o harmonizada com as normas do Servi\u00e7o de Inspe\u00e7\u00e3o Estadual (SIE).<\/p>\n<p><em>Rosana Siqueira, Comunica\u00e7\u00e3o Semadesc<br \/><\/em><em>Fotos: Mairinco de Pauda\/Semadesc<\/em><\/p>\n<\/div>\n","protected":false},"excerpt":{"rendered":"<p>Incentivadas pelo Governo do Estado, agroind\u00fastrias instaladas nas cidades de Amambai, Dourados, Douradina, Laguna Caarap\u00e3, Ponta Por\u00e3, Ant\u00f4nio Jo\u00e3o e<\/p>\n","protected":false},"author":2,"featured_media":0,"comment_status":"","ping_status":"","sticky":false,"template":"","format":"standard","meta":{"colormag_page_container_layout":"default_layout","colormag_page_sidebar_layout":"default_layout","footnotes":""},"categories":[1],"tags":[],"class_list":["post-57847","post","type-post","status-publish","format-standard","hentry","category-ejornais"],"aioseo_notices":[],"amp_enabled":true,"_links":{"self":[{"href":"https:\/\/ejornais.com.br\/index.php\/wp-json\/wp\/v2\/posts\/57847","targetHints":{"allow":["GET"]}}],"collection":[{"href":"https:\/\/ejornais.com.br\/index.php\/wp-json\/wp\/v2\/posts"}],"about":[{"href":"https:\/\/ejornais.com.br\/index.php\/wp-json\/wp\/v2\/types\/post"}],"author":[{"embeddable":true,"href":"https:\/\/ejornais.com.br\/index.php\/wp-json\/wp\/v2\/users\/2"}],"replies":[{"embeddable":true,"href":"https:\/\/ejornais.com.br\/index.php\/wp-json\/wp\/v2\/comments?post=57847"}],"version-history":[{"count":0,"href":"https:\/\/ejornais.com.br\/index.php\/wp-json\/wp\/v2\/posts\/57847\/revisions"}],"wp:attachment":[{"href":"https:\/\/ejornais.com.br\/index.php\/wp-json\/wp\/v2\/media?parent=57847"}],"wp:term":[{"taxonomy":"category","embeddable":true,"href":"https:\/\/ejornais.com.br\/index.php\/wp-json\/wp\/v2\/categories?post=57847"},{"taxonomy":"post_tag","embeddable":true,"href":"https:\/\/ejornais.com.br\/index.php\/wp-json\/wp\/v2\/tags?post=57847"}],"curies":[{"name":"wp","href":"https:\/\/api.w.org\/{rel}","templated":true}]}}