{"id":57861,"date":"2025-12-20T16:19:01","date_gmt":"2025-12-20T19:19:01","guid":{"rendered":"https:\/\/ejornais.com.br\/index.php\/2025\/12\/20\/cbf-confirma-datas-de-amistosos-da-selecao-contra-franca-e-croacia\/"},"modified":"2025-12-20T16:19:01","modified_gmt":"2025-12-20T19:19:01","slug":"cbf-confirma-datas-de-amistosos-da-selecao-contra-franca-e-croacia","status":"publish","type":"post","link":"https:\/\/ejornais.com.br\/index.php\/2025\/12\/20\/cbf-confirma-datas-de-amistosos-da-selecao-contra-franca-e-croacia\/","title":{"rendered":"CBF confirma datas de amistosos da sele\u00e7\u00e3o contra Fran\u00e7a e Cro\u00e1cia"},"content":{"rendered":"<p> Por MRNews<br \/>\n<\/p>\n<div wp_automatic_readability=\"51.916054564533\">\n<p>A Confedera\u00e7\u00e3o Brasileira de Futebol (CBF) anunciou as datas dos amistosos da sele\u00e7\u00e3o brasileira contra a Fran\u00e7a e contra a Cro\u00e1cia. As partidas est\u00e3o entre os \u00faltimos testes do Brasil antes do in\u00edcio da Copa do Mundo de 2026, que ser\u00e1 realizada entre 11\u00a0de junho e 19 de julho no M\u00e9xico, no Canad\u00e1 e nos Estados Unidos.<\/p>\n<p>O primeiro compromisso do Brasil ser\u00e1 no dia 26 de mar\u00e7o, quando enfrentar\u00e1 a Fran\u00e7a, atual 3\u00aa colocada do ranking de sele\u00e7\u00f5es da Fifa, no Gillete Stadium, em Boston (Estados Unidos). O est\u00e1dio receber\u00e1 sete partidas do Mundial. No dia 31 de mar\u00e7o ser\u00e1 a vez de a sele\u00e7\u00e3o brasileira medir for\u00e7as com a Cro\u00e1cia, no Camping World Stadium, em Orlando. Os croatas ocupam a 10\u00aa posi\u00e7\u00e3o no ranking da Fifa.<\/p>\n<blockquote class=\"instagram-media\" data-instgrm-captioned=\"\" data-instgrm-permalink=\"https:\/\/www.instagram.com\/p\/DScihKEDXhQ\/?utm_source=ig_embed&amp;utm_campaign=loading\" data-instgrm-version=\"14\" style=\" background:#FFF; border:0; border-radius:3px; box-shadow:0 0 1px 0 rgba(0,0,0,0.5),0 1px 10px 0 rgba(0,0,0,0.15); margin: 1px; max-width:540px; min-width:326px; padding:0; width:99.375%; width:-webkit-calc(100% - 2px); width:calc(100% - 2px);\"><\/blockquote>\n<p>\u201cSer\u00e3o dois jogos de alt\u00edssimo n\u00edvel, contra duas sele\u00e7\u00f5es da primeira prateleira do futebol mundial. Desde quando asseguramos a classifica\u00e7\u00e3o n\u00f3s hav\u00edamos decidido enfrentar sele\u00e7\u00f5es bem ranqueadas, classificadas para a Copa e que representassem escolas diferentes. Tivemos advers\u00e1rios da \u00c1sia, das escolas africanas e buscamos equipes europeias que pudessem, de fato, impor dificuldades e desafiar a sele\u00e7\u00e3o brasileira como as outras fizeram\u201d, declarou o coordenador geral de sele\u00e7\u00f5es masculinas da CBF, Rodrigo Caetano.<\/p>\n<p><strong><a href=\"https:\/\/mrnews.com.br\/index.php\/2025\/12\/20\/rio-reconhece-validade-civil-de-casamentos-na-umbanda-e-no-candomble\/\">Rio reconhece validade civil de casamentos na Umbanda e no Candombl\u00e9<\/a><\/strong><\/p>\n<p><strong><a href=\"https:\/\/mrnews.com.br\/index.php\/2025\/12\/20\/anvisa-alerta-para-riscos-de-canetas-emagrecedoras-manipuladas\/\">Anvisa alerta para riscos de\u00a0canetas emagrecedoras manipuladas<\/a><\/strong><\/p>\n<h2>Brasil na Copa<\/h2>\n<p>A sele\u00e7\u00e3o brasileira est\u00e1 no Grupo C da Copa do Mundo de 2026. A estreia ser\u00e1 no dia 13 de junho, contra Marrocos, no MetLife Stadium, em Nova Jersey, \u00e0s 19h (hor\u00e1rio de Bras\u00edlia).<\/p>\n<p>Na segunda rodada, o Brasil encara o Haiti no Lincoln Financial Field, na Filad\u00e9lfia, \u00e0s 22h. J\u00e1 o encerramento da primeira fase est\u00e1 marcado para o dia 24 de junho, contra a Esc\u00f3cia, no Hard Rock Stadium, em Miami, \u00e0s 19h.<\/p>\n<\/div>\n<p><script async src=\"\/\/www.instagram.com\/embed.js\"><\/script><\/p>\n","protected":false},"excerpt":{"rendered":"<p>Por MRNews A Confedera\u00e7\u00e3o Brasileira de Futebol (CBF) anunciou as datas dos amistosos da sele\u00e7\u00e3o brasileira contra a Fran\u00e7a e<\/p>\n","protected":false},"author":2,"featured_media":0,"comment_status":"","ping_status":"","sticky":false,"template":"","format":"standard","meta":{"colormag_page_container_layout":"default_layout","colormag_page_sidebar_layout":"default_layout","footnotes":""},"categories":[1],"tags":[],"class_list":["post-57861","post","type-post","status-publish","format-standard","hentry","category-ejornais"],"aioseo_notices":[],"amp_enabled":true,"_links":{"self":[{"href":"https:\/\/ejornais.com.br\/index.php\/wp-json\/wp\/v2\/posts\/57861","targetHints":{"allow":["GET"]}}],"collection":[{"href":"https:\/\/ejornais.com.br\/index.php\/wp-json\/wp\/v2\/posts"}],"about":[{"href":"https:\/\/ejornais.com.br\/index.php\/wp-json\/wp\/v2\/types\/post"}],"author":[{"embeddable":true,"href":"https:\/\/ejornais.com.br\/index.php\/wp-json\/wp\/v2\/users\/2"}],"replies":[{"embeddable":true,"href":"https:\/\/ejornais.com.br\/index.php\/wp-json\/wp\/v2\/comments?post=57861"}],"version-history":[{"count":0,"href":"https:\/\/ejornais.com.br\/index.php\/wp-json\/wp\/v2\/posts\/57861\/revisions"}],"wp:attachment":[{"href":"https:\/\/ejornais.com.br\/index.php\/wp-json\/wp\/v2\/media?parent=57861"}],"wp:term":[{"taxonomy":"category","embeddable":true,"href":"https:\/\/ejornais.com.br\/index.php\/wp-json\/wp\/v2\/categories?post=57861"},{"taxonomy":"post_tag","embeddable":true,"href":"https:\/\/ejornais.com.br\/index.php\/wp-json\/wp\/v2\/tags?post=57861"}],"curies":[{"name":"wp","href":"https:\/\/api.w.org\/{rel}","templated":true}]}}