{"id":57938,"date":"2025-12-22T09:16:04","date_gmt":"2025-12-22T12:16:04","guid":{"rendered":"https:\/\/ejornais.com.br\/index.php\/2025\/12\/22\/natal-dos-sonhos-encanta-publico-na-feira-central-com-parada-natalina-cgnoticias\/"},"modified":"2025-12-22T09:16:04","modified_gmt":"2025-12-22T12:16:04","slug":"natal-dos-sonhos-encanta-publico-na-feira-central-com-parada-natalina-cgnoticias","status":"publish","type":"post","link":"https:\/\/ejornais.com.br\/index.php\/2025\/12\/22\/natal-dos-sonhos-encanta-publico-na-feira-central-com-parada-natalina-cgnoticias\/","title":{"rendered":"Natal dos Sonhos encanta p\u00fablico na Feira Central com parada natalina \u2013 CGNot\u00edcias"},"content":{"rendered":"<p><\/p>\n<div>\n<p>A magia do Natal dos Sonhos tomou conta da Feira Central de Campo Grande na noite deste domingo (21), levando alegria, cores e emo\u00e7\u00e3o a um dos pontos mais tradicionais e tur\u00edsticos da Capital. A parada natalina atraiu fam\u00edlias inteiras e encantou o p\u00fablico com personagens tem\u00e1ticos que j\u00e1 se tornaram queridos, como os protagonistas da Fam\u00edlia Rena, al\u00e9m do simp\u00e1tico urso Ted e da capivara natalina.<\/p>\n<figure class=\"wp-block-image size-large\"><\/figure>\n<p>A a\u00e7\u00e3o teve como objetivo proporcionar uma noite de atra\u00e7\u00f5es culturais e de conviv\u00eancia familiar, valorizando espa\u00e7os p\u00fablicos tradicionais da cidade por meio de atividades natalinas. A Feira Central, refer\u00eancia cultural e gastron\u00f4mica de Campo Grande, foi palco de momentos de intera\u00e7\u00e3o, lazer e celebra\u00e7\u00e3o do esp\u00edrito natalino.<\/p>\n<figure class=\"wp-block-image size-large\"><\/figure>\n<p>Durante a programa\u00e7\u00e3o, o p\u00fablico teve acesso aos atrativos tem\u00e1ticos preparados especialmente para o per\u00edodo, fortalecendo o Natal como um evento de refer\u00eancia tanto para moradores quanto para visitantes da Capital. Crian\u00e7as e adultos acompanharam a apresenta\u00e7\u00e3o com entusiasmo, registrando o momento em fotos e v\u00eddeos.<\/p>\n<figure class=\"wp-block-image size-large\"><\/figure>\n<p>Para a visitante Daniela Oliveira, a presen\u00e7a da parada natalina na Feira Central refor\u00e7a a import\u00e2ncia de levar a programa\u00e7\u00e3o para diferentes regi\u00f5es da cidade. \u201cEu acho super importante passar pelos principais pontos da cidade. Al\u00e9m de trazer movimento, a gente passeia com a fam\u00edlia e aproveita esse super desfile. As crian\u00e7as ficam muito animadas\u201d, destacou.<\/p>\n<figure class=\"wp-block-image size-large\"><\/figure>\n<p>A feirante e visitante Juliane Cartes, de 33 anos, tamb\u00e9m se emocionou com a iniciativa. \u201cEu acho muito lindo, traz muita alegria. A gente est\u00e1 precisando disso, de alegria mesmo. Est\u00e1 maravilhoso\u201d, afirmou. Juliane acompanhava o marido Claudio e os filhos Esplose e Jovana.<\/p>\n<figure class=\"wp-block-image size-large\"><\/figure>\n<p>Quem tamb\u00e9m aprovou a a\u00e7\u00e3o foi Mariana Emery Calhari Milano, de 37 anos, que esteve no local com familiares. \u201c\u00c9 muito legal. As crian\u00e7as se divertem e \u00e9 uma energia que contagia todo mundo\u201d, comentou. Mariana estava acompanhada dos pais, do marido, dos filhos e dos irm\u00e3os.<\/p>\n<figure class=\"wp-block-image size-large\"><\/figure>\n<p>A programa\u00e7\u00e3o do Natal dos Sonhos, promovida pela Prefeitura de Campo Grande, segue levando apresenta\u00e7\u00f5es culturais, desfiles tem\u00e1ticos e atra\u00e7\u00f5es gratuitas a diversos pontos da cidade, consolidando o Natal como um momento de uni\u00e3o, inclus\u00e3o social e valoriza\u00e7\u00e3o dos espa\u00e7os p\u00fablicos da Capital.<\/p>\n<figure class=\"wp-block-image size-large\"><\/figure>\n<\/div>\n<p><script async defer async defer src=\"https:\/\/connect.facebook.net\/en_US\/sdk.js?ver=1#xfbml=1&amp;version=v3.2\" id=\"prefeitura-campogrande-script-facebook-sdk-js\"><\/script><\/p>\n","protected":false},"excerpt":{"rendered":"<p>A magia do Natal dos Sonhos tomou conta da Feira Central de Campo Grande na noite deste domingo (21), levando<\/p>\n","protected":false},"author":2,"featured_media":0,"comment_status":"","ping_status":"","sticky":false,"template":"","format":"standard","meta":{"colormag_page_container_layout":"default_layout","colormag_page_sidebar_layout":"default_layout","footnotes":""},"categories":[1],"tags":[],"class_list":["post-57938","post","type-post","status-publish","format-standard","hentry","category-ejornais"],"aioseo_notices":[],"amp_enabled":true,"_links":{"self":[{"href":"https:\/\/ejornais.com.br\/index.php\/wp-json\/wp\/v2\/posts\/57938","targetHints":{"allow":["GET"]}}],"collection":[{"href":"https:\/\/ejornais.com.br\/index.php\/wp-json\/wp\/v2\/posts"}],"about":[{"href":"https:\/\/ejornais.com.br\/index.php\/wp-json\/wp\/v2\/types\/post"}],"author":[{"embeddable":true,"href":"https:\/\/ejornais.com.br\/index.php\/wp-json\/wp\/v2\/users\/2"}],"replies":[{"embeddable":true,"href":"https:\/\/ejornais.com.br\/index.php\/wp-json\/wp\/v2\/comments?post=57938"}],"version-history":[{"count":0,"href":"https:\/\/ejornais.com.br\/index.php\/wp-json\/wp\/v2\/posts\/57938\/revisions"}],"wp:attachment":[{"href":"https:\/\/ejornais.com.br\/index.php\/wp-json\/wp\/v2\/media?parent=57938"}],"wp:term":[{"taxonomy":"category","embeddable":true,"href":"https:\/\/ejornais.com.br\/index.php\/wp-json\/wp\/v2\/categories?post=57938"},{"taxonomy":"post_tag","embeddable":true,"href":"https:\/\/ejornais.com.br\/index.php\/wp-json\/wp\/v2\/tags?post=57938"}],"curies":[{"name":"wp","href":"https:\/\/api.w.org\/{rel}","templated":true}]}}