{"id":57998,"date":"2025-12-23T09:15:25","date_gmt":"2025-12-23T12:15:25","guid":{"rendered":"https:\/\/ejornais.com.br\/index.php\/2025\/12\/23\/cicero-lucena-antecipa-pagamento-de-dezembro-e-salarios-ja-estao-na-conta-dos-servidores-da-prefeitura-de-joao-pessoa\/"},"modified":"2025-12-23T09:15:25","modified_gmt":"2025-12-23T12:15:25","slug":"cicero-lucena-antecipa-pagamento-de-dezembro-e-salarios-ja-estao-na-conta-dos-servidores-da-prefeitura-de-joao-pessoa","status":"publish","type":"post","link":"https:\/\/ejornais.com.br\/index.php\/2025\/12\/23\/cicero-lucena-antecipa-pagamento-de-dezembro-e-salarios-ja-estao-na-conta-dos-servidores-da-prefeitura-de-joao-pessoa\/","title":{"rendered":"C\u00edcero Lucena antecipa pagamento de dezembro e sal\u00e1rios j\u00e1 est\u00e3o na conta dos servidores da Prefeitura de Jo\u00e3o Pessoa"},"content":{"rendered":"<p><\/p>\n<div>\n<h5 class=\"text-primary\">Compromisso<\/h5>\n<p>                        <!-- Mostra o t&iacute;tulo como um link para o link permanente do post --><\/p>\n<h2 class=\"mb-3\">C\u00edcero Lucena antecipa pagamento de dezembro e sal\u00e1rios j\u00e1 est\u00e3o na conta dos servidores da Prefeitura de Jo\u00e3o Pessoa<\/h2>\n<p class=\"text-secondary font-italic mb-3 p-0\">&#13;<br \/>\n                            <i class=\"fa fa-calendar\"\/> 23\/12\/2025 | &#13;<br \/>\n                            <i class=\"fa fa-clock-o\"\/> 08:30 |&#13;<br \/>\n                            <i class=\"fa fa-eye\"\/> 67                        <\/p>\n<p>                        <!-- Mostra o conte&uacute;do do post em uma DIV --><\/p>\n<div class=\"\">\n<p>Todos os servidores da Prefeitura de Jo\u00e3o Pessoa, entre aposentados, pensionistas e trabalhadores da ativa, j\u00e1 est\u00e3o com os sal\u00e1rios referentes ao m\u00eas de dezembro creditados em conta, nesta ter\u00e7a-feira (23). O pagamento, que estava previsto para o dia 29, foi antecipado por determina\u00e7\u00e3o do prefeito C\u00edcero Lucena.<\/p>\n<figure class=\"wp-block-image size-full\"><\/figure>\n<p>Segundo o gestor, a antecipa\u00e7\u00e3o \u00e9 uma forma de reconhecimento ao trabalho e \u00e0 dedica\u00e7\u00e3o dos servidores municipais em todas as \u00e1reas da administra\u00e7\u00e3o, al\u00e9m de assegurar que todos possam celebrar o per\u00edodo natalino com mais tranquilidade e seguran\u00e7a financeira. \u201cJ\u00e1 est\u00e1 creditado na conta, para que todos possam passar o Natal ainda mais feliz, e a Prefeitura, como sempre, cuidando e agradecendo aos servidores que tanto nos ajudaram ao longo deste ano\u201d, afirmou o prefeito por meio das redes sociais.<\/p>\n<p><strong>Impacto \u2013<\/strong> Em um intervalo aproximado de 30 dias, a gest\u00e3o municipal est\u00e1 investindo mais de R$ 433 milh\u00f5es na economia da Capital, considerando o pagamento dos sal\u00e1rios de novembro e dezembro, a segunda parcela do 13\u00ba sal\u00e1rio e o Pr\u00eamio Escola Nota 10. O volume de recursos refor\u00e7a o compromisso da Prefeitura de Jo\u00e3o Pessoa com a valoriza\u00e7\u00e3o dos servidores, o equil\u00edbrio fiscal e o fortalecimento da economia local.<\/p>\n<p><strong>Parceria \u2013<\/strong> Neste m\u00eas de dezembro, o prefeito C\u00edcero Lucena tamb\u00e9m garantiu a amplia\u00e7\u00e3o da modalidade empr\u00e9stimo consignado para servidores da Prefeitura de Jo\u00e3o Pessoa para 120 meses, j\u00e1 a partir do pr\u00f3ximo m\u00eas de janeiro. A medida foi anunciada em parceria com o Banco de Bras\u00edlia (BRB), durante visita do novo presidente da institui\u00e7\u00e3o financeira a Jo\u00e3o Pessoa, quando se reuniu com o prefeito da Capital paraibana.<\/p>\n<\/p><\/div>\n<\/p><\/div>\n","protected":false},"excerpt":{"rendered":"<p>Compromisso C\u00edcero Lucena antecipa pagamento de dezembro e sal\u00e1rios j\u00e1 est\u00e3o na conta dos servidores da Prefeitura de Jo\u00e3o Pessoa<\/p>\n","protected":false},"author":2,"featured_media":0,"comment_status":"","ping_status":"","sticky":false,"template":"","format":"standard","meta":{"colormag_page_container_layout":"default_layout","colormag_page_sidebar_layout":"default_layout","footnotes":""},"categories":[1],"tags":[],"class_list":["post-57998","post","type-post","status-publish","format-standard","hentry","category-ejornais"],"aioseo_notices":[],"aioseo_head":"\n\t\t<!-- All in One SEO 5.0.1.1 - aioseo.com -->\n\t<meta name=\"description\" content=\"Compromisso C\u00edcero Lucena antecipa pagamento de dezembro e sal\u00e1rios j\u00e1 est\u00e3o na conta dos servidores da Prefeitura de Jo\u00e3o Pessoa 23\/12\/2025 | 08:30 | 67 Todos os servidores da Prefeitura de Jo\u00e3o Pessoa, entre aposentados, pensionistas e trabalhadores da ativa, j\u00e1 est\u00e3o com os sal\u00e1rios referentes ao m\u00eas de dezembro creditados em conta,\" \/>\n\t<meta name=\"robots\" content=\"max-image-preview:large\" \/>\n\t<meta name=\"author\" content=\"admin1\"\/>\n\t<link rel=\"canonical\" href=\"https:\/\/ejornais.com.br\/index.php\/2025\/12\/23\/cicero-lucena-antecipa-pagamento-de-dezembro-e-salarios-ja-estao-na-conta-dos-servidores-da-prefeitura-de-joao-pessoa\/\" \/>\n\t<meta name=\"generator\" content=\"All in One SEO (AIOSEO) 5.0.1.1\" \/>\n\t\t<meta property=\"og:locale\" content=\"pt_BR\" \/>\n\t\t<meta property=\"og:site_name\" content=\"eJornais - Cat\u00e1logo de Jornais no mundo, Not\u00edcias, Blog e Esportes ao vivo\" \/>\n\t\t<meta property=\"og:type\" content=\"article\" \/>\n\t\t<meta property=\"og:title\" content=\"C\u00edcero Lucena antecipa pagamento de dezembro e sal\u00e1rios j\u00e1 est\u00e3o na conta dos servidores da Prefeitura de Jo\u00e3o Pessoa - eJornais\" \/>\n\t\t<meta property=\"og:description\" content=\"Compromisso C\u00edcero Lucena antecipa pagamento de dezembro e sal\u00e1rios j\u00e1 est\u00e3o na conta dos servidores da Prefeitura de Jo\u00e3o Pessoa 23\/12\/2025 | 08:30 | 67 Todos os servidores da Prefeitura de Jo\u00e3o Pessoa, entre aposentados, pensionistas e trabalhadores da ativa, j\u00e1 est\u00e3o com os sal\u00e1rios referentes ao m\u00eas de dezembro creditados em conta,\" \/>\n\t\t<meta property=\"og:url\" content=\"https:\/\/ejornais.com.br\/index.php\/2025\/12\/23\/cicero-lucena-antecipa-pagamento-de-dezembro-e-salarios-ja-estao-na-conta-dos-servidores-da-prefeitura-de-joao-pessoa\/\" \/>\n\t\t<meta property=\"article:published_time\" content=\"2025-12-23T12:15:25+00:00\" \/>\n\t\t<meta property=\"article:modified_time\" content=\"2025-12-23T12:15:25+00:00\" \/>\n\t\t<meta name=\"twitter:card\" content=\"summary_large_image\" \/>\n\t\t<meta name=\"twitter:title\" content=\"C\u00edcero Lucena antecipa pagamento de dezembro e sal\u00e1rios j\u00e1 est\u00e3o na conta dos servidores da Prefeitura de Jo\u00e3o Pessoa - eJornais\" \/>\n\t\t<meta name=\"twitter:description\" content=\"Compromisso C\u00edcero Lucena antecipa pagamento de dezembro e sal\u00e1rios j\u00e1 est\u00e3o na conta dos servidores da Prefeitura de Jo\u00e3o Pessoa 23\/12\/2025 | 08:30 | 67 Todos os servidores da Prefeitura de Jo\u00e3o Pessoa, entre aposentados, pensionistas e trabalhadores da ativa, j\u00e1 est\u00e3o com os sal\u00e1rios referentes ao m\u00eas de dezembro creditados em conta,\" \/>\n\t\t<script type=\"application\/ld+json\" class=\"aioseo-schema\">\n\t\t\t{\"@context\":\"https:\\\/\\\/schema.org\",\"@graph\":[{\"@type\":\"BlogPosting\",\"@id\":\"https:\\\/\\\/ejornais.com.br\\\/index.php\\\/2025\\\/12\\\/23\\\/cicero-lucena-antecipa-pagamento-de-dezembro-e-salarios-ja-estao-na-conta-dos-servidores-da-prefeitura-de-joao-pessoa\\\/#blogposting\",\"name\":\"C\\u00edcero Lucena antecipa pagamento de dezembro e sal\\u00e1rios j\\u00e1 est\\u00e3o na conta dos servidores da Prefeitura de Jo\\u00e3o Pessoa - eJornais\",\"headline\":\"C\\u00edcero Lucena antecipa pagamento de dezembro e sal\\u00e1rios j\\u00e1 est\\u00e3o na conta dos servidores da Prefeitura de Jo\\u00e3o Pessoa\",\"author\":{\"@id\":\"https:\\\/\\\/ejornais.com.br\\\/index.php\\\/author\\\/admin1\\\/#author\"},\"publisher\":{\"@id\":\"https:\\\/\\\/ejornais.com.br\\\/#organization\"},\"datePublished\":\"2025-12-23T09:15:25-03:00\",\"dateModified\":\"2025-12-23T09:15:25-03:00\",\"inLanguage\":\"pt-BR\",\"mainEntityOfPage\":{\"@id\":\"https:\\\/\\\/ejornais.com.br\\\/index.php\\\/2025\\\/12\\\/23\\\/cicero-lucena-antecipa-pagamento-de-dezembro-e-salarios-ja-estao-na-conta-dos-servidores-da-prefeitura-de-joao-pessoa\\\/#webpage\"},\"isPartOf\":{\"@id\":\"https:\\\/\\\/ejornais.com.br\\\/index.php\\\/2025\\\/12\\\/23\\\/cicero-lucena-antecipa-pagamento-de-dezembro-e-salarios-ja-estao-na-conta-dos-servidores-da-prefeitura-de-joao-pessoa\\\/#webpage\"},\"articleSection\":\"Cat\\u00e1logo de Jornais\"},{\"@type\":\"BreadcrumbList\",\"@id\":\"https:\\\/\\\/ejornais.com.br\\\/index.php\\\/2025\\\/12\\\/23\\\/cicero-lucena-antecipa-pagamento-de-dezembro-e-salarios-ja-estao-na-conta-dos-servidores-da-prefeitura-de-joao-pessoa\\\/#breadcrumblist\",\"itemListElement\":[{\"@type\":\"ListItem\",\"@id\":\"https:\\\/\\\/ejornais.com.br#listItem\",\"position\":1,\"name\":\"In\\u00edcio\",\"item\":\"https:\\\/\\\/ejornais.com.br\",\"nextItem\":{\"@type\":\"ListItem\",\"@id\":\"https:\\\/\\\/ejornais.com.br\\\/index.php\\\/category\\\/ejornais\\\/#listItem\",\"name\":\"Cat\\u00e1logo de Jornais\"}},{\"@type\":\"ListItem\",\"@id\":\"https:\\\/\\\/ejornais.com.br\\\/index.php\\\/category\\\/ejornais\\\/#listItem\",\"position\":2,\"name\":\"Cat\\u00e1logo de Jornais\",\"item\":\"https:\\\/\\\/ejornais.com.br\\\/index.php\\\/category\\\/ejornais\\\/\",\"nextItem\":{\"@type\":\"ListItem\",\"@id\":\"https:\\\/\\\/ejornais.com.br\\\/index.php\\\/2025\\\/12\\\/23\\\/cicero-lucena-antecipa-pagamento-de-dezembro-e-salarios-ja-estao-na-conta-dos-servidores-da-prefeitura-de-joao-pessoa\\\/#listItem\",\"name\":\"C\\u00edcero Lucena antecipa pagamento de dezembro e sal\\u00e1rios j\\u00e1 est\\u00e3o na conta dos servidores da Prefeitura de Jo\\u00e3o Pessoa\"},\"previousItem\":{\"@type\":\"ListItem\",\"@id\":\"https:\\\/\\\/ejornais.com.br#listItem\",\"name\":\"In\\u00edcio\"}},{\"@type\":\"ListItem\",\"@id\":\"https:\\\/\\\/ejornais.com.br\\\/index.php\\\/2025\\\/12\\\/23\\\/cicero-lucena-antecipa-pagamento-de-dezembro-e-salarios-ja-estao-na-conta-dos-servidores-da-prefeitura-de-joao-pessoa\\\/#listItem\",\"position\":3,\"name\":\"C\\u00edcero Lucena antecipa pagamento de dezembro e sal\\u00e1rios j\\u00e1 est\\u00e3o na conta dos servidores da Prefeitura de Jo\\u00e3o Pessoa\",\"previousItem\":{\"@type\":\"ListItem\",\"@id\":\"https:\\\/\\\/ejornais.com.br\\\/index.php\\\/category\\\/ejornais\\\/#listItem\",\"name\":\"Cat\\u00e1logo de Jornais\"}}]},{\"@type\":\"Organization\",\"@id\":\"https:\\\/\\\/ejornais.com.br\\\/#organization\",\"name\":\"eJornais\",\"description\":\"Cat\\u00e1logo de Jornais no mundo, Not\\u00edcias, Blog e Esportes ao vivo\",\"url\":\"https:\\\/\\\/ejornais.com.br\\\/\"},{\"@type\":\"Person\",\"@id\":\"https:\\\/\\\/ejornais.com.br\\\/index.php\\\/author\\\/admin1\\\/#author\",\"url\":\"https:\\\/\\\/ejornais.com.br\\\/index.php\\\/author\\\/admin1\\\/\",\"name\":\"admin1\",\"image\":{\"@type\":\"ImageObject\",\"@id\":\"https:\\\/\\\/ejornais.com.br\\\/index.php\\\/2025\\\/12\\\/23\\\/cicero-lucena-antecipa-pagamento-de-dezembro-e-salarios-ja-estao-na-conta-dos-servidores-da-prefeitura-de-joao-pessoa\\\/#authorImage\",\"url\":\"https:\\\/\\\/secure.gravatar.com\\\/avatar\\\/04084e6d73c042b8646e7c17b494073bf0ede3ea13c7105cfc45cbbbc28385a4?s=96&d=mm&r=g\",\"width\":96,\"height\":96,\"caption\":\"admin1\"}},{\"@type\":\"WebPage\",\"@id\":\"https:\\\/\\\/ejornais.com.br\\\/index.php\\\/2025\\\/12\\\/23\\\/cicero-lucena-antecipa-pagamento-de-dezembro-e-salarios-ja-estao-na-conta-dos-servidores-da-prefeitura-de-joao-pessoa\\\/#webpage\",\"url\":\"https:\\\/\\\/ejornais.com.br\\\/index.php\\\/2025\\\/12\\\/23\\\/cicero-lucena-antecipa-pagamento-de-dezembro-e-salarios-ja-estao-na-conta-dos-servidores-da-prefeitura-de-joao-pessoa\\\/\",\"name\":\"C\\u00edcero Lucena antecipa pagamento de dezembro e sal\\u00e1rios j\\u00e1 est\\u00e3o na conta dos servidores da Prefeitura de Jo\\u00e3o Pessoa - eJornais\",\"description\":\"Compromisso C\\u00edcero Lucena antecipa pagamento de dezembro e sal\\u00e1rios j\\u00e1 est\\u00e3o na conta dos servidores da Prefeitura de Jo\\u00e3o Pessoa 23\\\/12\\\/2025 | 08:30 | 67 Todos os servidores da Prefeitura de Jo\\u00e3o Pessoa, entre aposentados, pensionistas e trabalhadores da ativa, j\\u00e1 est\\u00e3o com os sal\\u00e1rios referentes ao m\\u00eas de dezembro creditados em conta,\",\"inLanguage\":\"pt-BR\",\"isPartOf\":{\"@id\":\"https:\\\/\\\/ejornais.com.br\\\/#website\"},\"breadcrumb\":{\"@id\":\"https:\\\/\\\/ejornais.com.br\\\/index.php\\\/2025\\\/12\\\/23\\\/cicero-lucena-antecipa-pagamento-de-dezembro-e-salarios-ja-estao-na-conta-dos-servidores-da-prefeitura-de-joao-pessoa\\\/#breadcrumblist\"},\"author\":{\"@id\":\"https:\\\/\\\/ejornais.com.br\\\/index.php\\\/author\\\/admin1\\\/#author\"},\"creator\":{\"@id\":\"https:\\\/\\\/ejornais.com.br\\\/index.php\\\/author\\\/admin1\\\/#author\"},\"datePublished\":\"2025-12-23T09:15:25-03:00\",\"dateModified\":\"2025-12-23T09:15:25-03:00\"},{\"@type\":\"WebSite\",\"@id\":\"https:\\\/\\\/ejornais.com.br\\\/#website\",\"url\":\"https:\\\/\\\/ejornais.com.br\\\/\",\"name\":\"eJornais\",\"description\":\"Cat\\u00e1logo de Jornais no mundo, Not\\u00edcias, Blog e Esportes ao vivo\",\"inLanguage\":\"pt-BR\",\"publisher\":{\"@id\":\"https:\\\/\\\/ejornais.com.br\\\/#organization\"}}]}\n\t\t<\/script>\n\t\t<!-- All in One SEO -->\n\n","aioseo_head_json":{"title":"C\u00edcero Lucena antecipa pagamento de dezembro e sal\u00e1rios j\u00e1 est\u00e3o na conta dos servidores da Prefeitura de Jo\u00e3o Pessoa - eJornais","description":"Compromisso C\u00edcero Lucena antecipa pagamento de dezembro e sal\u00e1rios j\u00e1 est\u00e3o na conta dos servidores da Prefeitura de Jo\u00e3o Pessoa 23\/12\/2025 | 08:30 | 67 Todos os servidores da Prefeitura de Jo\u00e3o Pessoa, entre aposentados, pensionistas e trabalhadores da ativa, j\u00e1 est\u00e3o com os sal\u00e1rios referentes ao m\u00eas de dezembro creditados em conta,","canonical_url":"https:\/\/ejornais.com.br\/index.php\/2025\/12\/23\/cicero-lucena-antecipa-pagamento-de-dezembro-e-salarios-ja-estao-na-conta-dos-servidores-da-prefeitura-de-joao-pessoa\/","robots":"max-image-preview:large","keywords":"","webmasterTools":{"miscellaneous":""},"schema":{"@context":"https:\/\/schema.org","@graph":[{"@type":"BlogPosting","@id":"https:\/\/ejornais.com.br\/index.php\/2025\/12\/23\/cicero-lucena-antecipa-pagamento-de-dezembro-e-salarios-ja-estao-na-conta-dos-servidores-da-prefeitura-de-joao-pessoa\/#blogposting","name":"C\u00edcero Lucena antecipa pagamento de dezembro e sal\u00e1rios j\u00e1 est\u00e3o na conta dos servidores da Prefeitura de Jo\u00e3o Pessoa - eJornais","headline":"C\u00edcero Lucena antecipa pagamento de dezembro e sal\u00e1rios j\u00e1 est\u00e3o na conta dos servidores da Prefeitura de Jo\u00e3o Pessoa","author":{"@id":"https:\/\/ejornais.com.br\/index.php\/author\/admin1\/#author"},"publisher":{"@id":"https:\/\/ejornais.com.br\/#organization"},"datePublished":"2025-12-23T09:15:25-03:00","dateModified":"2025-12-23T09:15:25-03:00","inLanguage":"pt-BR","mainEntityOfPage":{"@id":"https:\/\/ejornais.com.br\/index.php\/2025\/12\/23\/cicero-lucena-antecipa-pagamento-de-dezembro-e-salarios-ja-estao-na-conta-dos-servidores-da-prefeitura-de-joao-pessoa\/#webpage"},"isPartOf":{"@id":"https:\/\/ejornais.com.br\/index.php\/2025\/12\/23\/cicero-lucena-antecipa-pagamento-de-dezembro-e-salarios-ja-estao-na-conta-dos-servidores-da-prefeitura-de-joao-pessoa\/#webpage"},"articleSection":"Cat\u00e1logo de Jornais"},{"@type":"BreadcrumbList","@id":"https:\/\/ejornais.com.br\/index.php\/2025\/12\/23\/cicero-lucena-antecipa-pagamento-de-dezembro-e-salarios-ja-estao-na-conta-dos-servidores-da-prefeitura-de-joao-pessoa\/#breadcrumblist","itemListElement":[{"@type":"ListItem","@id":"https:\/\/ejornais.com.br#listItem","position":1,"name":"In\u00edcio","item":"https:\/\/ejornais.com.br","nextItem":{"@type":"ListItem","@id":"https:\/\/ejornais.com.br\/index.php\/category\/ejornais\/#listItem","name":"Cat\u00e1logo de Jornais"}},{"@type":"ListItem","@id":"https:\/\/ejornais.com.br\/index.php\/category\/ejornais\/#listItem","position":2,"name":"Cat\u00e1logo de Jornais","item":"https:\/\/ejornais.com.br\/index.php\/category\/ejornais\/","nextItem":{"@type":"ListItem","@id":"https:\/\/ejornais.com.br\/index.php\/2025\/12\/23\/cicero-lucena-antecipa-pagamento-de-dezembro-e-salarios-ja-estao-na-conta-dos-servidores-da-prefeitura-de-joao-pessoa\/#listItem","name":"C\u00edcero Lucena antecipa pagamento de dezembro e sal\u00e1rios j\u00e1 est\u00e3o na conta dos servidores da Prefeitura de Jo\u00e3o Pessoa"},"previousItem":{"@type":"ListItem","@id":"https:\/\/ejornais.com.br#listItem","name":"In\u00edcio"}},{"@type":"ListItem","@id":"https:\/\/ejornais.com.br\/index.php\/2025\/12\/23\/cicero-lucena-antecipa-pagamento-de-dezembro-e-salarios-ja-estao-na-conta-dos-servidores-da-prefeitura-de-joao-pessoa\/#listItem","position":3,"name":"C\u00edcero Lucena antecipa pagamento de dezembro e sal\u00e1rios j\u00e1 est\u00e3o na conta dos servidores da Prefeitura de Jo\u00e3o Pessoa","previousItem":{"@type":"ListItem","@id":"https:\/\/ejornais.com.br\/index.php\/category\/ejornais\/#listItem","name":"Cat\u00e1logo de Jornais"}}]},{"@type":"Organization","@id":"https:\/\/ejornais.com.br\/#organization","name":"eJornais","description":"Cat\u00e1logo de Jornais no mundo, Not\u00edcias, Blog e Esportes ao vivo","url":"https:\/\/ejornais.com.br\/"},{"@type":"Person","@id":"https:\/\/ejornais.com.br\/index.php\/author\/admin1\/#author","url":"https:\/\/ejornais.com.br\/index.php\/author\/admin1\/","name":"admin1","image":{"@type":"ImageObject","@id":"https:\/\/ejornais.com.br\/index.php\/2025\/12\/23\/cicero-lucena-antecipa-pagamento-de-dezembro-e-salarios-ja-estao-na-conta-dos-servidores-da-prefeitura-de-joao-pessoa\/#authorImage","url":"https:\/\/secure.gravatar.com\/avatar\/04084e6d73c042b8646e7c17b494073bf0ede3ea13c7105cfc45cbbbc28385a4?s=96&d=mm&r=g","width":96,"height":96,"caption":"admin1"}},{"@type":"WebPage","@id":"https:\/\/ejornais.com.br\/index.php\/2025\/12\/23\/cicero-lucena-antecipa-pagamento-de-dezembro-e-salarios-ja-estao-na-conta-dos-servidores-da-prefeitura-de-joao-pessoa\/#webpage","url":"https:\/\/ejornais.com.br\/index.php\/2025\/12\/23\/cicero-lucena-antecipa-pagamento-de-dezembro-e-salarios-ja-estao-na-conta-dos-servidores-da-prefeitura-de-joao-pessoa\/","name":"C\u00edcero Lucena antecipa pagamento de dezembro e sal\u00e1rios j\u00e1 est\u00e3o na conta dos servidores da Prefeitura de Jo\u00e3o Pessoa - eJornais","description":"Compromisso C\u00edcero Lucena antecipa pagamento de dezembro e sal\u00e1rios j\u00e1 est\u00e3o na conta dos servidores da Prefeitura de Jo\u00e3o Pessoa 23\/12\/2025 | 08:30 | 67 Todos os servidores da Prefeitura de Jo\u00e3o Pessoa, entre aposentados, pensionistas e trabalhadores da ativa, j\u00e1 est\u00e3o com os sal\u00e1rios referentes ao m\u00eas de dezembro creditados em conta,","inLanguage":"pt-BR","isPartOf":{"@id":"https:\/\/ejornais.com.br\/#website"},"breadcrumb":{"@id":"https:\/\/ejornais.com.br\/index.php\/2025\/12\/23\/cicero-lucena-antecipa-pagamento-de-dezembro-e-salarios-ja-estao-na-conta-dos-servidores-da-prefeitura-de-joao-pessoa\/#breadcrumblist"},"author":{"@id":"https:\/\/ejornais.com.br\/index.php\/author\/admin1\/#author"},"creator":{"@id":"https:\/\/ejornais.com.br\/index.php\/author\/admin1\/#author"},"datePublished":"2025-12-23T09:15:25-03:00","dateModified":"2025-12-23T09:15:25-03:00"},{"@type":"WebSite","@id":"https:\/\/ejornais.com.br\/#website","url":"https:\/\/ejornais.com.br\/","name":"eJornais","description":"Cat\u00e1logo de Jornais no mundo, Not\u00edcias, Blog e Esportes ao vivo","inLanguage":"pt-BR","publisher":{"@id":"https:\/\/ejornais.com.br\/#organization"}}]},"og:locale":"pt_BR","og:site_name":"eJornais - Cat\u00e1logo de Jornais no mundo, Not\u00edcias, Blog e Esportes ao vivo","og:type":"article","og:title":"C\u00edcero Lucena antecipa pagamento de dezembro e sal\u00e1rios j\u00e1 est\u00e3o na conta dos servidores da Prefeitura de Jo\u00e3o Pessoa - eJornais","og:description":"Compromisso C\u00edcero Lucena antecipa pagamento de dezembro e sal\u00e1rios j\u00e1 est\u00e3o na conta dos servidores da Prefeitura de Jo\u00e3o Pessoa 23\/12\/2025 | 08:30 | 67 Todos os servidores da Prefeitura de Jo\u00e3o Pessoa, entre aposentados, pensionistas e trabalhadores da ativa, j\u00e1 est\u00e3o com os sal\u00e1rios referentes ao m\u00eas de dezembro creditados em conta,","og:url":"https:\/\/ejornais.com.br\/index.php\/2025\/12\/23\/cicero-lucena-antecipa-pagamento-de-dezembro-e-salarios-ja-estao-na-conta-dos-servidores-da-prefeitura-de-joao-pessoa\/","article:published_time":"2025-12-23T12:15:25+00:00","article:modified_time":"2025-12-23T12:15:25+00:00","twitter:card":"summary_large_image","twitter:title":"C\u00edcero Lucena antecipa pagamento de dezembro e sal\u00e1rios j\u00e1 est\u00e3o na conta dos servidores da Prefeitura de Jo\u00e3o Pessoa - eJornais","twitter:description":"Compromisso C\u00edcero Lucena antecipa pagamento de dezembro e sal\u00e1rios j\u00e1 est\u00e3o na conta dos servidores da Prefeitura de Jo\u00e3o Pessoa 23\/12\/2025 | 08:30 | 67 Todos os servidores da Prefeitura de Jo\u00e3o Pessoa, entre aposentados, pensionistas e trabalhadores da ativa, j\u00e1 est\u00e3o com os sal\u00e1rios referentes ao m\u00eas de dezembro creditados em conta,"},"aioseo_meta_data":{"post_id":"57998","title":null,"description":null,"keywords":null,"keyphrases":null,"primary_term":null,"canonical_url":null,"og_title":null,"og_description":null,"og_object_type":"default","og_image_type":"default","og_image_url":null,"og_image_width":null,"og_image_height":null,"og_image_custom_url":null,"og_image_custom_fields":null,"og_video":null,"og_custom_url":null,"og_article_section":null,"og_article_tags":null,"twitter_use_og":false,"twitter_card":"default","twitter_image_type":"default","twitter_image_url":null,"twitter_image_custom_url":null,"twitter_image_custom_fields":null,"twitter_title":null,"twitter_description":null,"schema":{"blockGraphs":[],"customGraphs":[],"default":{"data":{"Article":[],"Course":[],"Dataset":[],"FAQPage":[],"Movie":[],"Person":[],"Product":[],"ProductReview":[],"Car":[],"Recipe":[],"Service":[],"SoftwareApplication":[],"WebPage":[]},"graphName":"","isEnabled":true},"graphs":[]},"schema_type":"default","schema_type_options":null,"pillar_content":false,"robots_default":true,"robots_noindex":false,"robots_noarchive":false,"robots_nosnippet":false,"robots_nofollow":false,"robots_noimageindex":false,"robots_noodp":false,"robots_notranslate":false,"robots_max_snippet":null,"robots_max_videopreview":null,"robots_max_imagepreview":"large","priority":null,"frequency":null,"local_seo":null,"breadcrumb_settings":null,"limit_modified_date":false,"ai":null,"created":"2025-12-23 12:28:11","updated":"2025-12-23 12:28:11","seo_analyzer_scan_date":null,"focus_keyword":null,"additional_keywords":null,"truseo_locale":null},"aioseo_breadcrumb":"<div class=\"aioseo-breadcrumbs\"><span class=\"aioseo-breadcrumb\">\n\t\t\t<a href=\"https:\/\/ejornais.com.br\" title=\"In\u00edcio\">In\u00edcio<\/a>\n\t\t<\/span><span class=\"aioseo-breadcrumb-separator\">&raquo;<\/span><span class=\"aioseo-breadcrumb\">\n\t\t\t<a href=\"https:\/\/ejornais.com.br\/index.php\/category\/ejornais\/\" title=\"Cat\u00e1logo de Jornais\">Cat\u00e1logo de Jornais<\/a>\n\t\t<\/span><span class=\"aioseo-breadcrumb-separator\">&raquo;<\/span><span class=\"aioseo-breadcrumb\">\n\t\t\tC\u00edcero Lucena antecipa pagamento de dezembro e sal\u00e1rios j\u00e1 est\u00e3o na conta dos servidores da Prefeitura de Jo\u00e3o Pessoa\n\t\t<\/span><\/div>","aioseo_breadcrumb_json":[{"label":"In\u00edcio","link":"https:\/\/ejornais.com.br"},{"label":"Cat\u00e1logo de Jornais","link":"https:\/\/ejornais.com.br\/index.php\/category\/ejornais\/"},{"label":"C\u00edcero Lucena antecipa pagamento de dezembro e sal\u00e1rios j\u00e1 est\u00e3o na conta dos servidores da Prefeitura de Jo\u00e3o Pessoa","link":"https:\/\/ejornais.com.br\/index.php\/2025\/12\/23\/cicero-lucena-antecipa-pagamento-de-dezembro-e-salarios-ja-estao-na-conta-dos-servidores-da-prefeitura-de-joao-pessoa\/"}],"amp_enabled":true,"_links":{"self":[{"href":"https:\/\/ejornais.com.br\/index.php\/wp-json\/wp\/v2\/posts\/57998","targetHints":{"allow":["GET"]}}],"collection":[{"href":"https:\/\/ejornais.com.br\/index.php\/wp-json\/wp\/v2\/posts"}],"about":[{"href":"https:\/\/ejornais.com.br\/index.php\/wp-json\/wp\/v2\/types\/post"}],"author":[{"embeddable":true,"href":"https:\/\/ejornais.com.br\/index.php\/wp-json\/wp\/v2\/users\/2"}],"replies":[{"embeddable":true,"href":"https:\/\/ejornais.com.br\/index.php\/wp-json\/wp\/v2\/comments?post=57998"}],"version-history":[{"count":0,"href":"https:\/\/ejornais.com.br\/index.php\/wp-json\/wp\/v2\/posts\/57998\/revisions"}],"wp:attachment":[{"href":"https:\/\/ejornais.com.br\/index.php\/wp-json\/wp\/v2\/media?parent=57998"}],"wp:term":[{"taxonomy":"category","embeddable":true,"href":"https:\/\/ejornais.com.br\/index.php\/wp-json\/wp\/v2\/categories?post=57998"},{"taxonomy":"post_tag","embeddable":true,"href":"https:\/\/ejornais.com.br\/index.php\/wp-json\/wp\/v2\/tags?post=57998"}],"curies":[{"name":"wp","href":"https:\/\/api.w.org\/{rel}","templated":true}]}}