{"id":57999,"date":"2025-12-23T09:48:06","date_gmt":"2025-12-23T12:48:06","guid":{"rendered":"https:\/\/ejornais.com.br\/index.php\/2025\/12\/23\/agetec-consolida-avancos-tecnologicos-e-projeta-inovacao-e-maior-digitalizacao-dos-servicos-publicos-em-2026-cgnoticias\/"},"modified":"2025-12-23T09:48:06","modified_gmt":"2025-12-23T12:48:06","slug":"agetec-consolida-avancos-tecnologicos-e-projeta-inovacao-e-maior-digitalizacao-dos-servicos-publicos-em-2026-cgnoticias","status":"publish","type":"post","link":"https:\/\/ejornais.com.br\/index.php\/2025\/12\/23\/agetec-consolida-avancos-tecnologicos-e-projeta-inovacao-e-maior-digitalizacao-dos-servicos-publicos-em-2026-cgnoticias\/","title":{"rendered":"Agetec consolida avan\u00e7os tecnol\u00f3gicos e projeta inova\u00e7\u00e3o e maior digitaliza\u00e7\u00e3o dos servi\u00e7os p\u00fablicos em 2026 \u2013 CGNot\u00edcias"},"content":{"rendered":"<p><\/p>\n<div>\n<p>A Ag\u00eancia Municipal de Tecnologia da Informa\u00e7\u00e3o e Inova\u00e7\u00e3o (Agetec) encerra 2025 com um conjunto expressivo de entregas que modernizaram a gest\u00e3o p\u00fablica e fortaleceram a oferta de servi\u00e7os digitais em Campo Grande.<\/p>\n<p>Respons\u00e1vel por planejar, organizar e manter a infraestrutura tecnol\u00f3gica do munic\u00edpio, a Agetec atuou para garantir mais seguran\u00e7a, efici\u00eancia e qualidade nos sistemas utilizados por servidores e cidad\u00e3os.<\/p>\n<p>O ano foi marcado pela implanta\u00e7\u00e3o da Governan\u00e7a Municipal de TI, oficializada pelo Decreto n\u00ba 16.258\/2025. O modelo, alinhado \u00e0s normas ISO 38500, ISO 27001 e ISO 31000, estabeleceu diretrizes claras para investimentos, gest\u00e3o de riscos e seguran\u00e7a da informa\u00e7\u00e3o.<\/p>\n<p>Entre os avan\u00e7os, destacam-se a nova Pol\u00edtica Municipal de Seguran\u00e7a da Informa\u00e7\u00e3o e a cria\u00e7\u00e3o do Portal de Governan\u00e7a, que ampliou transpar\u00eancia e organiza\u00e7\u00e3o dos processos tecnol\u00f3gicos.<\/p>\n<figure class=\"wp-block-image size-large\"><\/figure>\n<p>Na moderniza\u00e7\u00e3o de sistemas, a Diretoria de Gest\u00e3o de Sistemas (DGSIS) lan\u00e7ou os aplicativos Proteja+ \u2014 Mulher, Sa\u00fade, Educa\u00e7\u00e3o e CG \u2014 fortalecendo a resposta da Guarda Municipal e protegendo p\u00fablicos espec\u00edficos. Tamb\u00e9m entrou em opera\u00e7\u00e3o o Cuida+, centralizando agendamentos e servi\u00e7os da sa\u00fade, al\u00e9m do aplicativo da Rota Bioce\u00e2nica, voltado ao turismo internacional. Em paralelo, 11 sistemas legados foram atualizados, e pipelines de automa\u00e7\u00e3o aceleraram as publica\u00e7\u00f5es e aumentaram a confiabilidade das entregas.<\/p>\n<figure class=\"wp-block-image size-large\"><\/figure>\n<p>A Diretoria de Infraestrutura, Seguran\u00e7a e Conectividade (DINFRAS) implantou o Data Center Expert, atualizou o Zabbix e ampliou o Graylog, garantindo monitoramento mais preciso. Tamb\u00e9m fortaleceu a seguran\u00e7a com exclus\u00e3o de contas gen\u00e9ricas, revis\u00e3o de acessos e atualiza\u00e7\u00e3o de firewalls.<\/p>\n<p>A rede que conecta as unidades da Prefeitura tamb\u00e9m recebeu melhorias relevantes. Foram reparados mais de 8 km de fibra \u00f3ptica, que \u00e9 o cabo respons\u00e1vel pela transmiss\u00e3o r\u00e1pida de internet; foram reativados mais de 30 controladores semaf\u00f3ricos, que s\u00e3o os equipamentos que coordenam os sinais de tr\u00e2nsito; e foram realizadas manuten\u00e7\u00f5es em mais de 60 c\u00e2meras de videomonitoramento, melhorando a seguran\u00e7a p\u00fablica. Al\u00e9m disso, foi implantado Wi-Fi p\u00fablico na Pra\u00e7a de Rochedinho e instalados novos pontos de fibra \u00f3ptica dedicados para refor\u00e7ar a conex\u00e3o de \u00f3rg\u00e3os importantes.<\/p>\n<figure class=\"wp-block-image size-large\"><\/figure>\n<p>Outras entregas conclu\u00eddas incluem a interliga\u00e7\u00e3o de 55 controladores semaf\u00f3ricos por fibra \u00f3ptica, a realiza\u00e7\u00e3o de 335 atendimentos de cabeamento estruturado (instala\u00e7\u00f5es e reparos de redes de internet), a entrega de 35 projetos de rede l\u00f3gica, e vistorias em 16 escolas para avaliar e diagnosticar a infraestrutura de internet e tecnologia.<\/p>\n<p>Na linha de frente do atendimento, a Diretoria de Atendimento e Suporte (DAS) registrou 31.534 chamados, lan\u00e7ou o Portal de Autoatendimento, reorganizou mais de 7 mil perfis de acesso e capacitou 982 servidores. A inclus\u00e3o digital tamb\u00e9m avan\u00e7ou com o projeto TechAula, que ofertou cursos gratuitos \u00e0 popula\u00e7\u00e3o.<\/p>\n<p>A cria\u00e7\u00e3o da Assessoria de DevOps estruturou fluxos modernos de publica\u00e7\u00e3o e refor\u00e7ou seguran\u00e7a com ado\u00e7\u00e3o de MFA e revis\u00e3o de perfis. O destaque foi o novo Portf\u00f3lio Agetec, que organiza todos os sistemas municipais. J\u00e1 a Assessoria de Intelig\u00eancia de Dados entregou pain\u00e9is estrat\u00e9gicos, como o Painel da Prefeita, sistemas para sorteios audit\u00e1veis, cadastros sociais e solu\u00e7\u00f5es que ampliaram a transpar\u00eancia e a gest\u00e3o baseada em dados.<\/p>\n<p>Para a prefeita Adriane Lopes, os resultados demonstram a transforma\u00e7\u00e3o digital vivida pelo munic\u00edpio. \u201cCampo Grande deu um salto importante rumo a uma gest\u00e3o mais inteligente e conectada. A tecnologia aproxima a Prefeitura das pessoas e a Agetec tem sido protagonista nesse processo de moderniza\u00e7\u00e3o e melhoria dos servi\u00e7os p\u00fablicos\u201d, afirmou.<\/p>\n<p>O diretor-presidente da Agetec, Leandro Basmage, refor\u00e7a o compromisso com a inova\u00e7\u00e3o. \u201c2025 consolidou nossa base tecnol\u00f3gica e ampliou a seguran\u00e7a, a efici\u00eancia e a qualidade das entregas. Seguimos avan\u00e7ando com planejamento, automa\u00e7\u00e3o e foco na popula\u00e7\u00e3o, construindo uma Prefeitura mais digital e integrada\u201d, destacou.<\/p>\n<figure class=\"wp-block-image size-large\"><\/figure>\n<p><strong>Proje\u00e7\u00f5es para 2026<\/strong><\/p>\n<p>Em 2026, a Agetec dar\u00e1 continuidade ao ciclo de inova\u00e7\u00e3o, com a execu\u00e7\u00e3o do 2\u00ba ciclo do Plano Diretor de Tecnologia da Informa\u00e7\u00e3o (PDTI), amplia\u00e7\u00e3o da rede \u00f3ptica, novos pontos de Wi-Fi e evolu\u00e7\u00e3o da seguran\u00e7a digital com segmenta\u00e7\u00e3o de redes e migra\u00e7\u00e3o para Kubernetes.<\/p>\n<p>Projetos estruturantes seguem em desenvolvimento, como a moderniza\u00e7\u00e3o do Sistema de Gest\u00e3o Tribut\u00e1ria Municipal (SGTM), o sistema de procuradorias com Intelig\u00eancia Artificial, o programa Araracoin, o portal +CG Governo Digital, novos pain\u00e9is estrat\u00e9gicos e sistemas como Seleciona+, Avalia+, Aprova+, Re\u00fana+ e o novo emissor de NFSe.<\/p>\n<p>A prefeita refor\u00e7a que o pr\u00f3ximo ano ser\u00e1 de consolida\u00e7\u00e3o. \u201c2026 ser\u00e1 dedicado a ampliar a inova\u00e7\u00e3o, fortalecer a infraestrutura e garantir que cada avan\u00e7o tecnol\u00f3gico se traduza em melhoria real para o cidad\u00e3o\u201d, disse Adriane.<\/p>\n<p>Basmage projeta um ano vigoroso de entregas. \u201cSeguiremos com solu\u00e7\u00f5es modernas, seguras e acess\u00edveis, transformando a experi\u00eancia do servidor e da popula\u00e7\u00e3o. Nossa meta \u00e9 elevar Campo Grande a um novo patamar de cidade inteligente\u201d, finalizou.<\/p>\n<\/div>\n<p><script async defer async defer src=\"https:\/\/connect.facebook.net\/en_US\/sdk.js?ver=1#xfbml=1&amp;version=v3.2\" id=\"prefeitura-campogrande-script-facebook-sdk-js\"><\/script><\/p>\n","protected":false},"excerpt":{"rendered":"<p>A Ag\u00eancia Municipal de Tecnologia da Informa\u00e7\u00e3o e Inova\u00e7\u00e3o (Agetec) encerra 2025 com um conjunto expressivo de entregas que modernizaram<\/p>\n","protected":false},"author":2,"featured_media":0,"comment_status":"","ping_status":"","sticky":false,"template":"","format":"standard","meta":{"colormag_page_container_layout":"default_layout","colormag_page_sidebar_layout":"default_layout","footnotes":""},"categories":[1],"tags":[],"class_list":["post-57999","post","type-post","status-publish","format-standard","hentry","category-ejornais"],"aioseo_notices":[],"aioseo_head":"\n\t\t<!-- All in One SEO 5.0.1.1 - aioseo.com -->\n\t<meta name=\"description\" content=\"A Ag\u00eancia Municipal de Tecnologia da Informa\u00e7\u00e3o e Inova\u00e7\u00e3o (Agetec) encerra 2025 com um conjunto expressivo de entregas que modernizaram a gest\u00e3o p\u00fablica e fortaleceram a oferta de servi\u00e7os digitais em Campo Grande. Respons\u00e1vel por planejar, organizar e manter a infraestrutura tecnol\u00f3gica do munic\u00edpio, a Agetec atuou para garantir mais seguran\u00e7a, efici\u00eancia e qualidade nos\" \/>\n\t<meta name=\"robots\" content=\"max-image-preview:large\" \/>\n\t<meta name=\"author\" content=\"admin1\"\/>\n\t<link rel=\"canonical\" href=\"https:\/\/ejornais.com.br\/index.php\/2025\/12\/23\/agetec-consolida-avancos-tecnologicos-e-projeta-inovacao-e-maior-digitalizacao-dos-servicos-publicos-em-2026-cgnoticias\/\" \/>\n\t<meta name=\"generator\" content=\"All in One SEO (AIOSEO) 5.0.1.1\" \/>\n\t\t<meta property=\"og:locale\" content=\"pt_BR\" \/>\n\t\t<meta property=\"og:site_name\" content=\"eJornais - Cat\u00e1logo de Jornais no mundo, Not\u00edcias, Blog e Esportes ao vivo\" \/>\n\t\t<meta property=\"og:type\" content=\"article\" \/>\n\t\t<meta property=\"og:title\" content=\"Agetec consolida avan\u00e7os tecnol\u00f3gicos e projeta inova\u00e7\u00e3o e maior digitaliza\u00e7\u00e3o dos servi\u00e7os p\u00fablicos em 2026 \u2013 CGNot\u00edcias - eJornais\" \/>\n\t\t<meta property=\"og:description\" content=\"A Ag\u00eancia Municipal de Tecnologia da Informa\u00e7\u00e3o e Inova\u00e7\u00e3o (Agetec) encerra 2025 com um conjunto expressivo de entregas que modernizaram a gest\u00e3o p\u00fablica e fortaleceram a oferta de servi\u00e7os digitais em Campo Grande. Respons\u00e1vel por planejar, organizar e manter a infraestrutura tecnol\u00f3gica do munic\u00edpio, a Agetec atuou para garantir mais seguran\u00e7a, efici\u00eancia e qualidade nos\" \/>\n\t\t<meta property=\"og:url\" content=\"https:\/\/ejornais.com.br\/index.php\/2025\/12\/23\/agetec-consolida-avancos-tecnologicos-e-projeta-inovacao-e-maior-digitalizacao-dos-servicos-publicos-em-2026-cgnoticias\/\" \/>\n\t\t<meta property=\"article:published_time\" content=\"2025-12-23T12:48:06+00:00\" \/>\n\t\t<meta property=\"article:modified_time\" content=\"2025-12-23T12:48:06+00:00\" \/>\n\t\t<meta name=\"twitter:card\" content=\"summary_large_image\" \/>\n\t\t<meta name=\"twitter:title\" content=\"Agetec consolida avan\u00e7os tecnol\u00f3gicos e projeta inova\u00e7\u00e3o e maior digitaliza\u00e7\u00e3o dos servi\u00e7os p\u00fablicos em 2026 \u2013 CGNot\u00edcias - eJornais\" \/>\n\t\t<meta name=\"twitter:description\" content=\"A Ag\u00eancia Municipal de Tecnologia da Informa\u00e7\u00e3o e Inova\u00e7\u00e3o (Agetec) encerra 2025 com um conjunto expressivo de entregas que modernizaram a gest\u00e3o p\u00fablica e fortaleceram a oferta de servi\u00e7os digitais em Campo Grande. Respons\u00e1vel por planejar, organizar e manter a infraestrutura tecnol\u00f3gica do munic\u00edpio, a Agetec atuou para garantir mais seguran\u00e7a, efici\u00eancia e qualidade nos\" \/>\n\t\t<script type=\"application\/ld+json\" class=\"aioseo-schema\">\n\t\t\t{\"@context\":\"https:\\\/\\\/schema.org\",\"@graph\":[{\"@type\":\"BlogPosting\",\"@id\":\"https:\\\/\\\/ejornais.com.br\\\/index.php\\\/2025\\\/12\\\/23\\\/agetec-consolida-avancos-tecnologicos-e-projeta-inovacao-e-maior-digitalizacao-dos-servicos-publicos-em-2026-cgnoticias\\\/#blogposting\",\"name\":\"Agetec consolida avan\\u00e7os tecnol\\u00f3gicos e projeta inova\\u00e7\\u00e3o e maior digitaliza\\u00e7\\u00e3o dos servi\\u00e7os p\\u00fablicos em 2026 \\u2013 CGNot\\u00edcias - eJornais\",\"headline\":\"Agetec consolida avan\\u00e7os tecnol\\u00f3gicos e projeta inova\\u00e7\\u00e3o e maior digitaliza\\u00e7\\u00e3o dos servi\\u00e7os p\\u00fablicos em 2026 \\u2013 CGNot\\u00edcias\",\"author\":{\"@id\":\"https:\\\/\\\/ejornais.com.br\\\/index.php\\\/author\\\/admin1\\\/#author\"},\"publisher\":{\"@id\":\"https:\\\/\\\/ejornais.com.br\\\/#organization\"},\"datePublished\":\"2025-12-23T09:48:06-03:00\",\"dateModified\":\"2025-12-23T09:48:06-03:00\",\"inLanguage\":\"pt-BR\",\"mainEntityOfPage\":{\"@id\":\"https:\\\/\\\/ejornais.com.br\\\/index.php\\\/2025\\\/12\\\/23\\\/agetec-consolida-avancos-tecnologicos-e-projeta-inovacao-e-maior-digitalizacao-dos-servicos-publicos-em-2026-cgnoticias\\\/#webpage\"},\"isPartOf\":{\"@id\":\"https:\\\/\\\/ejornais.com.br\\\/index.php\\\/2025\\\/12\\\/23\\\/agetec-consolida-avancos-tecnologicos-e-projeta-inovacao-e-maior-digitalizacao-dos-servicos-publicos-em-2026-cgnoticias\\\/#webpage\"},\"articleSection\":\"Cat\\u00e1logo de Jornais\"},{\"@type\":\"BreadcrumbList\",\"@id\":\"https:\\\/\\\/ejornais.com.br\\\/index.php\\\/2025\\\/12\\\/23\\\/agetec-consolida-avancos-tecnologicos-e-projeta-inovacao-e-maior-digitalizacao-dos-servicos-publicos-em-2026-cgnoticias\\\/#breadcrumblist\",\"itemListElement\":[{\"@type\":\"ListItem\",\"@id\":\"https:\\\/\\\/ejornais.com.br#listItem\",\"position\":1,\"name\":\"In\\u00edcio\",\"item\":\"https:\\\/\\\/ejornais.com.br\",\"nextItem\":{\"@type\":\"ListItem\",\"@id\":\"https:\\\/\\\/ejornais.com.br\\\/index.php\\\/category\\\/ejornais\\\/#listItem\",\"name\":\"Cat\\u00e1logo de Jornais\"}},{\"@type\":\"ListItem\",\"@id\":\"https:\\\/\\\/ejornais.com.br\\\/index.php\\\/category\\\/ejornais\\\/#listItem\",\"position\":2,\"name\":\"Cat\\u00e1logo de Jornais\",\"item\":\"https:\\\/\\\/ejornais.com.br\\\/index.php\\\/category\\\/ejornais\\\/\",\"nextItem\":{\"@type\":\"ListItem\",\"@id\":\"https:\\\/\\\/ejornais.com.br\\\/index.php\\\/2025\\\/12\\\/23\\\/agetec-consolida-avancos-tecnologicos-e-projeta-inovacao-e-maior-digitalizacao-dos-servicos-publicos-em-2026-cgnoticias\\\/#listItem\",\"name\":\"Agetec consolida avan\\u00e7os tecnol\\u00f3gicos e projeta inova\\u00e7\\u00e3o e maior digitaliza\\u00e7\\u00e3o dos servi\\u00e7os p\\u00fablicos em 2026 \\u2013 CGNot\\u00edcias\"},\"previousItem\":{\"@type\":\"ListItem\",\"@id\":\"https:\\\/\\\/ejornais.com.br#listItem\",\"name\":\"In\\u00edcio\"}},{\"@type\":\"ListItem\",\"@id\":\"https:\\\/\\\/ejornais.com.br\\\/index.php\\\/2025\\\/12\\\/23\\\/agetec-consolida-avancos-tecnologicos-e-projeta-inovacao-e-maior-digitalizacao-dos-servicos-publicos-em-2026-cgnoticias\\\/#listItem\",\"position\":3,\"name\":\"Agetec consolida avan\\u00e7os tecnol\\u00f3gicos e projeta inova\\u00e7\\u00e3o e maior digitaliza\\u00e7\\u00e3o dos servi\\u00e7os p\\u00fablicos em 2026 \\u2013 CGNot\\u00edcias\",\"previousItem\":{\"@type\":\"ListItem\",\"@id\":\"https:\\\/\\\/ejornais.com.br\\\/index.php\\\/category\\\/ejornais\\\/#listItem\",\"name\":\"Cat\\u00e1logo de Jornais\"}}]},{\"@type\":\"Organization\",\"@id\":\"https:\\\/\\\/ejornais.com.br\\\/#organization\",\"name\":\"eJornais\",\"description\":\"Cat\\u00e1logo de Jornais no mundo, Not\\u00edcias, Blog e Esportes ao vivo\",\"url\":\"https:\\\/\\\/ejornais.com.br\\\/\"},{\"@type\":\"Person\",\"@id\":\"https:\\\/\\\/ejornais.com.br\\\/index.php\\\/author\\\/admin1\\\/#author\",\"url\":\"https:\\\/\\\/ejornais.com.br\\\/index.php\\\/author\\\/admin1\\\/\",\"name\":\"admin1\",\"image\":{\"@type\":\"ImageObject\",\"@id\":\"https:\\\/\\\/ejornais.com.br\\\/index.php\\\/2025\\\/12\\\/23\\\/agetec-consolida-avancos-tecnologicos-e-projeta-inovacao-e-maior-digitalizacao-dos-servicos-publicos-em-2026-cgnoticias\\\/#authorImage\",\"url\":\"https:\\\/\\\/secure.gravatar.com\\\/avatar\\\/04084e6d73c042b8646e7c17b494073bf0ede3ea13c7105cfc45cbbbc28385a4?s=96&d=mm&r=g\",\"width\":96,\"height\":96,\"caption\":\"admin1\"}},{\"@type\":\"WebPage\",\"@id\":\"https:\\\/\\\/ejornais.com.br\\\/index.php\\\/2025\\\/12\\\/23\\\/agetec-consolida-avancos-tecnologicos-e-projeta-inovacao-e-maior-digitalizacao-dos-servicos-publicos-em-2026-cgnoticias\\\/#webpage\",\"url\":\"https:\\\/\\\/ejornais.com.br\\\/index.php\\\/2025\\\/12\\\/23\\\/agetec-consolida-avancos-tecnologicos-e-projeta-inovacao-e-maior-digitalizacao-dos-servicos-publicos-em-2026-cgnoticias\\\/\",\"name\":\"Agetec consolida avan\\u00e7os tecnol\\u00f3gicos e projeta inova\\u00e7\\u00e3o e maior digitaliza\\u00e7\\u00e3o dos servi\\u00e7os p\\u00fablicos em 2026 \\u2013 CGNot\\u00edcias - eJornais\",\"description\":\"A Ag\\u00eancia Municipal de Tecnologia da Informa\\u00e7\\u00e3o e Inova\\u00e7\\u00e3o (Agetec) encerra 2025 com um conjunto expressivo de entregas que modernizaram a gest\\u00e3o p\\u00fablica e fortaleceram a oferta de servi\\u00e7os digitais em Campo Grande. Respons\\u00e1vel por planejar, organizar e manter a infraestrutura tecnol\\u00f3gica do munic\\u00edpio, a Agetec atuou para garantir mais seguran\\u00e7a, efici\\u00eancia e qualidade nos\",\"inLanguage\":\"pt-BR\",\"isPartOf\":{\"@id\":\"https:\\\/\\\/ejornais.com.br\\\/#website\"},\"breadcrumb\":{\"@id\":\"https:\\\/\\\/ejornais.com.br\\\/index.php\\\/2025\\\/12\\\/23\\\/agetec-consolida-avancos-tecnologicos-e-projeta-inovacao-e-maior-digitalizacao-dos-servicos-publicos-em-2026-cgnoticias\\\/#breadcrumblist\"},\"author\":{\"@id\":\"https:\\\/\\\/ejornais.com.br\\\/index.php\\\/author\\\/admin1\\\/#author\"},\"creator\":{\"@id\":\"https:\\\/\\\/ejornais.com.br\\\/index.php\\\/author\\\/admin1\\\/#author\"},\"datePublished\":\"2025-12-23T09:48:06-03:00\",\"dateModified\":\"2025-12-23T09:48:06-03:00\"},{\"@type\":\"WebSite\",\"@id\":\"https:\\\/\\\/ejornais.com.br\\\/#website\",\"url\":\"https:\\\/\\\/ejornais.com.br\\\/\",\"name\":\"eJornais\",\"description\":\"Cat\\u00e1logo de Jornais no mundo, Not\\u00edcias, Blog e Esportes ao vivo\",\"inLanguage\":\"pt-BR\",\"publisher\":{\"@id\":\"https:\\\/\\\/ejornais.com.br\\\/#organization\"}}]}\n\t\t<\/script>\n\t\t<!-- All in One SEO -->\n\n","aioseo_head_json":{"title":"Agetec consolida avan\u00e7os tecnol\u00f3gicos e projeta inova\u00e7\u00e3o e maior digitaliza\u00e7\u00e3o dos servi\u00e7os p\u00fablicos em 2026 \u2013 CGNot\u00edcias - eJornais","description":"A Ag\u00eancia Municipal de Tecnologia da Informa\u00e7\u00e3o e Inova\u00e7\u00e3o (Agetec) encerra 2025 com um conjunto expressivo de entregas que modernizaram a gest\u00e3o p\u00fablica e fortaleceram a oferta de servi\u00e7os digitais em Campo Grande. Respons\u00e1vel por planejar, organizar e manter a infraestrutura tecnol\u00f3gica do munic\u00edpio, a Agetec atuou para garantir mais seguran\u00e7a, efici\u00eancia e qualidade nos","canonical_url":"https:\/\/ejornais.com.br\/index.php\/2025\/12\/23\/agetec-consolida-avancos-tecnologicos-e-projeta-inovacao-e-maior-digitalizacao-dos-servicos-publicos-em-2026-cgnoticias\/","robots":"max-image-preview:large","keywords":"","webmasterTools":{"miscellaneous":""},"schema":{"@context":"https:\/\/schema.org","@graph":[{"@type":"BlogPosting","@id":"https:\/\/ejornais.com.br\/index.php\/2025\/12\/23\/agetec-consolida-avancos-tecnologicos-e-projeta-inovacao-e-maior-digitalizacao-dos-servicos-publicos-em-2026-cgnoticias\/#blogposting","name":"Agetec consolida avan\u00e7os tecnol\u00f3gicos e projeta inova\u00e7\u00e3o e maior digitaliza\u00e7\u00e3o dos servi\u00e7os p\u00fablicos em 2026 \u2013 CGNot\u00edcias - eJornais","headline":"Agetec consolida avan\u00e7os tecnol\u00f3gicos e projeta inova\u00e7\u00e3o e maior digitaliza\u00e7\u00e3o dos servi\u00e7os p\u00fablicos em 2026 \u2013 CGNot\u00edcias","author":{"@id":"https:\/\/ejornais.com.br\/index.php\/author\/admin1\/#author"},"publisher":{"@id":"https:\/\/ejornais.com.br\/#organization"},"datePublished":"2025-12-23T09:48:06-03:00","dateModified":"2025-12-23T09:48:06-03:00","inLanguage":"pt-BR","mainEntityOfPage":{"@id":"https:\/\/ejornais.com.br\/index.php\/2025\/12\/23\/agetec-consolida-avancos-tecnologicos-e-projeta-inovacao-e-maior-digitalizacao-dos-servicos-publicos-em-2026-cgnoticias\/#webpage"},"isPartOf":{"@id":"https:\/\/ejornais.com.br\/index.php\/2025\/12\/23\/agetec-consolida-avancos-tecnologicos-e-projeta-inovacao-e-maior-digitalizacao-dos-servicos-publicos-em-2026-cgnoticias\/#webpage"},"articleSection":"Cat\u00e1logo de Jornais"},{"@type":"BreadcrumbList","@id":"https:\/\/ejornais.com.br\/index.php\/2025\/12\/23\/agetec-consolida-avancos-tecnologicos-e-projeta-inovacao-e-maior-digitalizacao-dos-servicos-publicos-em-2026-cgnoticias\/#breadcrumblist","itemListElement":[{"@type":"ListItem","@id":"https:\/\/ejornais.com.br#listItem","position":1,"name":"In\u00edcio","item":"https:\/\/ejornais.com.br","nextItem":{"@type":"ListItem","@id":"https:\/\/ejornais.com.br\/index.php\/category\/ejornais\/#listItem","name":"Cat\u00e1logo de Jornais"}},{"@type":"ListItem","@id":"https:\/\/ejornais.com.br\/index.php\/category\/ejornais\/#listItem","position":2,"name":"Cat\u00e1logo de Jornais","item":"https:\/\/ejornais.com.br\/index.php\/category\/ejornais\/","nextItem":{"@type":"ListItem","@id":"https:\/\/ejornais.com.br\/index.php\/2025\/12\/23\/agetec-consolida-avancos-tecnologicos-e-projeta-inovacao-e-maior-digitalizacao-dos-servicos-publicos-em-2026-cgnoticias\/#listItem","name":"Agetec consolida avan\u00e7os tecnol\u00f3gicos e projeta inova\u00e7\u00e3o e maior digitaliza\u00e7\u00e3o dos servi\u00e7os p\u00fablicos em 2026 \u2013 CGNot\u00edcias"},"previousItem":{"@type":"ListItem","@id":"https:\/\/ejornais.com.br#listItem","name":"In\u00edcio"}},{"@type":"ListItem","@id":"https:\/\/ejornais.com.br\/index.php\/2025\/12\/23\/agetec-consolida-avancos-tecnologicos-e-projeta-inovacao-e-maior-digitalizacao-dos-servicos-publicos-em-2026-cgnoticias\/#listItem","position":3,"name":"Agetec consolida avan\u00e7os tecnol\u00f3gicos e projeta inova\u00e7\u00e3o e maior digitaliza\u00e7\u00e3o dos servi\u00e7os p\u00fablicos em 2026 \u2013 CGNot\u00edcias","previousItem":{"@type":"ListItem","@id":"https:\/\/ejornais.com.br\/index.php\/category\/ejornais\/#listItem","name":"Cat\u00e1logo de Jornais"}}]},{"@type":"Organization","@id":"https:\/\/ejornais.com.br\/#organization","name":"eJornais","description":"Cat\u00e1logo de Jornais no mundo, Not\u00edcias, Blog e Esportes ao vivo","url":"https:\/\/ejornais.com.br\/"},{"@type":"Person","@id":"https:\/\/ejornais.com.br\/index.php\/author\/admin1\/#author","url":"https:\/\/ejornais.com.br\/index.php\/author\/admin1\/","name":"admin1","image":{"@type":"ImageObject","@id":"https:\/\/ejornais.com.br\/index.php\/2025\/12\/23\/agetec-consolida-avancos-tecnologicos-e-projeta-inovacao-e-maior-digitalizacao-dos-servicos-publicos-em-2026-cgnoticias\/#authorImage","url":"https:\/\/secure.gravatar.com\/avatar\/04084e6d73c042b8646e7c17b494073bf0ede3ea13c7105cfc45cbbbc28385a4?s=96&d=mm&r=g","width":96,"height":96,"caption":"admin1"}},{"@type":"WebPage","@id":"https:\/\/ejornais.com.br\/index.php\/2025\/12\/23\/agetec-consolida-avancos-tecnologicos-e-projeta-inovacao-e-maior-digitalizacao-dos-servicos-publicos-em-2026-cgnoticias\/#webpage","url":"https:\/\/ejornais.com.br\/index.php\/2025\/12\/23\/agetec-consolida-avancos-tecnologicos-e-projeta-inovacao-e-maior-digitalizacao-dos-servicos-publicos-em-2026-cgnoticias\/","name":"Agetec consolida avan\u00e7os tecnol\u00f3gicos e projeta inova\u00e7\u00e3o e maior digitaliza\u00e7\u00e3o dos servi\u00e7os p\u00fablicos em 2026 \u2013 CGNot\u00edcias - eJornais","description":"A Ag\u00eancia Municipal de Tecnologia da Informa\u00e7\u00e3o e Inova\u00e7\u00e3o (Agetec) encerra 2025 com um conjunto expressivo de entregas que modernizaram a gest\u00e3o p\u00fablica e fortaleceram a oferta de servi\u00e7os digitais em Campo Grande. Respons\u00e1vel por planejar, organizar e manter a infraestrutura tecnol\u00f3gica do munic\u00edpio, a Agetec atuou para garantir mais seguran\u00e7a, efici\u00eancia e qualidade nos","inLanguage":"pt-BR","isPartOf":{"@id":"https:\/\/ejornais.com.br\/#website"},"breadcrumb":{"@id":"https:\/\/ejornais.com.br\/index.php\/2025\/12\/23\/agetec-consolida-avancos-tecnologicos-e-projeta-inovacao-e-maior-digitalizacao-dos-servicos-publicos-em-2026-cgnoticias\/#breadcrumblist"},"author":{"@id":"https:\/\/ejornais.com.br\/index.php\/author\/admin1\/#author"},"creator":{"@id":"https:\/\/ejornais.com.br\/index.php\/author\/admin1\/#author"},"datePublished":"2025-12-23T09:48:06-03:00","dateModified":"2025-12-23T09:48:06-03:00"},{"@type":"WebSite","@id":"https:\/\/ejornais.com.br\/#website","url":"https:\/\/ejornais.com.br\/","name":"eJornais","description":"Cat\u00e1logo de Jornais no mundo, Not\u00edcias, Blog e Esportes ao vivo","inLanguage":"pt-BR","publisher":{"@id":"https:\/\/ejornais.com.br\/#organization"}}]},"og:locale":"pt_BR","og:site_name":"eJornais - Cat\u00e1logo de Jornais no mundo, Not\u00edcias, Blog e Esportes ao vivo","og:type":"article","og:title":"Agetec consolida avan\u00e7os tecnol\u00f3gicos e projeta inova\u00e7\u00e3o e maior digitaliza\u00e7\u00e3o dos servi\u00e7os p\u00fablicos em 2026 \u2013 CGNot\u00edcias - eJornais","og:description":"A Ag\u00eancia Municipal de Tecnologia da Informa\u00e7\u00e3o e Inova\u00e7\u00e3o (Agetec) encerra 2025 com um conjunto expressivo de entregas que modernizaram a gest\u00e3o p\u00fablica e fortaleceram a oferta de servi\u00e7os digitais em Campo Grande. Respons\u00e1vel por planejar, organizar e manter a infraestrutura tecnol\u00f3gica do munic\u00edpio, a Agetec atuou para garantir mais seguran\u00e7a, efici\u00eancia e qualidade nos","og:url":"https:\/\/ejornais.com.br\/index.php\/2025\/12\/23\/agetec-consolida-avancos-tecnologicos-e-projeta-inovacao-e-maior-digitalizacao-dos-servicos-publicos-em-2026-cgnoticias\/","article:published_time":"2025-12-23T12:48:06+00:00","article:modified_time":"2025-12-23T12:48:06+00:00","twitter:card":"summary_large_image","twitter:title":"Agetec consolida avan\u00e7os tecnol\u00f3gicos e projeta inova\u00e7\u00e3o e maior digitaliza\u00e7\u00e3o dos servi\u00e7os p\u00fablicos em 2026 \u2013 CGNot\u00edcias - eJornais","twitter:description":"A Ag\u00eancia Municipal de Tecnologia da Informa\u00e7\u00e3o e Inova\u00e7\u00e3o (Agetec) encerra 2025 com um conjunto expressivo de entregas que modernizaram a gest\u00e3o p\u00fablica e fortaleceram a oferta de servi\u00e7os digitais em Campo Grande. Respons\u00e1vel por planejar, organizar e manter a infraestrutura tecnol\u00f3gica do munic\u00edpio, a Agetec atuou para garantir mais seguran\u00e7a, efici\u00eancia e qualidade nos"},"aioseo_meta_data":{"post_id":"57999","title":null,"description":null,"keywords":null,"keyphrases":null,"primary_term":null,"canonical_url":null,"og_title":null,"og_description":null,"og_object_type":"default","og_image_type":"default","og_image_url":null,"og_image_width":null,"og_image_height":null,"og_image_custom_url":null,"og_image_custom_fields":null,"og_video":null,"og_custom_url":null,"og_article_section":null,"og_article_tags":null,"twitter_use_og":false,"twitter_card":"default","twitter_image_type":"default","twitter_image_url":null,"twitter_image_custom_url":null,"twitter_image_custom_fields":null,"twitter_title":null,"twitter_description":null,"schema":{"blockGraphs":[],"customGraphs":[],"default":{"data":{"Article":[],"Course":[],"Dataset":[],"FAQPage":[],"Movie":[],"Person":[],"Product":[],"ProductReview":[],"Car":[],"Recipe":[],"Service":[],"SoftwareApplication":[],"WebPage":[]},"graphName":"","isEnabled":true},"graphs":[]},"schema_type":"default","schema_type_options":null,"pillar_content":false,"robots_default":true,"robots_noindex":false,"robots_noarchive":false,"robots_nosnippet":false,"robots_nofollow":false,"robots_noimageindex":false,"robots_noodp":false,"robots_notranslate":false,"robots_max_snippet":null,"robots_max_videopreview":null,"robots_max_imagepreview":"large","priority":null,"frequency":null,"local_seo":null,"breadcrumb_settings":null,"limit_modified_date":false,"ai":null,"created":"2025-12-23 13:00:37","updated":"2025-12-23 13:00:37","seo_analyzer_scan_date":null,"focus_keyword":null,"additional_keywords":null,"truseo_locale":null},"aioseo_breadcrumb":"<div class=\"aioseo-breadcrumbs\"><span class=\"aioseo-breadcrumb\">\n\t\t\t<a href=\"https:\/\/ejornais.com.br\" title=\"In\u00edcio\">In\u00edcio<\/a>\n\t\t<\/span><span class=\"aioseo-breadcrumb-separator\">&raquo;<\/span><span class=\"aioseo-breadcrumb\">\n\t\t\t<a href=\"https:\/\/ejornais.com.br\/index.php\/category\/ejornais\/\" title=\"Cat\u00e1logo de Jornais\">Cat\u00e1logo de Jornais<\/a>\n\t\t<\/span><span class=\"aioseo-breadcrumb-separator\">&raquo;<\/span><span class=\"aioseo-breadcrumb\">\n\t\t\tAgetec consolida avan\u00e7os tecnol\u00f3gicos e projeta inova\u00e7\u00e3o e maior digitaliza\u00e7\u00e3o dos servi\u00e7os p\u00fablicos em 2026 \u2013 CGNot\u00edcias\n\t\t<\/span><\/div>","aioseo_breadcrumb_json":[{"label":"In\u00edcio","link":"https:\/\/ejornais.com.br"},{"label":"Cat\u00e1logo de Jornais","link":"https:\/\/ejornais.com.br\/index.php\/category\/ejornais\/"},{"label":"Agetec consolida avan\u00e7os tecnol\u00f3gicos e projeta inova\u00e7\u00e3o e maior digitaliza\u00e7\u00e3o dos servi\u00e7os p\u00fablicos em 2026 \u2013 CGNot\u00edcias","link":"https:\/\/ejornais.com.br\/index.php\/2025\/12\/23\/agetec-consolida-avancos-tecnologicos-e-projeta-inovacao-e-maior-digitalizacao-dos-servicos-publicos-em-2026-cgnoticias\/"}],"amp_enabled":true,"_links":{"self":[{"href":"https:\/\/ejornais.com.br\/index.php\/wp-json\/wp\/v2\/posts\/57999","targetHints":{"allow":["GET"]}}],"collection":[{"href":"https:\/\/ejornais.com.br\/index.php\/wp-json\/wp\/v2\/posts"}],"about":[{"href":"https:\/\/ejornais.com.br\/index.php\/wp-json\/wp\/v2\/types\/post"}],"author":[{"embeddable":true,"href":"https:\/\/ejornais.com.br\/index.php\/wp-json\/wp\/v2\/users\/2"}],"replies":[{"embeddable":true,"href":"https:\/\/ejornais.com.br\/index.php\/wp-json\/wp\/v2\/comments?post=57999"}],"version-history":[{"count":0,"href":"https:\/\/ejornais.com.br\/index.php\/wp-json\/wp\/v2\/posts\/57999\/revisions"}],"wp:attachment":[{"href":"https:\/\/ejornais.com.br\/index.php\/wp-json\/wp\/v2\/media?parent=57999"}],"wp:term":[{"taxonomy":"category","embeddable":true,"href":"https:\/\/ejornais.com.br\/index.php\/wp-json\/wp\/v2\/categories?post=57999"},{"taxonomy":"post_tag","embeddable":true,"href":"https:\/\/ejornais.com.br\/index.php\/wp-json\/wp\/v2\/tags?post=57999"}],"curies":[{"name":"wp","href":"https:\/\/api.w.org\/{rel}","templated":true}]}}