{"id":58048,"date":"2025-12-24T02:43:13","date_gmt":"2025-12-24T05:43:13","guid":{"rendered":"https:\/\/ejornais.com.br\/index.php\/2025\/12\/24\/consumidor-pagara-menos-na-conta-de-luz-em-janeiro\/"},"modified":"2025-12-24T02:43:13","modified_gmt":"2025-12-24T05:43:13","slug":"consumidor-pagara-menos-na-conta-de-luz-em-janeiro","status":"publish","type":"post","link":"https:\/\/ejornais.com.br\/index.php\/2025\/12\/24\/consumidor-pagara-menos-na-conta-de-luz-em-janeiro\/","title":{"rendered":"Consumidor pagar\u00e1 menos na conta de luz em janeiro"},"content":{"rendered":"<p> Por MRNews<br \/>\n<\/p>\n<div wp_automatic_readability=\"60.375\">\n<p>A Ag\u00eancia Nacional de Energia El\u00e9trica (Aneel) anunciou nesta ter\u00e7a-feira (23) que o ano de 2026 come\u00e7ar\u00e1 sem custo extra na conta de energia para a popula\u00e7\u00e3o. Em janeiro, ser\u00e1 aplicada a bandeira tarif\u00e1ria verde.<\/p>\n<p>A ag\u00eancia reguladora destacou que apesar de o per\u00edodo chuvoso ter iniciado com chuvas abaixo da m\u00e9dia hist\u00f3rica, em novembro e dezembro houve no pa\u00eds, de um modo geral, a manuten\u00e7\u00e3o do volume de chuvas e do n\u00edvel dos reservat\u00f3rios das usinas.<\/p>\n<p><strong>\u201cEm janeiro de 2026 n\u00e3o ser\u00e1 necess\u00e1rio despachar as usinas termel\u00e9tricas na mesma quantidade do m\u00eas anterior, o que evita a cobran\u00e7a de custos adicionais na conta de energia do consumidor\u201d, explicou a Aneel.<\/strong><\/p>\n<p><strong><a href=\"https:\/\/mrnews.com.br\/index.php\/2025\/12\/24\/jovens-de-15-a-19-anos-podem-se-vacinar-contra-hpv-ate-junho-de-2026\/\">Jovens de 15 a 19 anos podem se vacinar contra HPV at\u00e9 junho de 2026<\/a><\/strong><\/p>\n<p><strong><a href=\"https:\/\/mrnews.com.br\/index.php\/2025\/12\/23\/conab-compra-25-mil-toneladas-de-leite-em-po-da-agricultura-familiar\/\">Conab compra 2,5 mil toneladas de leite em p\u00f3 da agricultura familiar<\/a><\/strong><\/p>\n<p>Neste m\u00eas de dezembro j\u00e1 houve a redu\u00e7\u00e3o na bandeira tarif\u00e1ria vermelha no patamar 1 para amarela.A medida reduziu em R$ 4,46 a cada 100 quilowatts-hora (KW\/h) consumidos e passou a R$ 1,885.<\/p>\n<p><strong>De acordo com o Minist\u00e9rio de Minas e Energia, a ado\u00e7\u00e3o da bandeira verde reflete um cen\u00e1rio de seguran\u00e7a energ\u00e9tica, no qual n\u00e3o h\u00e1 necessidade de acionamento intensivo de usinas termel\u00e9tricas.<\/strong> Essas unidades, al\u00e9m de apresentarem custo de gera\u00e7\u00e3o mais elevado, utilizam combust\u00edveis f\u00f3sseis e contribuem para a emiss\u00e3o de gases de efeito estufa.<\/p>\n<p>\u201cApesar da crescente participa\u00e7\u00e3o de fontes renov\u00e1veis como solar e e\u00f3lica na matriz energ\u00e9tica brasileira, a gera\u00e7\u00e3o hidrel\u00e9trica segue como base do sistema el\u00e9trico nacional. A capacidade de produ\u00e7\u00e3o das usinas depende diretamente do volume de chuvas que incide sobre as principais bacias hidrogr\u00e1ficas, fator que tem se mostrado\u201d, lembra a pasta.<\/p>\n<h2>Custos extras<\/h2>\n<p>Criado em 2015 pela Aneel, o sistema de bandeiras tarif\u00e1rias reflete os custos vari\u00e1veis da gera\u00e7\u00e3o de energia el\u00e9trica. <strong>Divididas em cores, as bandeiras indicam quanto est\u00e1 custando para o Sistema Interligado Nacional (SIN) gerar a energia usada nas resid\u00eancias, em estabelecimentos comerciais e nas ind\u00fastrias.<\/strong><\/p>\n<p><strong><a href=\"https:\/\/mrnews.com.br\/index.php\/2025\/12\/23\/congonhas-recebe-aval-do-governo-para-ter-voos-internacionais-diz-aena\/\">Congonhas recebe aval do governo para ter voos internacionais, diz Aena<\/a><\/strong><\/p>\n<p><strong><a href=\"https:\/\/mrnews.com.br\/index.php\/2025\/12\/23\/lyon-anuncia-contratacao-por-emprestimo-do-atacante-endrick\/\">Lyon anuncia contrata\u00e7\u00e3o por empr\u00e9stimo do atacante Endrick<\/a><\/strong><\/p>\n<p>Quando a conta de luz \u00e9 calculada pela bandeira verde, n\u00e3o h\u00e1 nenhum acr\u00e9scimo. Quando s\u00e3o aplicadas as bandeiras vermelha ou amarela, a conta sofre acr\u00e9scimo a cada 100 quilowatts-hora (kWh) consumido.<\/p>\n<\/div>\n","protected":false},"excerpt":{"rendered":"<p>Por MRNews A Ag\u00eancia Nacional de Energia El\u00e9trica (Aneel) anunciou nesta ter\u00e7a-feira (23) que o ano de 2026 come\u00e7ar\u00e1 sem<\/p>\n","protected":false},"author":2,"featured_media":0,"comment_status":"","ping_status":"","sticky":false,"template":"","format":"standard","meta":{"colormag_page_container_layout":"default_layout","colormag_page_sidebar_layout":"default_layout","footnotes":""},"categories":[1],"tags":[],"class_list":["post-58048","post","type-post","status-publish","format-standard","hentry","category-ejornais"],"aioseo_notices":[],"amp_enabled":true,"_links":{"self":[{"href":"https:\/\/ejornais.com.br\/index.php\/wp-json\/wp\/v2\/posts\/58048","targetHints":{"allow":["GET"]}}],"collection":[{"href":"https:\/\/ejornais.com.br\/index.php\/wp-json\/wp\/v2\/posts"}],"about":[{"href":"https:\/\/ejornais.com.br\/index.php\/wp-json\/wp\/v2\/types\/post"}],"author":[{"embeddable":true,"href":"https:\/\/ejornais.com.br\/index.php\/wp-json\/wp\/v2\/users\/2"}],"replies":[{"embeddable":true,"href":"https:\/\/ejornais.com.br\/index.php\/wp-json\/wp\/v2\/comments?post=58048"}],"version-history":[{"count":0,"href":"https:\/\/ejornais.com.br\/index.php\/wp-json\/wp\/v2\/posts\/58048\/revisions"}],"wp:attachment":[{"href":"https:\/\/ejornais.com.br\/index.php\/wp-json\/wp\/v2\/media?parent=58048"}],"wp:term":[{"taxonomy":"category","embeddable":true,"href":"https:\/\/ejornais.com.br\/index.php\/wp-json\/wp\/v2\/categories?post=58048"},{"taxonomy":"post_tag","embeddable":true,"href":"https:\/\/ejornais.com.br\/index.php\/wp-json\/wp\/v2\/tags?post=58048"}],"curies":[{"name":"wp","href":"https:\/\/api.w.org\/{rel}","templated":true}]}}