{"id":58073,"date":"2025-12-24T12:09:54","date_gmt":"2025-12-24T15:09:54","guid":{"rendered":"https:\/\/ejornais.com.br\/index.php\/2025\/12\/24\/jair-bolsonaro-e-internado-para-ser-submetido-a-cirurgia-nesta-quinta\/"},"modified":"2025-12-24T12:09:54","modified_gmt":"2025-12-24T15:09:54","slug":"jair-bolsonaro-e-internado-para-ser-submetido-a-cirurgia-nesta-quinta","status":"publish","type":"post","link":"https:\/\/ejornais.com.br\/index.php\/2025\/12\/24\/jair-bolsonaro-e-internado-para-ser-submetido-a-cirurgia-nesta-quinta\/","title":{"rendered":"Jair Bolsonaro \u00e9 internado para ser submetido a cirurgia nesta quinta"},"content":{"rendered":"<p> Por MRNews<br \/>\n<\/p>\n<div wp_automatic_readability=\"38.192742415229\">\n<p>O ex-presidente Jair Bolsonaro (PL) foi internado, na manh\u00e3 desta quarta-feira (24), no Hospital DF Star, em Bras\u00edlia, onde passar\u00e1 por uma cirurgia para tratar uma h\u00e9rnia inguinal. O procedimento ocorrer\u00e1 na quinta-feira (25), ap\u00f3s indica\u00e7\u00e3o de m\u00e9dicos particulares e peritos da Pol\u00edcia Federal (PF).<\/p>\n<p>Bolsonaro que cumpre pena de 27 anos e tr\u00eas meses de pris\u00e3o ap\u00f3s condena\u00e7\u00e3o pela trama golpista e\u00a0foi autorizado a se submeter ao procedimento pelo ministro Alexandre de Moraes, do Supremo Tribunal Federal (STF).<\/p>\n<p>Conduzido pela Pol\u00edcia Federal no trajeto entre a sala da Superintend\u00eancia da Pol\u00edcia Federal, na capital federal, e o hospital, o ex-presidente foi internado por volta das 9h30 da manh\u00e3, acompanhado da ex-primeira dama, Michelle Bolsonaro.<\/p>\n<p><strong><a href=\"https:\/\/mrnews.com.br\/index.php\/2025\/12\/24\/consumo-de-alcool-nas-festas-de-fim-de-ano-aumenta-riscos-a-saude\/\">Consumo de \u00e1lcool nas festas de fim de ano aumenta riscos \u00e0 sa\u00fade<\/a><\/strong><\/p>\n<p><strong><a href=\"https:\/\/mrnews.com.br\/index.php\/2025\/12\/24\/em-praca-publica-ou-em-casa-fieis-mantem-tradicao-de-presepios\/\">Em pra\u00e7a p\u00fablica ou em casa, fi\u00e9is mant\u00eam tradi\u00e7\u00e3o de pres\u00e9pios<\/a><\/strong><\/p>\n<p>Durante o dia, Bolsonaro dever\u00e1 realizar os exames pr\u00e9-operat\u00f3rios, conforme manifesta\u00e7\u00e3o apresentada pelos advogados de defesa.<\/p>\n<p>Ao longo da interna\u00e7\u00e3o, a vigil\u00e2ncia ser\u00e1 de 24 horas por dia, com manuten\u00e7\u00e3o de dois agentes na porta do quarto, al\u00e9m de outras equipes dentro e fora do hospital, conforme determina\u00e7\u00e3o do ministro do STF.<\/p>\n<p>\u00a0<\/p>\n<div class=\"dnd-widget-wrapper context-cheio_8colunas type-image\" wp_automatic_readability=\"4.6824324324324\">\n<h6 class=\"meta\">Comboio sa\u00eddo da pol\u00edcia federal com o ex-presidente Jair Bolsonaro com destino ao Hospital DF Star, onde ser\u00e1 realizado uma cirurgia de h\u00e9rnia inguinal e tratar de um solu\u00e7o persistente. Foto: Marcelo Camargo\/Ag\u00eancia Brasil<!--END copyright=448976--><\/h6>\n<\/div>\n<\/div>\n","protected":false},"excerpt":{"rendered":"<p>Por MRNews O ex-presidente Jair Bolsonaro (PL) foi internado, na manh\u00e3 desta quarta-feira (24), no Hospital DF Star, em Bras\u00edlia,<\/p>\n","protected":false},"author":2,"featured_media":0,"comment_status":"","ping_status":"","sticky":false,"template":"","format":"standard","meta":{"colormag_page_container_layout":"default_layout","colormag_page_sidebar_layout":"default_layout","footnotes":""},"categories":[1],"tags":[],"class_list":["post-58073","post","type-post","status-publish","format-standard","hentry","category-ejornais"],"aioseo_notices":[],"amp_enabled":true,"_links":{"self":[{"href":"https:\/\/ejornais.com.br\/index.php\/wp-json\/wp\/v2\/posts\/58073","targetHints":{"allow":["GET"]}}],"collection":[{"href":"https:\/\/ejornais.com.br\/index.php\/wp-json\/wp\/v2\/posts"}],"about":[{"href":"https:\/\/ejornais.com.br\/index.php\/wp-json\/wp\/v2\/types\/post"}],"author":[{"embeddable":true,"href":"https:\/\/ejornais.com.br\/index.php\/wp-json\/wp\/v2\/users\/2"}],"replies":[{"embeddable":true,"href":"https:\/\/ejornais.com.br\/index.php\/wp-json\/wp\/v2\/comments?post=58073"}],"version-history":[{"count":0,"href":"https:\/\/ejornais.com.br\/index.php\/wp-json\/wp\/v2\/posts\/58073\/revisions"}],"wp:attachment":[{"href":"https:\/\/ejornais.com.br\/index.php\/wp-json\/wp\/v2\/media?parent=58073"}],"wp:term":[{"taxonomy":"category","embeddable":true,"href":"https:\/\/ejornais.com.br\/index.php\/wp-json\/wp\/v2\/categories?post=58073"},{"taxonomy":"post_tag","embeddable":true,"href":"https:\/\/ejornais.com.br\/index.php\/wp-json\/wp\/v2\/tags?post=58073"}],"curies":[{"name":"wp","href":"https:\/\/api.w.org\/{rel}","templated":true}]}}