{"id":58074,"date":"2025-12-24T12:33:06","date_gmt":"2025-12-24T15:33:06","guid":{"rendered":"https:\/\/ejornais.com.br\/index.php\/2025\/12\/24\/hospital-municipal-souza-aguiar-inaugura-novo-setor-de-pediatria-prefeitura-da-cidade-do-rio-de-janeiro\/"},"modified":"2025-12-24T12:33:06","modified_gmt":"2025-12-24T15:33:06","slug":"hospital-municipal-souza-aguiar-inaugura-novo-setor-de-pediatria-prefeitura-da-cidade-do-rio-de-janeiro","status":"publish","type":"post","link":"https:\/\/ejornais.com.br\/index.php\/2025\/12\/24\/hospital-municipal-souza-aguiar-inaugura-novo-setor-de-pediatria-prefeitura-da-cidade-do-rio-de-janeiro\/","title":{"rendered":"Hospital Municipal Souza Aguiar inaugura novo setor de pediatria &#8211; Prefeitura da Cidade do Rio de Janeiro"},"content":{"rendered":"<p><\/p>\n<div wp_automatic_readability=\"99.595576335192\">\n<div class=\"image-post\" wp_automatic_readability=\"33\">\n                     O novo setor de pediatria do Hospital Souza Aguiar conta com 59 leitos &#8211; Marcos de Paula\/Prefeitura do Rio                  <\/div>\n<p>A Prefeitura do Rio inaugurou, nesta quarta-feira (24\/12), o novo setor de pediatria do Hospital Municipal Souza Aguiar, no Centro. A entrega \u00e9 fruto do trabalho conjunto entre a Secretaria Municipal de Sa\u00fade (SMS) e a primeira Parceria P\u00fablico-Privada da Sa\u00fade no munic\u00edpio, que inclui toda a reforma estrutural e do parque tecnol\u00f3gico da unidade. O novo espa\u00e7o conta com 59 leitos.<\/p>\n<blockquote wp_automatic_readability=\"17\">\n<p>\u2013 Nada mais simb\u00f3lico do que poder entregar hoje algo que est\u00e1vamos trabalhando h\u00e1 muito tempo. Estamos aumentando em 40% a capacidade de atendimento no setor de pediatria. Infelizmente alguns pequenos precisam ficar aqui na noite de Natal, mas o bom \u00e9 saber que eles estar\u00e3o bem cuidados, com todo o carinho e aten\u00e7\u00e3o, ao lado do pai, da m\u00e3e ou de algum respons\u00e1vel, com tratamento m\u00e9dico de qualidade \u2013 afirmou o prefeito do Rio, Eduardo Paes, que distribuiu presentes para alguns pacientes internados, ao lado do vice-prefeito Eduardo Cavaliere, e desejou feliz Natal aos cariocas e brasileiros.<\/p>\n<\/blockquote>\n<p>A inaugura\u00e7\u00e3o marcou um novo tempo para a pediatria do hospital. O espa\u00e7o passou por uma reforma estrutural completa, adequando tamb\u00e9m o local \u00e0s normas de acessibilidade. Al\u00e9m de novos aparelhos de ar condicionado, leitos, mobili\u00e1rios, equipamentos e c\u00e2meras de vigil\u00e2ncia. Tudo novo e moderno para comodidade de pacientes e funcion\u00e1rios.<\/p>\n<p>A pediatria funciona no s\u00e9timo andar do hospital e conta com integra\u00e7\u00e3o total entre os servi\u00e7os, que \u00e9 destinado a pacientes de 0 a 17 anos. Na nova configura\u00e7\u00e3o, o espa\u00e7o conta com unidade de tratamento intensivo (UTI), com 10 boxes, sendo um deles de isolamento; nove enfermarias, com 36 leitos e dois isolamentos; e uma Sala Amarela, com 10 leitos e um isolamento. O setor reabre tamb\u00e9m com um novo Espa\u00e7o Infanto Juvenil, cinco postos de enfermagem, *sala de estar* para profissionais e acompanhantes, plant\u00e3o m\u00e9dico e de enfermagem, sala de procedimentos, sala de reuni\u00e3o e banheiros.<\/p>\n<blockquote wp_automatic_readability=\"15\">\n<p>\u2013 Essa \u00e9 a pediatria de emerg\u00eancia mais importante da cidade. \u00c9 a que tem o maior volume de atendimento na rede e agora est\u00e1 totalmente renovada. Temos um novo CTI pedi\u00e1trico, com leitos individuais, todas as enfermarias foram reconstitu\u00eddas. O servi\u00e7o de cirurgia pedi\u00e1trica, que \u00e9 muito importante, est\u00e1 funcionando plenamente. Com essa inaugura\u00e7\u00e3o, avan\u00e7amos na emerg\u00eancia pedi\u00e1trica na cidade, com uma estrutura entre as melhores do mundo \u2013 disse o secret\u00e1rio de Sa\u00fade, Daniel Soranz.<\/p>\n<\/blockquote>\n<p>A inaugura\u00e7\u00e3o da pediatria ocorreu durante uma a\u00e7\u00e3o de Natal para as crian\u00e7as internadas no Hospital Souza Aguiar, com distribui\u00e7\u00e3o de presentes. Todos os anos a SMS promove atividades natalinas nos hospitais da rede, como visita do Papai Noel, apresenta\u00e7\u00e3o de corais e bandas musicais. As a\u00e7\u00f5es s\u00e3o importantes para levar alento e carinho aos pacientes que est\u00e3o longe das fam\u00edlias em datas como essas de confraterniza\u00e7\u00e3o, e que tendem a ficar mais sens\u00edveis emocionalmente. Tamb\u00e9m ajudam a reduzir o estresse da doen\u00e7a e da interna\u00e7\u00e3o, levar alegria e solidariedade, especialmente para as crian\u00e7as e os idosos hospitalizados.<\/p>\n<figure id=\"attachment_119375\" aria-describedby=\"caption-attachment-119375\" style=\"width: 1280px\" class=\"wp-caption aligncenter\"><figcaption id=\"caption-attachment-119375\" class=\"wp-caption-text\">A pediatria funciona no s\u00e9timo andar do hospital e conta com integra\u00e7\u00e3o total entre os servi\u00e7os \u2013 Marcos de Paula\/Prefeitura do Rio<\/figcaption><\/figure>\n<p>\u00a0<\/p>\n<p>Trabalhadora aut\u00f4noma e moradora do Rio Comprido, Thamires Muller Mota, de 23 anos, trouxe a filha L\u00edvia Guimar\u00e3es Muller, de 4 anos, para a pediatria no dia 17 de dezembro. Ela foi diagnosticada com p\u00farpura, uma condi\u00e7\u00e3o autoimune onde o corpo destr\u00f3i suas pr\u00f3prias plaquetas, causando manchas roxas na pele e mucosas, al\u00e9m de risco de sangramentos, por exemplo, no nariz.<\/p>\n<blockquote wp_automatic_readability=\"11\">\n<p>\u2013 O atendimento est\u00e1 sendo maravilhoso, minha filha est\u00e1 melhorando, est\u00e1 tudo correndo muito bem. Esse \u00e9 um espa\u00e7o muito bom para que as crian\u00e7as possam se recuperar \u2013 declarou Thamires, com a filha L\u00edvia no colo, minutos antes dela receber um presente das m\u00e3os do prefeito do Rio.<\/p>\n<\/blockquote>\n<p><strong>O Hospital Municipal Souza Aguiar<\/strong><\/p>\n<p>O Hospital Municipal Souza Aguiar \u00e9 uma unidade de urg\u00eancia e emerg\u00eancia hist\u00f3rica, com 118 anos de trabalho dedicado \u00e0 popula\u00e7\u00e3o carioca. A unidade conta com 389 leitos e disp\u00f5e de v\u00e1rios servi\u00e7os especializados, entre eles: cirurgia geral, cirurgia vascular, cirurgia tor\u00e1cica, cirurgia pedi\u00e1trica, cirurgia pl\u00e1stica, neurocirurgia, nefrologia, oftalmologia, ortopedia, otorrinolaringologia, urologia, cl\u00ednica m\u00e9dica, pediatria, cirurgia bucomaxilofacial, terapia intensiva e medicina de emerg\u00eancia. Tamb\u00e9m \u00e9 um dos precursores nos programas de resid\u00eancias e est\u00e1gios da SMS. O hospital conta com 2.835 profissionais, distribu\u00eddos entre diversos setores multiprofissionais e realiza, em m\u00e9dia mensalmente, mais de 14 mil atendimentos de urg\u00eancia e emerg\u00eancia.<\/p>\n<p>             <!-- Compartilhe ---><\/p>\n<p>\t\t\t <!-- TAGS --><\/p>\n<section class=\"category-tags\">\n<div class=\"marcacao-category\">\n<article class=\"category-post\">\n<p>Categoria: <\/p>\n<\/article>\n<li>24 de dezembro de 2025<\/li><\/div>\n<article class=\"tags\">\n\t\t\t\t\tMarca\u00e7\u00f5es: Hospital Municipal Souza Aguiar inaugura\u00e7\u00e3o novo setor de pediatria Prefeitura do Rio<br \/><\/article>\n<\/section>\n<p>            <!-- Mais Not&iacute;cias --><\/p>\n<p>\t\t<!-- Conte&uacute;do SIDEBAR --><\/p><\/div>\n","protected":false},"excerpt":{"rendered":"<p>O novo setor de pediatria do Hospital Souza Aguiar conta com 59 leitos &#8211; Marcos de Paula\/Prefeitura do Rio A<\/p>\n","protected":false},"author":2,"featured_media":0,"comment_status":"","ping_status":"","sticky":false,"template":"","format":"standard","meta":{"colormag_page_container_layout":"default_layout","colormag_page_sidebar_layout":"default_layout","footnotes":""},"categories":[1],"tags":[],"class_list":["post-58074","post","type-post","status-publish","format-standard","hentry","category-ejornais"],"aioseo_notices":[],"amp_enabled":true,"_links":{"self":[{"href":"https:\/\/ejornais.com.br\/index.php\/wp-json\/wp\/v2\/posts\/58074","targetHints":{"allow":["GET"]}}],"collection":[{"href":"https:\/\/ejornais.com.br\/index.php\/wp-json\/wp\/v2\/posts"}],"about":[{"href":"https:\/\/ejornais.com.br\/index.php\/wp-json\/wp\/v2\/types\/post"}],"author":[{"embeddable":true,"href":"https:\/\/ejornais.com.br\/index.php\/wp-json\/wp\/v2\/users\/2"}],"replies":[{"embeddable":true,"href":"https:\/\/ejornais.com.br\/index.php\/wp-json\/wp\/v2\/comments?post=58074"}],"version-history":[{"count":0,"href":"https:\/\/ejornais.com.br\/index.php\/wp-json\/wp\/v2\/posts\/58074\/revisions"}],"wp:attachment":[{"href":"https:\/\/ejornais.com.br\/index.php\/wp-json\/wp\/v2\/media?parent=58074"}],"wp:term":[{"taxonomy":"category","embeddable":true,"href":"https:\/\/ejornais.com.br\/index.php\/wp-json\/wp\/v2\/categories?post=58074"},{"taxonomy":"post_tag","embeddable":true,"href":"https:\/\/ejornais.com.br\/index.php\/wp-json\/wp\/v2\/tags?post=58074"}],"curies":[{"name":"wp","href":"https:\/\/api.w.org\/{rel}","templated":true}]}}