{"id":58195,"date":"2025-12-27T07:45:59","date_gmt":"2025-12-27T10:45:59","guid":{"rendered":"https:\/\/ejornais.com.br\/index.php\/2025\/12\/27\/com-calor-governo-de-sao-paulo-emite-alerta-para-economia-de-agua\/"},"modified":"2025-12-27T07:45:59","modified_gmt":"2025-12-27T10:45:59","slug":"com-calor-governo-de-sao-paulo-emite-alerta-para-economia-de-agua","status":"publish","type":"post","link":"https:\/\/ejornais.com.br\/index.php\/2025\/12\/27\/com-calor-governo-de-sao-paulo-emite-alerta-para-economia-de-agua\/","title":{"rendered":"Com calor, governo de S\u00e3o Paulo emite alerta para economia de \u00e1gua"},"content":{"rendered":"<p> Por MRNews<br \/>\n<\/p>\n<div wp_automatic_readability=\"56.052005288673\">\n<p><strong>O governo do estado de S\u00e3o Paulo emitiu alerta para que a popula\u00e7\u00e3o economize \u00e1gua.\u00a0A medida foi tomada porque as altas temperaturas dos \u00faltimos dias\u00a0provocou o aumento de at\u00e9 60% do consumo de \u00e1gua no estado, o que tem pressionado o sistema de distribui\u00e7\u00e3o, causando a interrup\u00e7\u00e3o do fornecimento em alguns bairros.<\/strong><\/p>\n<p>O pedido \u00e9 de uso \u201cconsciente da \u00e1gua\u201d,\u00a0banhos mais r\u00e1pidos e evitar desperd\u00edcios e o uso para fins n\u00e3o essenciais, como encher piscinas ou lavar cal\u00e7adas e carros. \u201cO uso da \u00e1gua deve ser priorizado para alimenta\u00e7\u00e3o e higiene pessoal. A colabora\u00e7\u00e3o da popula\u00e7\u00e3o \u00e9 fundamental para garantir a regularidade do abastecimento\u201d, diz o alerta.<\/p>\n<p>Nas redes sociais da Sabesp h\u00e1 diversas reclama\u00e7\u00f5es sobre a escassez de \u00e1gua. O perfil da Sabesp no X, por exemplo, tem notifica\u00e7\u00f5es de usu\u00e1rios afirmando que n\u00e3o recebem \u00e1gua em suas resid\u00eancias. Segundo os relatos, h\u00e1 problemas em todas as zonas da capital paulista e at\u00e9 em outras regi\u00f5es do estado, como no Vale do Para\u00edba.<\/p>\n<p><strong><a href=\"https:\/\/mrnews.com.br\/index.php\/2025\/12\/27\/apos-cirurgia-plastica-no-rosto-rafaella-justus-exibe-o-resultado-ao-posar-ao-lado-de-ticiane-pinheiro\/\">Ap\u00f3s cirurgia pl\u00e1stica no rosto, Rafaella Justus exibe o resultado ao posar ao lado de Ticiane Pinheiro<\/a><\/strong><\/p>\n<p><strong><a href=\"https:\/\/mrnews.com.br\/index.php\/2025\/12\/27\/com-40c-rio-tem-450-atendimentos-de-saude-por-dia-por-causa-do-calor\/\">Com 40\u00b0C, Rio tem 450 atendimentos de sa\u00fade por dia por causa do calor<\/a><\/strong><\/p>\n<p>A Sabesp se manifestou atrav\u00e9s de nota. A empresa diz que vem registrando um expressivo aumento no consumo de \u00e1gua em dias de temperaturas elevadas, \u201co que provoca oscila\u00e7\u00f5es pontuais no fornecimento e exige ajustes operacionais constantes na distribui\u00e7\u00e3o para garantir o atendimento \u00e0 popula\u00e7\u00e3o\u201d.<\/p>\n<p><strong>Segundo a companhia, as \u00e1reas altas s\u00e3o as mais afetadas na regi\u00e3o metropolitana, j\u00e1 que a press\u00e3o da rede \u00e9 menor. As regi\u00f5es mais baixas, informa a Sabesp, \u201cseguem sendo abastecidas normalmente\u201d<\/strong>.<\/p>\n<p>Num dia de temperatura considerada \u201cnormal\u201d, como os da semana passada, a Sabesp produz cerca de 66 mil litros de \u00e1gua por segundo. Nestes \u00faltimos dias, diz a empresa, teve de produzir cerca de 72 mil litros por segundo.<\/p>\n<p>Al\u00e9m do calor, o estado de S\u00e3o Paulo passa tamb\u00e9m por uma crise h\u00eddrica em seus mananciais causada pela pouca chuva dos \u00faltimos meses.<\/p>\n<p><strong><a href=\"https:\/\/mrnews.com.br\/index.php\/2025\/12\/26\/agu-derruba-liminar-que-suspendeu-novas-regras-para-cnh\/\">AGU derruba liminar que suspendeu novas regras para CNH<\/a><\/strong><\/p>\n<p><strong><a href=\"https:\/\/mrnews.com.br\/index.php\/2025\/12\/26\/lula-lamenta-morte-de-mae-carmen-liderou-terreiro-com-muito-amor\/\">Lula lamenta morte de M\u00e3e Carmen; \u201cliderou terreiro com muito amor\u201d<\/a><\/strong><\/p>\n<\/div>\n","protected":false},"excerpt":{"rendered":"<p>Por MRNews O governo do estado de S\u00e3o Paulo emitiu alerta para que a popula\u00e7\u00e3o economize \u00e1gua.\u00a0A medida foi tomada<\/p>\n","protected":false},"author":2,"featured_media":0,"comment_status":"","ping_status":"","sticky":false,"template":"","format":"standard","meta":{"colormag_page_container_layout":"default_layout","colormag_page_sidebar_layout":"default_layout","footnotes":""},"categories":[1],"tags":[],"class_list":["post-58195","post","type-post","status-publish","format-standard","hentry","category-ejornais"],"aioseo_notices":[],"amp_enabled":true,"_links":{"self":[{"href":"https:\/\/ejornais.com.br\/index.php\/wp-json\/wp\/v2\/posts\/58195","targetHints":{"allow":["GET"]}}],"collection":[{"href":"https:\/\/ejornais.com.br\/index.php\/wp-json\/wp\/v2\/posts"}],"about":[{"href":"https:\/\/ejornais.com.br\/index.php\/wp-json\/wp\/v2\/types\/post"}],"author":[{"embeddable":true,"href":"https:\/\/ejornais.com.br\/index.php\/wp-json\/wp\/v2\/users\/2"}],"replies":[{"embeddable":true,"href":"https:\/\/ejornais.com.br\/index.php\/wp-json\/wp\/v2\/comments?post=58195"}],"version-history":[{"count":0,"href":"https:\/\/ejornais.com.br\/index.php\/wp-json\/wp\/v2\/posts\/58195\/revisions"}],"wp:attachment":[{"href":"https:\/\/ejornais.com.br\/index.php\/wp-json\/wp\/v2\/media?parent=58195"}],"wp:term":[{"taxonomy":"category","embeddable":true,"href":"https:\/\/ejornais.com.br\/index.php\/wp-json\/wp\/v2\/categories?post=58195"},{"taxonomy":"post_tag","embeddable":true,"href":"https:\/\/ejornais.com.br\/index.php\/wp-json\/wp\/v2\/tags?post=58195"}],"curies":[{"name":"wp","href":"https:\/\/api.w.org\/{rel}","templated":true}]}}