{"id":58205,"date":"2025-12-27T12:00:03","date_gmt":"2025-12-27T15:00:03","guid":{"rendered":"https:\/\/ejornais.com.br\/index.php\/2025\/12\/27\/cet-rio-vai-interditar-vias-do-centro-e-da-lapa-para-a-corrida-amigos-do-redentor-prefeitura-da-cidade-do-rio-de-janeiro\/"},"modified":"2025-12-27T12:00:03","modified_gmt":"2025-12-27T15:00:03","slug":"cet-rio-vai-interditar-vias-do-centro-e-da-lapa-para-a-corrida-amigos-do-redentor-prefeitura-da-cidade-do-rio-de-janeiro","status":"publish","type":"post","link":"https:\/\/ejornais.com.br\/index.php\/2025\/12\/27\/cet-rio-vai-interditar-vias-do-centro-e-da-lapa-para-a-corrida-amigos-do-redentor-prefeitura-da-cidade-do-rio-de-janeiro\/","title":{"rendered":"CET-Rio vai interditar vias do Centro e da Lapa para a Corrida Amigos do Redentor &#8211; Prefeitura da Cidade do Rio de Janeiro"},"content":{"rendered":"<p><\/p>\n<div id=\"main\">\n<div class=\"wrapper-breadcrumbs\" wp_automatic_readability=\"66.531171019377\">\n<div class=\"image-post\" wp_automatic_readability=\"33\">\n                     As interven\u00e7\u00f5es no tr\u00e2nsito come\u00e7am na Avenida Chile, na noite de s\u00e1bado                  <\/div>\n<p>A Companhia de Engenharia de Tr\u00e1fego (CET-Rio) preparou uma opera\u00e7\u00e3o especial de tr\u00e2nsito para a realiza\u00e7\u00e3o da corrida Amigos do Redentor, que acontecer\u00e1 neste domingo (28\/12), com interdi\u00e7\u00f5es em diversas vias do Centro e da Lapa. A opera\u00e7\u00e3o visa garantir a seguran\u00e7a dos corredores e a fluidez do tr\u00e1fego nas rotas alternativas.<\/p>\n<p>As interven\u00e7\u00f5es come\u00e7am na noite de s\u00e1bado (27\/12) na Avenida Rep\u00fablica do Chile para a montagem das estruturas e se estendem por toda a manh\u00e3 de domingo.\u00a0 Trechos da Avenida Almirante Barroso, Rua Senador Dantas, Avenida Rio Branco, al\u00e9m de vias do eixo Lapa-Lavradio e da Pra\u00e7a Floriano, entre outras adjacentes, far\u00e3o parte do circuito esportivo.<\/p>\n<p>Agentes contratados pela organiza\u00e7\u00e3o da corrida, al\u00e9m de equipes da CET-Rio e da Guarda Municipal, estar\u00e3o posicionados em pontos estrat\u00e9gicos para orientar os motoristas e efetuar os bloqueios de tr\u00e2nsito.<\/p>\n<p><b>Interdi\u00e7\u00f5es:<\/b><\/p>\n<p>S\u00e1bado (27\/12) \u2013 A partir das 23h (montagem de estruturas):<br \/>Avenida Rep\u00fablica do Chile: pista sentido Avenida Rio Branco, no trecho entre a Rua do Lavradio e a Rua Senador Dantas. (A interdi\u00e7\u00e3o segue at\u00e9 \u00e0s 10h de domingo).<\/p>\n<p>Domingo (28\/12) \u2013 Das 04h \u00e0s 10h (percurso da corrida): A circula\u00e7\u00e3o de ve\u00edculos ser\u00e1 interrompida nas seguintes vias da regi\u00e3o central:<\/p>\n<p>Avenida Rep\u00fablica do Chile: ambos os sentidos (entre Rua do Lavradio e Rua Senador Dantas);<\/p>\n<p>Avenida Almirante Barroso: ambos os sentidos (entre Rua M\u00e9xico e Rua Senador Dantas);<\/p>\n<p>Rua Senador Dantas: em toda sua extens\u00e3o;<\/p>\n<p>Avenida Rio Branco: pela ciclofaixa (entre Rua do Passeio e Av. Almirante Barroso);<\/p>\n<p>Eixo Lapa \/ Lavradio: ruas do Lavradio, do Senado, D\u00eddimo, Henrique Valadares, da Rela\u00e7\u00e3o, dos Arcos e do Rezende (nos trechos afetados pelo percurso);<\/p>\n<p>Regi\u00e3o da Cinel\u00e2ndia \/ Pra\u00e7a Floriano: avenida Treze de Maio, Rua \u00c1lvaro Alvim, Rua Alcindo Guanabara, Rua Evaristo da Veiga e vias adjacentes;<\/p>\n<p>Gomes Freire e Inv\u00e1lidos: entre a Rua Visconde do Rio Branco e a Rua do Rezende.<\/p>\n<p><b>Proibi\u00e7\u00e3o de estacionamento:<\/b><\/p>\n<p>Para viabilizar a passagem dos atletas e a opera\u00e7\u00e3o das equipes de apoio, o estacionamento estar\u00e1 proibido em todas as vias mencionadas no esquema de interdi\u00e7\u00e3o a partir das 23h de s\u00e1bado (27\/12) at\u00e9 \u00e0s 11h de domingo (28\/12).<\/p>\n<p>A CET-Rio recomenda que os motoristas evitem transitar pela regi\u00e3o central no hor\u00e1rio da corrida. Ve\u00edculos estacionados irregularmente estar\u00e3o sujeitos a reboque.<br \/><b><br \/>Recomenda\u00e7\u00f5es importantes:<\/b><\/p>\n<p>Dar prefer\u00eancia ao uso de trens e metr\u00f4 para acessar o Centro da cidade e respeitar a sinaliza\u00e7\u00e3o tempor\u00e1ria e as orienta\u00e7\u00f5es dos agentes de tr\u00e2nsito que estar\u00e3o no local.<\/p>\n<p>A libera\u00e7\u00e3o total das vias est\u00e1 prevista para ocorrer gradativamente ap\u00f3s a passagem do \u00faltimo corredor e a desmontagem das estruturas.<\/p>\n<p>             <!-- Compartilhe ---><\/p>\n<p>\t\t\t <!-- TAGS --><\/p>\n<section class=\"category-tags\">\n<div class=\"marcacao-category\">\n<article class=\"category-post\">\n<p>Categoria: <\/p>\n<\/article>\n<li>27 de dezembro de 2025<\/li><\/div>\n<article class=\"tags\">\n\t\t\t\t\tMarca\u00e7\u00f5es: Corrida Amigos do Redentor Corrida do Redentor interdi\u00e7\u00f5es de tr\u00e2nsito<br \/><\/article>\n<\/section>\n<p>            <!-- Mais Not&iacute;cias --><\/p>\n<p>\t\t<!-- Conte&uacute;do SIDEBAR --><\/p><\/div>\n<\/p><\/div>\n","protected":false},"excerpt":{"rendered":"<p>As interven\u00e7\u00f5es no tr\u00e2nsito come\u00e7am na Avenida Chile, na noite de s\u00e1bado A Companhia de Engenharia de Tr\u00e1fego (CET-Rio) preparou<\/p>\n","protected":false},"author":2,"featured_media":0,"comment_status":"","ping_status":"","sticky":false,"template":"","format":"standard","meta":{"colormag_page_container_layout":"default_layout","colormag_page_sidebar_layout":"default_layout","footnotes":""},"categories":[1],"tags":[],"class_list":["post-58205","post","type-post","status-publish","format-standard","hentry","category-ejornais"],"aioseo_notices":[],"amp_enabled":true,"_links":{"self":[{"href":"https:\/\/ejornais.com.br\/index.php\/wp-json\/wp\/v2\/posts\/58205","targetHints":{"allow":["GET"]}}],"collection":[{"href":"https:\/\/ejornais.com.br\/index.php\/wp-json\/wp\/v2\/posts"}],"about":[{"href":"https:\/\/ejornais.com.br\/index.php\/wp-json\/wp\/v2\/types\/post"}],"author":[{"embeddable":true,"href":"https:\/\/ejornais.com.br\/index.php\/wp-json\/wp\/v2\/users\/2"}],"replies":[{"embeddable":true,"href":"https:\/\/ejornais.com.br\/index.php\/wp-json\/wp\/v2\/comments?post=58205"}],"version-history":[{"count":0,"href":"https:\/\/ejornais.com.br\/index.php\/wp-json\/wp\/v2\/posts\/58205\/revisions"}],"wp:attachment":[{"href":"https:\/\/ejornais.com.br\/index.php\/wp-json\/wp\/v2\/media?parent=58205"}],"wp:term":[{"taxonomy":"category","embeddable":true,"href":"https:\/\/ejornais.com.br\/index.php\/wp-json\/wp\/v2\/categories?post=58205"},{"taxonomy":"post_tag","embeddable":true,"href":"https:\/\/ejornais.com.br\/index.php\/wp-json\/wp\/v2\/tags?post=58205"}],"curies":[{"name":"wp","href":"https:\/\/api.w.org\/{rel}","templated":true}]}}