{"id":58227,"date":"2025-12-28T02:39:00","date_gmt":"2025-12-28T05:39:00","guid":{"rendered":"https:\/\/ejornais.com.br\/index.php\/2025\/12\/28\/padre-omar-reitor-do-santuario-cristo-redentor-faz-show-na-lagoa\/"},"modified":"2025-12-28T02:39:00","modified_gmt":"2025-12-28T05:39:00","slug":"padre-omar-reitor-do-santuario-cristo-redentor-faz-show-na-lagoa","status":"publish","type":"post","link":"https:\/\/ejornais.com.br\/index.php\/2025\/12\/28\/padre-omar-reitor-do-santuario-cristo-redentor-faz-show-na-lagoa\/","title":{"rendered":"Padre Omar, reitor do Santu\u00e1rio Cristo Redentor, faz show na Lagoa"},"content":{"rendered":"<p> Por MRNews<br \/>\n<\/p>\n<div wp_automatic_readability=\"49.295612009238\">\n<p>O <strong>reitor do Santu\u00e1rio Cristo Redentor, Padre Omar, realizar\u00e1 um show na noite deste s\u00e1bado (27) em um dos cart\u00f5es postais do Rio de Janeiro, a Lagoa Rodrigo de Freitas<\/strong>, zona sul da capital fluminense.<\/p>\n<p>A <strong>apresenta\u00e7\u00e3o est\u00e1 marcada para as 19h<\/strong>. Padre Omar cantar\u00e1 cl\u00e1ssicos da m\u00fasica brasileira e can\u00e7\u00f5es do \u00e1lbum\u00a0<em>Samba de F\u00e9<\/em>.<\/p>\n<p>O show faz parte de uma s\u00e9rie de eventos que acontecem neste fim de semana na Lagoa, que tem entre suas principais atra\u00e7\u00f5es a \u00c1rvore do Rio, estrutural com 60 metros de altura que voltou a iluminar o cart\u00e3o postal carioca depois de cinco anos.\u00a0<\/p>\n<p><strong><a href=\"https:\/\/mrnews.com.br\/index.php\/2025\/12\/27\/pf-considera-que-presidente-do-instituto-voto-legal-esta-foragido\/\">PF considera que presidente do Instituto Voto Legal\u00a0est\u00e1 foragido<\/a><\/strong><\/p>\n<p><strong><a href=\"https:\/\/mrnews.com.br\/index.php\/2025\/12\/27\/deputado-vai-a-justica-para-derrubar-gratificacao-faroeste-no-rio\/\">Deputado vai \u00e0 Justi\u00e7a para derrubar \u201cgratifica\u00e7\u00e3o faroeste\u201d no Rio<\/a><\/strong><\/p>\n<p>Uma a\u00e7\u00e3o solid\u00e1ria montou dois<strong> pontos de coleta de doa\u00e7\u00e3o de alimentos n\u00e3o perec\u00edveis, \u00e1gua, enxoval para crian\u00e7as rec\u00e9m-nascidas e brinquedos<\/strong>.<\/p>\n<p>A arrecada\u00e7\u00e3o ser\u00e1 direcionada ao programa Amigos do Redentor, que realiza doa\u00e7\u00f5es para projetos sociais apoiados pelo Cons\u00f3rcio Cristo Sustent\u00e1vel, formado pelo Santu\u00e1rio Arquidiocesano Cristo Redentor, a Obra Social Leste Um \u2013 O Sol e o Instituto Redemptor, que atende a popula\u00e7\u00e3o em situa\u00e7\u00e3o de vulnerabilidade.<\/p>\n<p>Um dos pontos de coleta de doa\u00e7\u00f5es fica no espa\u00e7o Lagoon (Avenida Borges de Medeiros, 1424, Lagoa), onde acontece o show. O outro \u00e9 na Par\u00f3quia S\u00e3o Jos\u00e9 da Lagoa (Avenida Borges de Medeiros, 2735, Lagoa).<\/p>\n<p>No domingo (28), tamb\u00e9m haver\u00e1 atra\u00e7\u00f5es a partir das 17h, como Orquestra Harm\u00f4nicos, Choro Batucada, Yasmin Lisboa e JP Silva.<\/p>\n<p><strong><a href=\"https:\/\/mrnews.com.br\/index.php\/2025\/12\/27\/trama-golpista-prisoes-sao-mantidas-apos-audiencia-de-custodia\/\">Trama golpista: pris\u00f5es s\u00e3o mantidas ap\u00f3s audi\u00eancia de cust\u00f3dia<\/a><\/strong><\/p>\n<p><strong><a href=\"https:\/\/mrnews.com.br\/index.php\/2025\/12\/27\/chuva-forte-deixa-cidade-de-sao-paulo-em-estado-de-atencao\/\">Chuva forte deixa cidade de S\u00e3o Paulo em estado de aten\u00e7\u00e3o<\/a><\/strong><\/p>\n<\/div>\n","protected":false},"excerpt":{"rendered":"<p>Por MRNews O reitor do Santu\u00e1rio Cristo Redentor, Padre Omar, realizar\u00e1 um show na noite deste s\u00e1bado (27) em um<\/p>\n","protected":false},"author":2,"featured_media":0,"comment_status":"","ping_status":"","sticky":false,"template":"","format":"standard","meta":{"colormag_page_container_layout":"default_layout","colormag_page_sidebar_layout":"default_layout","footnotes":""},"categories":[1],"tags":[],"class_list":["post-58227","post","type-post","status-publish","format-standard","hentry","category-ejornais"],"aioseo_notices":[],"amp_enabled":true,"_links":{"self":[{"href":"https:\/\/ejornais.com.br\/index.php\/wp-json\/wp\/v2\/posts\/58227","targetHints":{"allow":["GET"]}}],"collection":[{"href":"https:\/\/ejornais.com.br\/index.php\/wp-json\/wp\/v2\/posts"}],"about":[{"href":"https:\/\/ejornais.com.br\/index.php\/wp-json\/wp\/v2\/types\/post"}],"author":[{"embeddable":true,"href":"https:\/\/ejornais.com.br\/index.php\/wp-json\/wp\/v2\/users\/2"}],"replies":[{"embeddable":true,"href":"https:\/\/ejornais.com.br\/index.php\/wp-json\/wp\/v2\/comments?post=58227"}],"version-history":[{"count":0,"href":"https:\/\/ejornais.com.br\/index.php\/wp-json\/wp\/v2\/posts\/58227\/revisions"}],"wp:attachment":[{"href":"https:\/\/ejornais.com.br\/index.php\/wp-json\/wp\/v2\/media?parent=58227"}],"wp:term":[{"taxonomy":"category","embeddable":true,"href":"https:\/\/ejornais.com.br\/index.php\/wp-json\/wp\/v2\/categories?post=58227"},{"taxonomy":"post_tag","embeddable":true,"href":"https:\/\/ejornais.com.br\/index.php\/wp-json\/wp\/v2\/tags?post=58227"}],"curies":[{"name":"wp","href":"https:\/\/api.w.org\/{rel}","templated":true}]}}