{"id":58248,"date":"2025-12-28T13:26:59","date_gmt":"2025-12-28T16:26:59","guid":{"rendered":"https:\/\/ejornais.com.br\/index.php\/2025\/12\/28\/morre-a-atriz-brigitte-bardot-musa-do-cinema-frances\/"},"modified":"2025-12-28T13:26:59","modified_gmt":"2025-12-28T16:26:59","slug":"morre-a-atriz-brigitte-bardot-musa-do-cinema-frances","status":"publish","type":"post","link":"https:\/\/ejornais.com.br\/index.php\/2025\/12\/28\/morre-a-atriz-brigitte-bardot-musa-do-cinema-frances\/","title":{"rendered":"Morre a atriz Brigitte Bardot, musa do cinema franc\u00eas"},"content":{"rendered":"<p> Por MRNews<br \/>\n<\/p>\n<div wp_automatic_readability=\"146.18723673126\">\n<p><strong>Morreu neste domingo (28), aos 91, anos a atriz Brigitte Bardot, lenda do cinema franc\u00eas. A causa da morte n\u00e3o foi divulgada, mas ela j\u00e1 estava com a sa\u00fade debilitada h\u00e1 alguns meses, passando por per\u00edodos de longas interna\u00e7\u00f5es. <\/strong>Ela morreu num hospital no sul da Fran\u00e7a, onde passaria por uma cirurgia.<\/p>\n<p>O presidente franc\u00eas Emmanuel Macron se manifestou sobre a morte de Brigitte. Ele escreveu: \u201cSeus filmes, sua voz, sua fama deslumbrante, suas iniciais, suas tristezas, sua generosa paix\u00e3o pelos animais, seu rosto que se tornou Marianne \u2014 Brigitte Bardot personificava uma vida de liberdade. Uma exist\u00eancia francesa, um brilho universal. Ela nos tocou. Lamentamos a perda de uma lenda do s\u00e9culo\u201d.<\/p>\n<p><strong>Al\u00e9m de atriz, Brigitte foi cantora e ativista da causa animal. <\/strong>Nascida em Paris, em 1934, em uma fam\u00edlia rica, come\u00e7ou sua carreira art\u00edstica como modelo, aos 15 anos. Estampou a capa da revista Elle e sua beleza chamou aten\u00e7\u00e3o imediata de outras \u00e1reas, como o cinema.<\/p>\n<p><strong><a href=\"https:\/\/mrnews.com.br\/index.php\/2025\/12\/28\/entidades-financeiras-defendem-atuacao-do-banco-central-no-caso-master\/\">Entidades financeiras defendem atua\u00e7\u00e3o do Banco Central no caso Master<\/a><\/strong><\/p>\n<p><strong><a href=\"https:\/\/mrnews.com.br\/index.php\/2025\/12\/28\/em-temporada-de-cruzeiros-sao-paulo-emite-alerta-para-o-sarampo\/\">Em temporada de cruzeiros, S\u00e3o Paulo emite alerta para o sarampo<\/a><\/strong><\/p>\n<p><strong>Estreou nas telas em 1952, aos 18 anos, no filme <em>Le Trou Normand<\/em>, <\/strong>do diretor Jean Boyer, no qual interpretou a personagem Javotte Lemoine, um papel pequeno. No mesmo ano atuou em <em>Manina, a Mo\u00e7a Sem V\u00e9u<\/em>. Com dire\u00e7\u00e3o do diretor franc\u00eas Willy Rozier, sua personagem n\u00e3o tinha grande destaque, mas Brigitte chamou aten\u00e7\u00e3o ao aparecer de biqu\u00edni, ajudando a tornar comum a pe\u00e7a de roupa.<\/p>\n<p>Em 1953, a jovem atriz, ainda n\u00e3o muito famosa, atuou em <em>Mais Forte que a Morte<\/em>, seu primeiro trabalho num longa-metragem norte-americano. Com Kirk Douglas e Dany Robin como protagonistas, a produ\u00e7\u00e3o teve muitas cenas rodadas na Fran\u00e7a. Embora n\u00e3o tenha tido grande destaque no filme, a atriz chamou aten\u00e7\u00e3o no Festival de Cannes daquele ano durante a promo\u00e7\u00e3o do longa protagonizado por Douglas. Ela surgiu de biqu\u00edni no evento, o que causou frisson na m\u00eddia.<\/p>\n<p>A atriz seguiu atuando em filmes franceses, italianos e ingleses. Em 1955 trabalhou em v\u00e1rias produ\u00e7\u00f5es como <em>A Noiva do Comandante<\/em>, <em>As Grandes Manobras <\/em>e <em>A Luz do Desejo<\/em>. Em 1956, integrou o elenco\u00a0de filmes como <em>Helena de Tr\u00f3ia<\/em>, <em>Mademoiselle Pigalle <\/em>e\u00a0<em>Meu Filho Nero<\/em>.<\/p>\n<p>Nestes longas, Brigitte j\u00e1 vinha chamando aten\u00e7\u00e3o e atuando com mais destaque, sendo protagonista em algumas produ\u00e7\u00f5es. Ainda em 1956,\u00a0estrelou <em>E Deus Criou a Mulher<\/em>, dirigido por seu ent\u00e3o marido, o franc\u00eas Roger Vadim.<\/p>\n<p><strong><a href=\"https:\/\/mrnews.com.br\/index.php\/2025\/12\/28\/universidades-vao-engajar-favelas-em-estudo-sobre-crise-climatica\/\">Universidades v\u00e3o engajar favelas em estudo sobre crise clim\u00e1tica<\/a><\/strong><\/p>\n<p><strong><a href=\"https:\/\/mrnews.com.br\/index.php\/2025\/12\/28\/apos-acidente-estado-de-saude-de-ticiane-pinheiro-e-atualizado-direto-do-hospital\/\">Ap\u00f3s acidente, estado de sa\u00fade de Ticiane Pinheiro \u00e9 atualizado direto do hospital<\/a><\/strong><\/p>\n<p>No longa, Brigitte interpreta Juliette, uma jovem mulher que vive em Saint-Tropez que se casa com o irm\u00e3o de um homem que a rejeitou. Ela, que \u00e9 uma \u00f3rf\u00e3, luta para n\u00e3o voltar para o orfanato e faz isso despertando paix\u00f5es.<\/p>\n<p><strong>A produ\u00e7\u00e3o levou Brigitte ao estrelato: ela se tornou um s\u00edmbolo sexual e passou a influenciar a moda feminina em grande parte do mundo.<\/strong><\/p>\n<p>A partir da\u00ed, a francesa se tornou sin\u00f4nimo de estrela de cinema, atuando em produ\u00e7\u00f5es famosas como <em>O Desprezo<\/em>, de 1963, do diretor Jean-Luc Godard e atuou ao lado de astros como Anthony Perkins, Marcello Mastroianni, Alain Delon, Sean Connery, entre outros.<\/p>\n<h2>B\u00fazios<\/h2>\n<p>Brigitte passou por crises de relacionamento nos anos 60, teve depress\u00e3o e quest\u00f5es graves com bebidas alco\u00f3licas. Teve um filho n\u00e3o desejado, o que tumultuou sua rela\u00e7\u00e3o com ele ao longo da vida.<\/p>\n<p>Em 1965, Brigitte veio ao Brasil, quando namorava Bob Zagury, um brasileiro atleta de basquete no Flamengo. <strong>Em passagem pelo pa\u00eds, a atriz esteve na cidade de B\u00fazios, no Rio de Janeiro, em uma visita que ficou famosa. <\/strong>A prefeitura local fez uma est\u00e1tua de Brigitte, que permanece no munic\u00edpio at\u00e9 os dias de hoje.<\/p>\n<p>O \u00faltimo filme de Brigitte foi o franc\u00eas <em>L\u2019histoire tr\u00e8s bonne et tr\u00e8s joyeuse de Colinot Trousse-Chemise<\/em>, lan\u00e7ado em 1973. Depois disso, a atriz decidiu deixar a vida art\u00edstica e passou a se dedicar a outra de suas paix\u00f5es: a defesa dos animais.<\/p>\n<p>Ela criou a Funda\u00e7\u00e3o Brigitte Bardot para ajudar a salvar animais de variadas esp\u00e9cies ao redor do mundo. Seu lado ativista foi muito elogiado e celebrado, o que n\u00e3o evitou que recebesse cr\u00edticas nos \u00faltimos anos de sua vida por posicionamentos pol\u00edticos considerados pol\u00eamicos.<\/p>\n<p>Em 2021, quando tinha 87 anos, Brigitte foi condenada por um tribunal franc\u00eas e multada em 20 mil euros por ter feito insultos racistas contra moradores da ilha francesa de Reuni\u00e3o.<\/p>\n<p>Ela tamb\u00e9m, recentemente, declarou apoio a Marine Le Pen, representante da extrema direita francesa.<\/p>\n<p>Brigitte Bardot deixa um filho, duas netas e uma bisneta.<\/p>\n<\/div>\n","protected":false},"excerpt":{"rendered":"<p>Por MRNews Morreu neste domingo (28), aos 91, anos a atriz Brigitte Bardot, lenda do cinema franc\u00eas. A causa da<\/p>\n","protected":false},"author":2,"featured_media":0,"comment_status":"","ping_status":"","sticky":false,"template":"","format":"standard","meta":{"colormag_page_container_layout":"default_layout","colormag_page_sidebar_layout":"default_layout","footnotes":""},"categories":[1],"tags":[],"class_list":["post-58248","post","type-post","status-publish","format-standard","hentry","category-ejornais"],"aioseo_notices":[],"amp_enabled":true,"_links":{"self":[{"href":"https:\/\/ejornais.com.br\/index.php\/wp-json\/wp\/v2\/posts\/58248","targetHints":{"allow":["GET"]}}],"collection":[{"href":"https:\/\/ejornais.com.br\/index.php\/wp-json\/wp\/v2\/posts"}],"about":[{"href":"https:\/\/ejornais.com.br\/index.php\/wp-json\/wp\/v2\/types\/post"}],"author":[{"embeddable":true,"href":"https:\/\/ejornais.com.br\/index.php\/wp-json\/wp\/v2\/users\/2"}],"replies":[{"embeddable":true,"href":"https:\/\/ejornais.com.br\/index.php\/wp-json\/wp\/v2\/comments?post=58248"}],"version-history":[{"count":0,"href":"https:\/\/ejornais.com.br\/index.php\/wp-json\/wp\/v2\/posts\/58248\/revisions"}],"wp:attachment":[{"href":"https:\/\/ejornais.com.br\/index.php\/wp-json\/wp\/v2\/media?parent=58248"}],"wp:term":[{"taxonomy":"category","embeddable":true,"href":"https:\/\/ejornais.com.br\/index.php\/wp-json\/wp\/v2\/categories?post=58248"},{"taxonomy":"post_tag","embeddable":true,"href":"https:\/\/ejornais.com.br\/index.php\/wp-json\/wp\/v2\/tags?post=58248"}],"curies":[{"name":"wp","href":"https:\/\/api.w.org\/{rel}","templated":true}]}}