{"id":58317,"date":"2025-12-30T00:20:00","date_gmt":"2025-12-30T03:20:00","guid":{"rendered":"https:\/\/ejornais.com.br\/index.php\/2025\/12\/30\/interdicoes-nos-tuneis-reboucas-zuzu-angel-e-acustico-rafael-mascarenhas-prefeitura-da-cidade-do-rio-de-janeiro\/"},"modified":"2025-12-30T00:20:00","modified_gmt":"2025-12-30T03:20:00","slug":"interdicoes-nos-tuneis-reboucas-zuzu-angel-e-acustico-rafael-mascarenhas-prefeitura-da-cidade-do-rio-de-janeiro","status":"publish","type":"post","link":"https:\/\/ejornais.com.br\/index.php\/2025\/12\/30\/interdicoes-nos-tuneis-reboucas-zuzu-angel-e-acustico-rafael-mascarenhas-prefeitura-da-cidade-do-rio-de-janeiro\/","title":{"rendered":"Interdi\u00e7\u00f5es nos t\u00faneis Rebou\u00e7as, Zuzu Angel e Ac\u00fastico Rafael Mascarenhas &#8211; Prefeitura da Cidade do Rio de Janeiro"},"content":{"rendered":"<p><\/p>\n<div id=\"main\">\n<div class=\"wrapper-breadcrumbs\" wp_automatic_readability=\"22.60704892162\">\n<p><strong>T\u00fanel Rebou\u00e7as<\/strong><br \/>O T\u00fanel Rebou\u00e7as ser\u00e1 fechado, a partir das 23h50 desta segunda-feira (29\/12), no sentido Centro, para manuten\u00e7\u00e3o. A reabertura est\u00e1 prevista para as 5h desta ter\u00e7a-feira (30\/12). Durante o fechamento, o tr\u00e2nsito de ve\u00edculos seguir\u00e1 por uma faixa revers\u00edvel \u00e0 esquerda no sentido Lagoa, operando em dire\u00e7\u00e3o ao Centro. As outras duas faixas funcionar\u00e3o no sentido Zona Sul.<\/p>\n<p>_____________<br \/><strong>T\u00faneis Ac\u00fastico e Zuzu Angel<\/strong><br \/>Os t\u00faneis Zuzu Angel e Ac\u00fastico Rafael Mascarenhas ser\u00e3o fechados, no sentido G\u00e1vea, das 23h50 desta segunda-feira (29\/12) \u00e0s 5h de ter\u00e7a-feira (30\/12), para servi\u00e7os de manuten\u00e7\u00e3o. A principal op\u00e7\u00e3o para desvio \u00e9 a Avenida Niemeyer, que funcionar\u00e1 normalmente, com duplo sentido de circula\u00e7\u00e3o.<\/p>\n<p><strong>Orienta\u00e7\u00e3o aos condutores<\/strong><br \/>Em todas as interdi\u00e7\u00f5es programadas haver\u00e1 sinaliza\u00e7\u00e3o espec\u00edfica para orientar e alertar os motoristas. Operadores da CET-Rio realizar\u00e3o o monitoramento das condi\u00e7\u00f5es do tr\u00e2nsito e atuar\u00e3o, se necess\u00e1rio. Al\u00e9m disso, os tempos semaf\u00f3ricos ser\u00e3o ajustados para melhorar a fluidez na rota de desvio e nos principais corredores das regi\u00f5es.<\/p>\n<p>             <!-- Compartilhe ---><\/p>\n<p>\t\t\t <!-- TAGS --><\/p>\n<section class=\"category-tags\">\n<div class=\"marcacao-category\">\n<article class=\"category-post\">\n<p>Categoria: <\/p>\n<\/article>\n<li>29 de dezembro de 2025<\/li><\/div>\n<article class=\"tags\">\n\t\t\t\t\tMarca\u00e7\u00f5es: Ac\u00fastico Rafael Mascarenhas manuten\u00e7\u00e3o tr\u00e1fego t\u00faneis t\u00fanel rebou\u00e7as T\u00fanel Zuzu Angel Zona Sul<br \/><\/article>\n<\/section>\n<p>            <!-- Mais Not&iacute;cias --><\/p>\n<p>\t\t<!-- Conte&uacute;do SIDEBAR --><\/p><\/div>\n<\/p><\/div>\n","protected":false},"excerpt":{"rendered":"<p>T\u00fanel Rebou\u00e7asO T\u00fanel Rebou\u00e7as ser\u00e1 fechado, a partir das 23h50 desta segunda-feira (29\/12), no sentido Centro, para manuten\u00e7\u00e3o. A reabertura<\/p>\n","protected":false},"author":2,"featured_media":0,"comment_status":"","ping_status":"","sticky":false,"template":"","format":"standard","meta":{"colormag_page_container_layout":"default_layout","colormag_page_sidebar_layout":"default_layout","footnotes":""},"categories":[1],"tags":[],"class_list":["post-58317","post","type-post","status-publish","format-standard","hentry","category-ejornais"],"aioseo_notices":[],"amp_enabled":true,"_links":{"self":[{"href":"https:\/\/ejornais.com.br\/index.php\/wp-json\/wp\/v2\/posts\/58317","targetHints":{"allow":["GET"]}}],"collection":[{"href":"https:\/\/ejornais.com.br\/index.php\/wp-json\/wp\/v2\/posts"}],"about":[{"href":"https:\/\/ejornais.com.br\/index.php\/wp-json\/wp\/v2\/types\/post"}],"author":[{"embeddable":true,"href":"https:\/\/ejornais.com.br\/index.php\/wp-json\/wp\/v2\/users\/2"}],"replies":[{"embeddable":true,"href":"https:\/\/ejornais.com.br\/index.php\/wp-json\/wp\/v2\/comments?post=58317"}],"version-history":[{"count":0,"href":"https:\/\/ejornais.com.br\/index.php\/wp-json\/wp\/v2\/posts\/58317\/revisions"}],"wp:attachment":[{"href":"https:\/\/ejornais.com.br\/index.php\/wp-json\/wp\/v2\/media?parent=58317"}],"wp:term":[{"taxonomy":"category","embeddable":true,"href":"https:\/\/ejornais.com.br\/index.php\/wp-json\/wp\/v2\/categories?post=58317"},{"taxonomy":"post_tag","embeddable":true,"href":"https:\/\/ejornais.com.br\/index.php\/wp-json\/wp\/v2\/tags?post=58317"}],"curies":[{"name":"wp","href":"https:\/\/api.w.org\/{rel}","templated":true}]}}