{"id":58330,"date":"2025-12-30T06:38:00","date_gmt":"2025-12-30T09:38:00","guid":{"rendered":"https:\/\/ejornais.com.br\/index.php\/2025\/12\/30\/seinfra-segue-com-o-servico-de-tapa-buraco-e-executa-trabalho-em-13-bairros-da-capital\/"},"modified":"2025-12-30T06:38:00","modified_gmt":"2025-12-30T09:38:00","slug":"seinfra-segue-com-o-servico-de-tapa-buraco-e-executa-trabalho-em-13-bairros-da-capital","status":"publish","type":"post","link":"https:\/\/ejornais.com.br\/index.php\/2025\/12\/30\/seinfra-segue-com-o-servico-de-tapa-buraco-e-executa-trabalho-em-13-bairros-da-capital\/","title":{"rendered":"Seinfra segue com o servi\u00e7o de tapa-buraco e executa trabalho em 13 bairros da Capital"},"content":{"rendered":"<p><\/p>\n<div>\n<h5 class=\"text-primary\">Nesta ter\u00e7a-feira<\/h5>\n<p>                        <!-- Mostra o t&iacute;tulo como um link para o link permanente do post --><\/p>\n<h2 class=\"mb-3\">Seinfra segue com o servi\u00e7o de tapa-buraco e executa trabalho em 13 bairros da Capital<\/h2>\n<p class=\"text-secondary font-italic mb-3 p-0\">&#13;<br \/>\n                            <i class=\"fa fa-calendar\"\/> 30\/12\/2025 | &#13;<br \/>\n                            <i class=\"fa fa-clock-o\"\/> 06:30 |&#13;<br \/>\n                            <i class=\"fa fa-eye\"\/> 11                        <\/p>\n<p>                        <!-- Mostra o conte&uacute;do do post em uma DIV --><\/p>\n<div class=\"\">\n<p>A Secretaria de Infraestrutura (Seinfra) segue com a opera\u00e7\u00e3o tapa-buraco executando servi\u00e7os em 13 bairros da Capital, nesta ter\u00e7a-feira (30). Essa a\u00e7\u00e3o \u00e9 realizada pela Diretoria de Manuten\u00e7\u00e3o Vi\u00e1ria e Drenagem, de acordo com as solicita\u00e7\u00f5es realizadas pela popula\u00e7\u00e3o.<\/p>\n<figure class=\"wp-block-image size-large\"><\/figure>\n<p>As equipes est\u00e3o trabalhando nos seguintes bairros: Mangabeira, Funcion\u00e1rios, Ernesto Geisel, Alto do C\u00e9u, Jaguaribe, Cruz das Armas, Distrito Industrial, Grot\u00e3o, Aeroclube, Bessa, Valentina Figueiredo, Mandacaru e Planalto da Boa Esperan\u00e7a.<\/p>\n<p>A Seinfra tamb\u00e9m est\u00e1 executando servi\u00e7os de manuten\u00e7\u00e3o na rede de drenagem, como limpeza, recupera\u00e7\u00e3o e desobstru\u00e7\u00e3o de galerias em diversos pontos da cidade.<\/p>\n<p><strong>Atendimento \u2013<\/strong> Os servi\u00e7os de manuten\u00e7\u00e3o da Seinfra, como tapa-buraco, galerias, terraplenagem e ilumina\u00e7\u00e3o p\u00fablica, podem ser solicitados por meio do aplicativo \u2018Jo\u00e3o Pessoa na Palma da M\u00e3o\u2019. O aplicativo est\u00e1 dispon\u00edvel nas lojas Google Play e Apple Store gratuitamente.<\/p>\n<\/p><\/div>\n<\/p><\/div>\n","protected":false},"excerpt":{"rendered":"<p>Nesta ter\u00e7a-feira Seinfra segue com o servi\u00e7o de tapa-buraco e executa trabalho em 13 bairros da Capital &#13; 30\/12\/2025 |<\/p>\n","protected":false},"author":2,"featured_media":0,"comment_status":"","ping_status":"","sticky":false,"template":"","format":"standard","meta":{"colormag_page_container_layout":"default_layout","colormag_page_sidebar_layout":"default_layout","footnotes":""},"categories":[1],"tags":[],"class_list":["post-58330","post","type-post","status-publish","format-standard","hentry","category-ejornais"],"aioseo_notices":[],"amp_enabled":true,"_links":{"self":[{"href":"https:\/\/ejornais.com.br\/index.php\/wp-json\/wp\/v2\/posts\/58330","targetHints":{"allow":["GET"]}}],"collection":[{"href":"https:\/\/ejornais.com.br\/index.php\/wp-json\/wp\/v2\/posts"}],"about":[{"href":"https:\/\/ejornais.com.br\/index.php\/wp-json\/wp\/v2\/types\/post"}],"author":[{"embeddable":true,"href":"https:\/\/ejornais.com.br\/index.php\/wp-json\/wp\/v2\/users\/2"}],"replies":[{"embeddable":true,"href":"https:\/\/ejornais.com.br\/index.php\/wp-json\/wp\/v2\/comments?post=58330"}],"version-history":[{"count":0,"href":"https:\/\/ejornais.com.br\/index.php\/wp-json\/wp\/v2\/posts\/58330\/revisions"}],"wp:attachment":[{"href":"https:\/\/ejornais.com.br\/index.php\/wp-json\/wp\/v2\/media?parent=58330"}],"wp:term":[{"taxonomy":"category","embeddable":true,"href":"https:\/\/ejornais.com.br\/index.php\/wp-json\/wp\/v2\/categories?post=58330"},{"taxonomy":"post_tag","embeddable":true,"href":"https:\/\/ejornais.com.br\/index.php\/wp-json\/wp\/v2\/tags?post=58330"}],"curies":[{"name":"wp","href":"https:\/\/api.w.org\/{rel}","templated":true}]}}