{"id":58375,"date":"2025-12-30T23:36:00","date_gmt":"2025-12-31T02:36:00","guid":{"rendered":"https:\/\/ejornais.com.br\/index.php\/2025\/12\/30\/passagem-dos-onibus-urbanos-do-rio-vai-subir-para-r-5-no-domingo\/"},"modified":"2025-12-30T23:36:00","modified_gmt":"2025-12-31T02:36:00","slug":"passagem-dos-onibus-urbanos-do-rio-vai-subir-para-r-5-no-domingo","status":"publish","type":"post","link":"https:\/\/ejornais.com.br\/index.php\/2025\/12\/30\/passagem-dos-onibus-urbanos-do-rio-vai-subir-para-r-5-no-domingo\/","title":{"rendered":"Passagem dos \u00f4nibus urbanos do Rio vai subir para R$ 5 no domingo"},"content":{"rendered":"<p> Por MRNews<br \/>\n<\/p>\n<div wp_automatic_readability=\"32.975961538462\">\n<p><strong>A passagem de \u00f4nibus urbanos da cidade do Rio de Janeiro vai subir de R$ 4,70 para R$ 5 a partir do pr\u00f3ximo domingo (4). <\/strong>O decreto foi publicado pelo prefeito Eduardo Paes no <em>Di\u00e1rio Oficial do Munic\u00edpio<\/em> desta ter\u00e7a-feira (30).<\/p>\n<p><strong>O aumento de R$ 0,30 representa um reajuste de cerca de 6% na tarifa do transporte coletivo. O novo valor tamb\u00e9m vai incidir sobre outros meios de transporte, como os BRTs e VLTs, al\u00e9m das vans e os chamados \u201ccabritinhos\u201d<\/strong>.<\/p>\n<p>O pre\u00e7o da passagem tamb\u00e9m ser\u00e1 atualizado para passageiros que utilizam Bilhete \u00danico Carioca. De acordo com o decreto, a revis\u00e3o tarif\u00e1ria segue par\u00e2metros previstos na legisla\u00e7\u00e3o municipal e em acordos judiciais firmados entre a prefeitura, o Minist\u00e9rio P\u00fablico e os cons\u00f3rcios que operam o sistema, que s\u00e3o: o Intersul, Transcarioca, Internorte e Santa Cruz.<\/p>\n<p><strong><a href=\"https:\/\/mrnews.com.br\/index.php\/2025\/12\/30\/moraes-pede-que-filipe-martins-explique-uso-de-rede-social\/\">Moraes pede que Filipe Martins explique uso de rede social<\/a><\/strong><\/p>\n<p><strong><a href=\"https:\/\/mrnews.com.br\/index.php\/2025\/12\/30\/tst-diz-que-greve-nos-correios-nao-e-abusiva-mas-autoriza-desconto\/\">TST diz que greve nos Correios n\u00e3o \u00e9 abusiva, mas autoriza desconto<\/a><\/strong><\/p>\n<p>Apesar de o usu\u00e1rio pagar R$ 5 pela tarifa, os cons\u00f3rcios ser\u00e3o remuneradas em R$ 6,60. O subs\u00eddio a ser pago pela prefeitura \u00e9 calculado considerando a remunera\u00e7\u00e3o por quil\u00f4metro rodado dos \u00f4nibus no munic\u00edpio do Rio de Janeiro.<\/p>\n<\/div>\n","protected":false},"excerpt":{"rendered":"<p>Por MRNews A passagem de \u00f4nibus urbanos da cidade do Rio de Janeiro vai subir de R$ 4,70 para R$<\/p>\n","protected":false},"author":2,"featured_media":0,"comment_status":"","ping_status":"","sticky":false,"template":"","format":"standard","meta":{"colormag_page_container_layout":"default_layout","colormag_page_sidebar_layout":"default_layout","footnotes":""},"categories":[1],"tags":[],"class_list":["post-58375","post","type-post","status-publish","format-standard","hentry","category-ejornais"],"aioseo_notices":[],"amp_enabled":true,"_links":{"self":[{"href":"https:\/\/ejornais.com.br\/index.php\/wp-json\/wp\/v2\/posts\/58375","targetHints":{"allow":["GET"]}}],"collection":[{"href":"https:\/\/ejornais.com.br\/index.php\/wp-json\/wp\/v2\/posts"}],"about":[{"href":"https:\/\/ejornais.com.br\/index.php\/wp-json\/wp\/v2\/types\/post"}],"author":[{"embeddable":true,"href":"https:\/\/ejornais.com.br\/index.php\/wp-json\/wp\/v2\/users\/2"}],"replies":[{"embeddable":true,"href":"https:\/\/ejornais.com.br\/index.php\/wp-json\/wp\/v2\/comments?post=58375"}],"version-history":[{"count":0,"href":"https:\/\/ejornais.com.br\/index.php\/wp-json\/wp\/v2\/posts\/58375\/revisions"}],"wp:attachment":[{"href":"https:\/\/ejornais.com.br\/index.php\/wp-json\/wp\/v2\/media?parent=58375"}],"wp:term":[{"taxonomy":"category","embeddable":true,"href":"https:\/\/ejornais.com.br\/index.php\/wp-json\/wp\/v2\/categories?post=58375"},{"taxonomy":"post_tag","embeddable":true,"href":"https:\/\/ejornais.com.br\/index.php\/wp-json\/wp\/v2\/tags?post=58375"}],"curies":[{"name":"wp","href":"https:\/\/api.w.org\/{rel}","templated":true}]}}