{"id":58476,"date":"2026-01-02T09:41:01","date_gmt":"2026-01-02T12:41:01","guid":{"rendered":"https:\/\/ejornais.com.br\/index.php\/2026\/01\/02\/stf-tera-evento-para-lembrar-3-anos-de-atos-golpistas-de-8-de-janeiro\/"},"modified":"2026-01-02T09:41:01","modified_gmt":"2026-01-02T12:41:01","slug":"stf-tera-evento-para-lembrar-3-anos-de-atos-golpistas-de-8-de-janeiro","status":"publish","type":"post","link":"https:\/\/ejornais.com.br\/index.php\/2026\/01\/02\/stf-tera-evento-para-lembrar-3-anos-de-atos-golpistas-de-8-de-janeiro\/","title":{"rendered":"STF ter\u00e1 evento para lembrar 3 anos de atos golpistas de 8 de janeiro"},"content":{"rendered":"<p> Por MRNews<br \/>\n<\/p>\n<div wp_automatic_readability=\"81.512345679012\">\n<p><strong>O Supremo Tribunal Federal (STF) promove, no pr\u00f3ximo dia 8 de janeiro, em Bras\u00edlia, evento para relembrar os atos golpistas de tr\u00eas anos atr\u00e1s, quando alguns milhares de apoiadores do ex-presidente Jair Bolsonaro \u2013 exigindo um golpe militar \u2013 invadiram e depredaram pr\u00e9dios dos poderes na capital da Rep\u00fablica. \u00a0<\/strong><\/p>\n<p>Para marcar a data, a Suprema Corte realiza o evento \u201cDemocracia Inabalada: 8 de janeiro \u2013 Um dia para n\u00e3o esquecer\u201d. A programa\u00e7\u00e3o inclui a abertura de uma exposi\u00e7\u00e3o, a exibi\u00e7\u00e3o de um document\u00e1rio, uma roda de conversa com jornalistas e uma mesa de debate.<\/p>\n<p>No in\u00edcio da tarde de 8 de janeiro haver\u00e1 a abertura da exposi\u00e7\u00e3o \u201c8 de janeiro: M\u00e3os da Reconstru\u00e7\u00e3o\u201d, a ser exibida no Espa\u00e7o do Servidor, no STF.<\/p>\n<p><strong><a href=\"https:\/\/mrnews.com.br\/index.php\/2026\/01\/02\/entenda-mudancas-na-aposentadoria-em-2026\/\">Entenda mudan\u00e7as na aposentadoria em 2026<\/a><\/strong><\/p>\n<p><strong><a href=\"https:\/\/mrnews.com.br\/index.php\/2026\/01\/01\/comlurb-recolhe-12-toneladas-de-lixo-das-praias-do-rio-no-reveillon\/\">Comlurb recolhe 1,2 toneladas de lixo das praias do Rio no r\u00e9veillon<\/a><\/strong><\/p>\n<p><strong>Em seguida, ser\u00e1 exibido o document\u00e1rio \u201cDemocracia Inabalada: M\u00e3os da Reconstru\u00e7\u00e3o\u201d no Museu do pr\u00f3prio tribunal.<\/strong><\/p>\n<p>A programa\u00e7\u00e3o segue com uma roda de conversa com profissionais da imprensa sobre o tema, tamb\u00e9m no Museu do STF, e finaliza com a mesa-redonda \u201cUm dia para n\u00e3o esquecer\u201d, no sal\u00e3o nobre do Supremo.<\/p>\n<h2>Golpe de Estado<\/h2>\n<p>Ao lembrar os dois anos do 8 de janeiro, neste ano, o presidente do STF, ministro Edson Fachin, afirmou que os atos golpistas foram a \u201cface vis\u00edvel\u201d de um movimento \u201csubterr\u00e2neo\u201d que articulava um golpe de Estado.<\/p>\n<p>\u201cRelembrar esta data, com a gravidade que o epis\u00f3dio merece, constitui, tamb\u00e9m, um esfor\u00e7o para virarmos a p\u00e1gina, mas sem arranc\u00e1-la da hist\u00f3ria\u201d, frisou Fachin durante cerim\u00f4nia que lembrou os dois anos do 8 de janeiro.<\/p>\n<p><strong><a href=\"https:\/\/mrnews.com.br\/index.php\/2026\/01\/01\/bolsonaro-recebe-alta-hospitalar-e-volta-a-cumprir-pena-na-pf\/\">Bolsonaro recebe alta hospitalar e volta a cumprir pena na PF<\/a><\/strong><\/p>\n<p><strong><a href=\"https:\/\/mrnews.com.br\/index.php\/2026\/01\/01\/lula-sanciona-orcamento-com-veto-a-reajuste-do-fundo-partidario\/\">Lula sanciona Or\u00e7amento com veto a reajuste do Fundo Partid\u00e1rio<\/a><\/strong><\/p>\n<h2>Atos golpistas<\/h2>\n<p><strong>Logo ap\u00f3s o resultado da elei\u00e7\u00e3o ser divulgada em 30 de outubro de 2022, teve in\u00edcio um movimento pedindo um golpe militar para impedir que o presidente eleito Luiz In\u00e1cio Lula da Silva assumisse o cargo.<\/strong><\/p>\n<p>\u00a0Houve fechamento de rodovias e acampamentos golpistas foram montados em frente aos quart\u00e9is em v\u00e1rias cidades do pa\u00eds.<\/p>\n<p><strong>Marcaram tamb\u00e9m a escalada de atos golpistas a implanta\u00e7\u00e3o de uma bomba pr\u00f3xima ao Aeroporto Internacional de Bras\u00edlia, na v\u00e9spera do Natal, e a invas\u00e3o de uma delegacia da Pol\u00edcia Federal (PF) ap\u00f3s a queima de \u00f4nibus no dia da diploma\u00e7\u00e3o de Lula, tamb\u00e9m em Bras\u00edlia.<\/strong><\/p>\n<p>Ap\u00f3s investiga\u00e7\u00f5es sobre esses atos, o STF condenou o ex-presidente Jair Bolsonaro e aliados pr\u00f3ximos por tentativa de golpe de Estado e outros delitos, responsabilizando o ex-presidente por uma conspira\u00e7\u00e3o contra o resultado eleitoral com objetivo de permanecer no poder ap\u00f3s a derrota em 2022.<\/p>\n<p><strong>Segundo a condena\u00e7\u00e3o, Bolsonaro tentou convencer os comandantes militares a aderir a um golpe de Estado para anular as elei\u00e7\u00f5es. \u00a0<\/strong><\/p>\n<p>\u00a0<\/p>\n<\/div>\n","protected":false},"excerpt":{"rendered":"<p>Por MRNews O Supremo Tribunal Federal (STF) promove, no pr\u00f3ximo dia 8 de janeiro, em Bras\u00edlia, evento para relembrar os<\/p>\n","protected":false},"author":2,"featured_media":0,"comment_status":"","ping_status":"","sticky":false,"template":"","format":"standard","meta":{"colormag_page_container_layout":"default_layout","colormag_page_sidebar_layout":"default_layout","footnotes":""},"categories":[1],"tags":[],"class_list":["post-58476","post","type-post","status-publish","format-standard","hentry","category-ejornais"],"aioseo_notices":[],"amp_enabled":true,"_links":{"self":[{"href":"https:\/\/ejornais.com.br\/index.php\/wp-json\/wp\/v2\/posts\/58476","targetHints":{"allow":["GET"]}}],"collection":[{"href":"https:\/\/ejornais.com.br\/index.php\/wp-json\/wp\/v2\/posts"}],"about":[{"href":"https:\/\/ejornais.com.br\/index.php\/wp-json\/wp\/v2\/types\/post"}],"author":[{"embeddable":true,"href":"https:\/\/ejornais.com.br\/index.php\/wp-json\/wp\/v2\/users\/2"}],"replies":[{"embeddable":true,"href":"https:\/\/ejornais.com.br\/index.php\/wp-json\/wp\/v2\/comments?post=58476"}],"version-history":[{"count":0,"href":"https:\/\/ejornais.com.br\/index.php\/wp-json\/wp\/v2\/posts\/58476\/revisions"}],"wp:attachment":[{"href":"https:\/\/ejornais.com.br\/index.php\/wp-json\/wp\/v2\/media?parent=58476"}],"wp:term":[{"taxonomy":"category","embeddable":true,"href":"https:\/\/ejornais.com.br\/index.php\/wp-json\/wp\/v2\/categories?post=58476"},{"taxonomy":"post_tag","embeddable":true,"href":"https:\/\/ejornais.com.br\/index.php\/wp-json\/wp\/v2\/tags?post=58476"}],"curies":[{"name":"wp","href":"https:\/\/api.w.org\/{rel}","templated":true}]}}