{"id":58512,"date":"2026-01-03T05:59:01","date_gmt":"2026-01-03T08:59:01","guid":{"rendered":"https:\/\/ejornais.com.br\/index.php\/2026\/01\/03\/protestos-desafiam-governo-apos-aumento-de-combustiveis\/"},"modified":"2026-01-03T05:59:01","modified_gmt":"2026-01-03T08:59:01","slug":"protestos-desafiam-governo-apos-aumento-de-combustiveis","status":"publish","type":"post","link":"https:\/\/ejornais.com.br\/index.php\/2026\/01\/03\/protestos-desafiam-governo-apos-aumento-de-combustiveis\/","title":{"rendered":"protestos desafiam governo ap\u00f3s aumento de combust\u00edveis"},"content":{"rendered":"<p> Por MRNews<br \/>\n<\/p>\n<div wp_automatic_readability=\"114.33135320177\">\n<p><strong>Menos de dois meses ap\u00f3s o in\u00edcio do mandato, o novo governo da Bol\u00edvia j\u00e1 enfrenta a primeira onda de protestos e paralisa\u00e7\u00f5es convocados por sindicatos e movimentos sociais.<\/strong><\/p>\n<p><strong>As organiza\u00e7\u00f5es que lideram as manifesta\u00e7\u00f5es est\u00e3o desde o dia 22 de dezembro nas ruas pedindo a anula\u00e7\u00e3o do decreto presidencial que acabou com o subs\u00eddio dos combust\u00edveis, que j\u00e1 durava cerca de 20 anos, provocando aumentos de at\u00e9 160% no diesel e cerca de 86% na gasolina.<\/strong><\/p>\n<p>Para amenizar o aumento dos pre\u00e7os dos combust\u00edveis, o mesmo decreto aumentou o sal\u00e1rio m\u00ednimo em 20%.<\/p>\n<p><strong><a href=\"https:\/\/mrnews.com.br\/index.php\/2026\/01\/03\/lei-que-pune-participantes-da-moratoria-da-soja-volta-a-valer-em-mt\/\">Lei que pune participantes da Morat\u00f3ria da Soja volta a valer em MT<\/a><\/strong><\/p>\n<p><strong><a href=\"https:\/\/mrnews.com.br\/index.php\/2026\/01\/03\/helicoptero-faz-pouso-forcado-no-mar-em-cabo-frio\/\">Helic\u00f3ptero faz pouso for\u00e7ado no mar em Cabo Frio<\/a><\/strong><\/p>\n<p>Uma nova marcha foi convocada para este s\u00e1bado (3), que deve partir de Calamarca at\u00e9 a cidade de La Paz, onde os sindicatos tem uma reuni\u00e3o marcada com o governo na pr\u00f3xima segunda-feira (5) para discutir o decreto presidencial 5503.<\/p>\n<p>O novo decreto tem 121 artigos e foi publicado em car\u00e1ter \u201cexcepcional\u201d e \u201ctempor\u00e1rio\u201d. Ele estabelece um novo arcabou\u00e7o jur\u00eddico, tribut\u00e1rio e administrativo que, segundo o governo, facilita o investimento privado, reequilibra as contas p\u00fablicas e favorece as exporta\u00e7\u00f5es.\u00a0\u00a0<\/p>\n<p>Para justificar as medidas, o governo decretou emerg\u00eancia econ\u00f4mica, energ\u00e9tica e social \u201cdiante o processo inflacion\u00e1rio que vive o pa\u00eds, da escassez de d\u00f3lares e de combust\u00edveis\u201d.<\/p>\n<h2>Crise<\/h2>\n<p><strong>Protestos de rua, bloqueios de estradas, marchas e at\u00e9 greve de fome foram registrados nos \u00faltimos dias no pa\u00eds andino.\u00a0<\/strong>A Central Oper\u00e1ria da Bol\u00edvia (COB) \u2013 principal central sindical do pa\u00eds \u2013 afirma que o decreto 5503 \u00e9 um amplo \u201cpacote neoliberal\u201d que coloca a conta da crise nas costas da popula\u00e7\u00e3o.<\/p>\n<p><strong><a href=\"https:\/\/mrnews.com.br\/index.php\/2026\/01\/02\/stf-mantem-prisao-de-filipe-martins-apos-audiencia-de-custodia\/\">STF mant\u00e9m pris\u00e3o de Filipe Martins ap\u00f3s audi\u00eancia de cust\u00f3dia<\/a><\/strong><\/p>\n<p><strong><a href=\"https:\/\/mrnews.com.br\/index.php\/2026\/01\/02\/petrobras-inicia-operacao-na-plataforma-p-78-no-campo-de-buzios\/\">Petrobras inicia opera\u00e7\u00e3o\u00a0na\u00a0Plataforma P-78 no\u00a0Campo de B\u00fazios<\/a><\/strong><\/p>\n<p>O secret\u00e1rio-executivo da COB, Mario Argollo, disse que o decreto vende o pa\u00eds e\u00a0passa por cima do Legislativo, que n\u00e3o analisou as mudan\u00e7as.<\/p>\n<blockquote wp_automatic_readability=\"11\">\n<p>\u201cEste decreto rifa e vende o nosso pa\u00eds a corpora\u00e7\u00f5es transnacionais, empresas privadas e agroneg\u00f3cios que, infelizmente, se beneficiaram da posi\u00e7\u00e3o deste governo\u201d, lamentou o l\u00edder sindical em entrevista \u00e0 Telesur. \u00a0<\/p>\n<\/blockquote>\n<p>A COB convocou uma \u201cgreve geral\u201d por tempo indeterminado, tendo conseguido apoio de outros sindicatos, como o dos professores e dos mineiros.<\/p>\n<p>Ao publicar a normativa no dia 18 de dezembro, o novo presidente Rodrigo Paz destacou que a medida foi uma \u201cdecis\u00e3o dif\u00edcil\u201d, mas necess\u00e1ria para garantir o abastecimento de combust\u00edveis e reduzir a \u201csangria\u201d das reservas financeiras do pa\u00eds.<\/p>\n<blockquote wp_automatic_readability=\"11\">\n<p>\u201cDerrotaremos o \u2018Estado obstrucionista\u2019 implementando o sil\u00eancio administrativo positivo, para que nenhum procedimento impe\u00e7a o trabalho do nosso povo, e abriremos as portas ao investimento com 0% de impostos para aqueles que repatriarem seu capital para produzir em nossa terra\u201d, informou Paz.<\/p>\n<\/blockquote>\n<p>As novas regras ainda criam um procedimento de aprova\u00e7\u00e3o r\u00e1pida de projetos considerados estrat\u00e9gicos pelo governo. Chamado de Fast Track, o procedimento prev\u00ea tramita\u00e7\u00e3o de at\u00e9 30 dias ap\u00f3s apresenta\u00e7\u00e3o do projeto.<\/p>\n<h2>Rearranjo pol\u00edtico<\/h2>\n<p>O antrop\u00f3logo Salvador Schavelzon, professor da Universidade Federal de S\u00e3o Paulo (Unifesp) e especialista em pol\u00edtica latino-americana, destaca que a nova normativa do governo de Rodrigo Paz \u00e9 um \u201cdecreto de chegada ao Poder\u201d e que o pa\u00eds passa por um \u201crearranjo pol\u00edtico\u201d ap\u00f3s quase 20 anos de governos de esquerda.<\/p>\n<blockquote wp_automatic_readability=\"12\">\n<p>\u201cInicialmente, parecia que ia ter protestos mais fortes. No primeiro dia sa\u00edram para bloquear estradas, mas eu sinto que perdeu for\u00e7a, que a negocia\u00e7\u00e3o do governo com os setores do transporte fez com que a situa\u00e7\u00e3o n\u00e3o estoure, como foi em outros momentos\u201d, avaliou o especialista.<\/p>\n<\/blockquote>\n<p>Para Schavelzon, o novo ato deste s\u00e1bado e as negocia\u00e7\u00f5es com o governo a partir de segunda-feira v\u00e3o definir o futuro do movimento.<strong> As paralisa\u00e7\u00f5es contam com apoio do vice-presidente do pa\u00eds, Edman Lara, que rompeu com Paz e foi para oposi\u00e7\u00e3o.<\/strong><\/p>\n<p>Em meio a disputas com o vice, Rodrigo Paz editou novo decreto nesta sexta-feira (2) autorizando a si mesmo a governar do exterior, como forma de evitar passar o cargo ao vice enquanto est\u00e1 em viagens internacionais.<\/p>\n<h2>Outras mudan\u00e7as do decreto<\/h2>\n<p><strong>O decreto boliviano ainda pro\u00edbe novas contrata\u00e7\u00f5es no servi\u00e7o p\u00fablico, limita os reajustes do funcionalismo e estabelece uma \u201clivre negocia\u00e7\u00e3o\u201d entre patr\u00f5es e trabalhadores, sejam acordos individuais ou coletivos.<\/strong><\/p>\n<p>Para atrair investimentos, o decreto cria um novo regime \u201cextraordin\u00e1rio\u201d para investimentos nacionais e estrangeiros que gozariam de estabilidade jur\u00eddica e tribut\u00e1ria por at\u00e9 15 anos.<\/p>\n<p>O decreto assinado pelo presidente Rodrigo Paz tamb\u00e9m elimina restri\u00e7\u00f5es \u00e0s importa\u00e7\u00f5es e exporta\u00e7\u00f5es \u201ca fim de agilizar o com\u00e9rcio exterior\u201d.<\/p>\n<\/div>\n","protected":false},"excerpt":{"rendered":"<p>Por MRNews Menos de dois meses ap\u00f3s o in\u00edcio do mandato, o novo governo da Bol\u00edvia j\u00e1 enfrenta a primeira<\/p>\n","protected":false},"author":2,"featured_media":0,"comment_status":"","ping_status":"","sticky":false,"template":"","format":"standard","meta":{"colormag_page_container_layout":"default_layout","colormag_page_sidebar_layout":"default_layout","footnotes":""},"categories":[1],"tags":[],"class_list":["post-58512","post","type-post","status-publish","format-standard","hentry","category-ejornais"],"aioseo_notices":[],"aioseo_head":"\n\t\t<!-- All in One SEO 5.0.1.1 - aioseo.com -->\n\t<meta name=\"description\" content=\"Por MRNews Menos de dois meses ap\u00f3s o in\u00edcio do mandato, o novo governo da Bol\u00edvia j\u00e1 enfrenta a primeira onda de protestos e paralisa\u00e7\u00f5es convocados por sindicatos e movimentos sociais. As organiza\u00e7\u00f5es que lideram as manifesta\u00e7\u00f5es est\u00e3o desde o dia 22 de dezembro nas ruas pedindo a anula\u00e7\u00e3o do decreto presidencial que acabou com\" \/>\n\t<meta name=\"robots\" content=\"max-image-preview:large\" \/>\n\t<meta name=\"author\" content=\"admin1\"\/>\n\t<link rel=\"canonical\" href=\"https:\/\/ejornais.com.br\/index.php\/2026\/01\/03\/protestos-desafiam-governo-apos-aumento-de-combustiveis\/\" \/>\n\t<meta name=\"generator\" content=\"All in One SEO (AIOSEO) 5.0.1.1\" \/>\n\t\t<meta property=\"og:locale\" content=\"pt_BR\" \/>\n\t\t<meta property=\"og:site_name\" content=\"eJornais - Cat\u00e1logo de Jornais no mundo, Not\u00edcias, Blog e Esportes ao vivo\" \/>\n\t\t<meta property=\"og:type\" content=\"article\" \/>\n\t\t<meta property=\"og:title\" content=\"protestos desafiam governo ap\u00f3s aumento de combust\u00edveis - eJornais\" \/>\n\t\t<meta property=\"og:description\" content=\"Por MRNews Menos de dois meses ap\u00f3s o in\u00edcio do mandato, o novo governo da Bol\u00edvia j\u00e1 enfrenta a primeira onda de protestos e paralisa\u00e7\u00f5es convocados por sindicatos e movimentos sociais. As organiza\u00e7\u00f5es que lideram as manifesta\u00e7\u00f5es est\u00e3o desde o dia 22 de dezembro nas ruas pedindo a anula\u00e7\u00e3o do decreto presidencial que acabou com\" \/>\n\t\t<meta property=\"og:url\" content=\"https:\/\/ejornais.com.br\/index.php\/2026\/01\/03\/protestos-desafiam-governo-apos-aumento-de-combustiveis\/\" \/>\n\t\t<meta property=\"article:published_time\" content=\"2026-01-03T08:59:01+00:00\" \/>\n\t\t<meta property=\"article:modified_time\" content=\"2026-01-03T08:59:01+00:00\" \/>\n\t\t<meta name=\"twitter:card\" content=\"summary_large_image\" \/>\n\t\t<meta name=\"twitter:title\" content=\"protestos desafiam governo ap\u00f3s aumento de combust\u00edveis - eJornais\" \/>\n\t\t<meta name=\"twitter:description\" content=\"Por MRNews Menos de dois meses ap\u00f3s o in\u00edcio do mandato, o novo governo da Bol\u00edvia j\u00e1 enfrenta a primeira onda de protestos e paralisa\u00e7\u00f5es convocados por sindicatos e movimentos sociais. As organiza\u00e7\u00f5es que lideram as manifesta\u00e7\u00f5es est\u00e3o desde o dia 22 de dezembro nas ruas pedindo a anula\u00e7\u00e3o do decreto presidencial que acabou com\" \/>\n\t\t<script type=\"application\/ld+json\" class=\"aioseo-schema\">\n\t\t\t{\"@context\":\"https:\\\/\\\/schema.org\",\"@graph\":[{\"@type\":\"BlogPosting\",\"@id\":\"https:\\\/\\\/ejornais.com.br\\\/index.php\\\/2026\\\/01\\\/03\\\/protestos-desafiam-governo-apos-aumento-de-combustiveis\\\/#blogposting\",\"name\":\"protestos desafiam governo ap\\u00f3s aumento de combust\\u00edveis - eJornais\",\"headline\":\"protestos desafiam governo ap\\u00f3s aumento de combust\\u00edveis\",\"author\":{\"@id\":\"https:\\\/\\\/ejornais.com.br\\\/index.php\\\/author\\\/admin1\\\/#author\"},\"publisher\":{\"@id\":\"https:\\\/\\\/ejornais.com.br\\\/#organization\"},\"datePublished\":\"2026-01-03T05:59:01-03:00\",\"dateModified\":\"2026-01-03T05:59:01-03:00\",\"inLanguage\":\"pt-BR\",\"mainEntityOfPage\":{\"@id\":\"https:\\\/\\\/ejornais.com.br\\\/index.php\\\/2026\\\/01\\\/03\\\/protestos-desafiam-governo-apos-aumento-de-combustiveis\\\/#webpage\"},\"isPartOf\":{\"@id\":\"https:\\\/\\\/ejornais.com.br\\\/index.php\\\/2026\\\/01\\\/03\\\/protestos-desafiam-governo-apos-aumento-de-combustiveis\\\/#webpage\"},\"articleSection\":\"Cat\\u00e1logo de Jornais\"},{\"@type\":\"BreadcrumbList\",\"@id\":\"https:\\\/\\\/ejornais.com.br\\\/index.php\\\/2026\\\/01\\\/03\\\/protestos-desafiam-governo-apos-aumento-de-combustiveis\\\/#breadcrumblist\",\"itemListElement\":[{\"@type\":\"ListItem\",\"@id\":\"https:\\\/\\\/ejornais.com.br#listItem\",\"position\":1,\"name\":\"In\\u00edcio\",\"item\":\"https:\\\/\\\/ejornais.com.br\",\"nextItem\":{\"@type\":\"ListItem\",\"@id\":\"https:\\\/\\\/ejornais.com.br\\\/index.php\\\/category\\\/ejornais\\\/#listItem\",\"name\":\"Cat\\u00e1logo de Jornais\"}},{\"@type\":\"ListItem\",\"@id\":\"https:\\\/\\\/ejornais.com.br\\\/index.php\\\/category\\\/ejornais\\\/#listItem\",\"position\":2,\"name\":\"Cat\\u00e1logo de Jornais\",\"item\":\"https:\\\/\\\/ejornais.com.br\\\/index.php\\\/category\\\/ejornais\\\/\",\"nextItem\":{\"@type\":\"ListItem\",\"@id\":\"https:\\\/\\\/ejornais.com.br\\\/index.php\\\/2026\\\/01\\\/03\\\/protestos-desafiam-governo-apos-aumento-de-combustiveis\\\/#listItem\",\"name\":\"protestos desafiam governo ap\\u00f3s aumento de combust\\u00edveis\"},\"previousItem\":{\"@type\":\"ListItem\",\"@id\":\"https:\\\/\\\/ejornais.com.br#listItem\",\"name\":\"In\\u00edcio\"}},{\"@type\":\"ListItem\",\"@id\":\"https:\\\/\\\/ejornais.com.br\\\/index.php\\\/2026\\\/01\\\/03\\\/protestos-desafiam-governo-apos-aumento-de-combustiveis\\\/#listItem\",\"position\":3,\"name\":\"protestos desafiam governo ap\\u00f3s aumento de combust\\u00edveis\",\"previousItem\":{\"@type\":\"ListItem\",\"@id\":\"https:\\\/\\\/ejornais.com.br\\\/index.php\\\/category\\\/ejornais\\\/#listItem\",\"name\":\"Cat\\u00e1logo de Jornais\"}}]},{\"@type\":\"Organization\",\"@id\":\"https:\\\/\\\/ejornais.com.br\\\/#organization\",\"name\":\"eJornais\",\"description\":\"Cat\\u00e1logo de Jornais no mundo, Not\\u00edcias, Blog e Esportes ao vivo\",\"url\":\"https:\\\/\\\/ejornais.com.br\\\/\"},{\"@type\":\"Person\",\"@id\":\"https:\\\/\\\/ejornais.com.br\\\/index.php\\\/author\\\/admin1\\\/#author\",\"url\":\"https:\\\/\\\/ejornais.com.br\\\/index.php\\\/author\\\/admin1\\\/\",\"name\":\"admin1\",\"image\":{\"@type\":\"ImageObject\",\"@id\":\"https:\\\/\\\/ejornais.com.br\\\/index.php\\\/2026\\\/01\\\/03\\\/protestos-desafiam-governo-apos-aumento-de-combustiveis\\\/#authorImage\",\"url\":\"https:\\\/\\\/secure.gravatar.com\\\/avatar\\\/04084e6d73c042b8646e7c17b494073bf0ede3ea13c7105cfc45cbbbc28385a4?s=96&d=mm&r=g\",\"width\":96,\"height\":96,\"caption\":\"admin1\"}},{\"@type\":\"WebPage\",\"@id\":\"https:\\\/\\\/ejornais.com.br\\\/index.php\\\/2026\\\/01\\\/03\\\/protestos-desafiam-governo-apos-aumento-de-combustiveis\\\/#webpage\",\"url\":\"https:\\\/\\\/ejornais.com.br\\\/index.php\\\/2026\\\/01\\\/03\\\/protestos-desafiam-governo-apos-aumento-de-combustiveis\\\/\",\"name\":\"protestos desafiam governo ap\\u00f3s aumento de combust\\u00edveis - eJornais\",\"description\":\"Por MRNews Menos de dois meses ap\\u00f3s o in\\u00edcio do mandato, o novo governo da Bol\\u00edvia j\\u00e1 enfrenta a primeira onda de protestos e paralisa\\u00e7\\u00f5es convocados por sindicatos e movimentos sociais. As organiza\\u00e7\\u00f5es que lideram as manifesta\\u00e7\\u00f5es est\\u00e3o desde o dia 22 de dezembro nas ruas pedindo a anula\\u00e7\\u00e3o do decreto presidencial que acabou com\",\"inLanguage\":\"pt-BR\",\"isPartOf\":{\"@id\":\"https:\\\/\\\/ejornais.com.br\\\/#website\"},\"breadcrumb\":{\"@id\":\"https:\\\/\\\/ejornais.com.br\\\/index.php\\\/2026\\\/01\\\/03\\\/protestos-desafiam-governo-apos-aumento-de-combustiveis\\\/#breadcrumblist\"},\"author\":{\"@id\":\"https:\\\/\\\/ejornais.com.br\\\/index.php\\\/author\\\/admin1\\\/#author\"},\"creator\":{\"@id\":\"https:\\\/\\\/ejornais.com.br\\\/index.php\\\/author\\\/admin1\\\/#author\"},\"datePublished\":\"2026-01-03T05:59:01-03:00\",\"dateModified\":\"2026-01-03T05:59:01-03:00\"},{\"@type\":\"WebSite\",\"@id\":\"https:\\\/\\\/ejornais.com.br\\\/#website\",\"url\":\"https:\\\/\\\/ejornais.com.br\\\/\",\"name\":\"eJornais\",\"description\":\"Cat\\u00e1logo de Jornais no mundo, Not\\u00edcias, Blog e Esportes ao vivo\",\"inLanguage\":\"pt-BR\",\"publisher\":{\"@id\":\"https:\\\/\\\/ejornais.com.br\\\/#organization\"}}]}\n\t\t<\/script>\n\t\t<!-- All in One SEO -->\n\n","aioseo_head_json":{"title":"protestos desafiam governo ap\u00f3s aumento de combust\u00edveis - eJornais","description":"Por MRNews Menos de dois meses ap\u00f3s o in\u00edcio do mandato, o novo governo da Bol\u00edvia j\u00e1 enfrenta a primeira onda de protestos e paralisa\u00e7\u00f5es convocados por sindicatos e movimentos sociais. As organiza\u00e7\u00f5es que lideram as manifesta\u00e7\u00f5es est\u00e3o desde o dia 22 de dezembro nas ruas pedindo a anula\u00e7\u00e3o do decreto presidencial que acabou com","canonical_url":"https:\/\/ejornais.com.br\/index.php\/2026\/01\/03\/protestos-desafiam-governo-apos-aumento-de-combustiveis\/","robots":"max-image-preview:large","keywords":"","webmasterTools":{"miscellaneous":""},"schema":{"@context":"https:\/\/schema.org","@graph":[{"@type":"BlogPosting","@id":"https:\/\/ejornais.com.br\/index.php\/2026\/01\/03\/protestos-desafiam-governo-apos-aumento-de-combustiveis\/#blogposting","name":"protestos desafiam governo ap\u00f3s aumento de combust\u00edveis - eJornais","headline":"protestos desafiam governo ap\u00f3s aumento de combust\u00edveis","author":{"@id":"https:\/\/ejornais.com.br\/index.php\/author\/admin1\/#author"},"publisher":{"@id":"https:\/\/ejornais.com.br\/#organization"},"datePublished":"2026-01-03T05:59:01-03:00","dateModified":"2026-01-03T05:59:01-03:00","inLanguage":"pt-BR","mainEntityOfPage":{"@id":"https:\/\/ejornais.com.br\/index.php\/2026\/01\/03\/protestos-desafiam-governo-apos-aumento-de-combustiveis\/#webpage"},"isPartOf":{"@id":"https:\/\/ejornais.com.br\/index.php\/2026\/01\/03\/protestos-desafiam-governo-apos-aumento-de-combustiveis\/#webpage"},"articleSection":"Cat\u00e1logo de Jornais"},{"@type":"BreadcrumbList","@id":"https:\/\/ejornais.com.br\/index.php\/2026\/01\/03\/protestos-desafiam-governo-apos-aumento-de-combustiveis\/#breadcrumblist","itemListElement":[{"@type":"ListItem","@id":"https:\/\/ejornais.com.br#listItem","position":1,"name":"In\u00edcio","item":"https:\/\/ejornais.com.br","nextItem":{"@type":"ListItem","@id":"https:\/\/ejornais.com.br\/index.php\/category\/ejornais\/#listItem","name":"Cat\u00e1logo de Jornais"}},{"@type":"ListItem","@id":"https:\/\/ejornais.com.br\/index.php\/category\/ejornais\/#listItem","position":2,"name":"Cat\u00e1logo de Jornais","item":"https:\/\/ejornais.com.br\/index.php\/category\/ejornais\/","nextItem":{"@type":"ListItem","@id":"https:\/\/ejornais.com.br\/index.php\/2026\/01\/03\/protestos-desafiam-governo-apos-aumento-de-combustiveis\/#listItem","name":"protestos desafiam governo ap\u00f3s aumento de combust\u00edveis"},"previousItem":{"@type":"ListItem","@id":"https:\/\/ejornais.com.br#listItem","name":"In\u00edcio"}},{"@type":"ListItem","@id":"https:\/\/ejornais.com.br\/index.php\/2026\/01\/03\/protestos-desafiam-governo-apos-aumento-de-combustiveis\/#listItem","position":3,"name":"protestos desafiam governo ap\u00f3s aumento de combust\u00edveis","previousItem":{"@type":"ListItem","@id":"https:\/\/ejornais.com.br\/index.php\/category\/ejornais\/#listItem","name":"Cat\u00e1logo de Jornais"}}]},{"@type":"Organization","@id":"https:\/\/ejornais.com.br\/#organization","name":"eJornais","description":"Cat\u00e1logo de Jornais no mundo, Not\u00edcias, Blog e Esportes ao vivo","url":"https:\/\/ejornais.com.br\/"},{"@type":"Person","@id":"https:\/\/ejornais.com.br\/index.php\/author\/admin1\/#author","url":"https:\/\/ejornais.com.br\/index.php\/author\/admin1\/","name":"admin1","image":{"@type":"ImageObject","@id":"https:\/\/ejornais.com.br\/index.php\/2026\/01\/03\/protestos-desafiam-governo-apos-aumento-de-combustiveis\/#authorImage","url":"https:\/\/secure.gravatar.com\/avatar\/04084e6d73c042b8646e7c17b494073bf0ede3ea13c7105cfc45cbbbc28385a4?s=96&d=mm&r=g","width":96,"height":96,"caption":"admin1"}},{"@type":"WebPage","@id":"https:\/\/ejornais.com.br\/index.php\/2026\/01\/03\/protestos-desafiam-governo-apos-aumento-de-combustiveis\/#webpage","url":"https:\/\/ejornais.com.br\/index.php\/2026\/01\/03\/protestos-desafiam-governo-apos-aumento-de-combustiveis\/","name":"protestos desafiam governo ap\u00f3s aumento de combust\u00edveis - eJornais","description":"Por MRNews Menos de dois meses ap\u00f3s o in\u00edcio do mandato, o novo governo da Bol\u00edvia j\u00e1 enfrenta a primeira onda de protestos e paralisa\u00e7\u00f5es convocados por sindicatos e movimentos sociais. As organiza\u00e7\u00f5es que lideram as manifesta\u00e7\u00f5es est\u00e3o desde o dia 22 de dezembro nas ruas pedindo a anula\u00e7\u00e3o do decreto presidencial que acabou com","inLanguage":"pt-BR","isPartOf":{"@id":"https:\/\/ejornais.com.br\/#website"},"breadcrumb":{"@id":"https:\/\/ejornais.com.br\/index.php\/2026\/01\/03\/protestos-desafiam-governo-apos-aumento-de-combustiveis\/#breadcrumblist"},"author":{"@id":"https:\/\/ejornais.com.br\/index.php\/author\/admin1\/#author"},"creator":{"@id":"https:\/\/ejornais.com.br\/index.php\/author\/admin1\/#author"},"datePublished":"2026-01-03T05:59:01-03:00","dateModified":"2026-01-03T05:59:01-03:00"},{"@type":"WebSite","@id":"https:\/\/ejornais.com.br\/#website","url":"https:\/\/ejornais.com.br\/","name":"eJornais","description":"Cat\u00e1logo de Jornais no mundo, Not\u00edcias, Blog e Esportes ao vivo","inLanguage":"pt-BR","publisher":{"@id":"https:\/\/ejornais.com.br\/#organization"}}]},"og:locale":"pt_BR","og:site_name":"eJornais - Cat\u00e1logo de Jornais no mundo, Not\u00edcias, Blog e Esportes ao vivo","og:type":"article","og:title":"protestos desafiam governo ap\u00f3s aumento de combust\u00edveis - eJornais","og:description":"Por MRNews Menos de dois meses ap\u00f3s o in\u00edcio do mandato, o novo governo da Bol\u00edvia j\u00e1 enfrenta a primeira onda de protestos e paralisa\u00e7\u00f5es convocados por sindicatos e movimentos sociais. As organiza\u00e7\u00f5es que lideram as manifesta\u00e7\u00f5es est\u00e3o desde o dia 22 de dezembro nas ruas pedindo a anula\u00e7\u00e3o do decreto presidencial que acabou com","og:url":"https:\/\/ejornais.com.br\/index.php\/2026\/01\/03\/protestos-desafiam-governo-apos-aumento-de-combustiveis\/","article:published_time":"2026-01-03T08:59:01+00:00","article:modified_time":"2026-01-03T08:59:01+00:00","twitter:card":"summary_large_image","twitter:title":"protestos desafiam governo ap\u00f3s aumento de combust\u00edveis - eJornais","twitter:description":"Por MRNews Menos de dois meses ap\u00f3s o in\u00edcio do mandato, o novo governo da Bol\u00edvia j\u00e1 enfrenta a primeira onda de protestos e paralisa\u00e7\u00f5es convocados por sindicatos e movimentos sociais. As organiza\u00e7\u00f5es que lideram as manifesta\u00e7\u00f5es est\u00e3o desde o dia 22 de dezembro nas ruas pedindo a anula\u00e7\u00e3o do decreto presidencial que acabou com"},"aioseo_meta_data":{"post_id":"58512","title":null,"description":null,"keywords":null,"keyphrases":null,"primary_term":null,"canonical_url":null,"og_title":null,"og_description":null,"og_object_type":"default","og_image_type":"default","og_image_url":null,"og_image_width":null,"og_image_height":null,"og_image_custom_url":null,"og_image_custom_fields":null,"og_video":null,"og_custom_url":null,"og_article_section":null,"og_article_tags":null,"twitter_use_og":false,"twitter_card":"default","twitter_image_type":"default","twitter_image_url":null,"twitter_image_custom_url":null,"twitter_image_custom_fields":null,"twitter_title":null,"twitter_description":null,"schema":{"blockGraphs":[],"customGraphs":[],"default":{"data":{"Article":[],"Course":[],"Dataset":[],"FAQPage":[],"Movie":[],"Person":[],"Product":[],"ProductReview":[],"Car":[],"Recipe":[],"Service":[],"SoftwareApplication":[],"WebPage":[]},"graphName":"","isEnabled":true},"graphs":[]},"schema_type":"default","schema_type_options":null,"pillar_content":false,"robots_default":true,"robots_noindex":false,"robots_noarchive":false,"robots_nosnippet":false,"robots_nofollow":false,"robots_noimageindex":false,"robots_noodp":false,"robots_notranslate":false,"robots_max_snippet":null,"robots_max_videopreview":null,"robots_max_imagepreview":"large","priority":null,"frequency":null,"local_seo":null,"breadcrumb_settings":null,"limit_modified_date":false,"ai":null,"created":"2026-01-03 09:10:45","updated":"2026-01-03 09:10:45","seo_analyzer_scan_date":null,"focus_keyword":null,"additional_keywords":null,"truseo_locale":null},"aioseo_breadcrumb":"<div class=\"aioseo-breadcrumbs\"><span class=\"aioseo-breadcrumb\">\n\t\t\t<a href=\"https:\/\/ejornais.com.br\" title=\"In\u00edcio\">In\u00edcio<\/a>\n\t\t<\/span><span class=\"aioseo-breadcrumb-separator\">&raquo;<\/span><span class=\"aioseo-breadcrumb\">\n\t\t\t<a href=\"https:\/\/ejornais.com.br\/index.php\/category\/ejornais\/\" title=\"Cat\u00e1logo de Jornais\">Cat\u00e1logo de Jornais<\/a>\n\t\t<\/span><span class=\"aioseo-breadcrumb-separator\">&raquo;<\/span><span class=\"aioseo-breadcrumb\">\n\t\t\tprotestos desafiam governo ap\u00f3s aumento de combust\u00edveis\n\t\t<\/span><\/div>","aioseo_breadcrumb_json":[{"label":"In\u00edcio","link":"https:\/\/ejornais.com.br"},{"label":"Cat\u00e1logo de Jornais","link":"https:\/\/ejornais.com.br\/index.php\/category\/ejornais\/"},{"label":"protestos desafiam governo ap\u00f3s aumento de combust\u00edveis","link":"https:\/\/ejornais.com.br\/index.php\/2026\/01\/03\/protestos-desafiam-governo-apos-aumento-de-combustiveis\/"}],"amp_enabled":true,"_links":{"self":[{"href":"https:\/\/ejornais.com.br\/index.php\/wp-json\/wp\/v2\/posts\/58512","targetHints":{"allow":["GET"]}}],"collection":[{"href":"https:\/\/ejornais.com.br\/index.php\/wp-json\/wp\/v2\/posts"}],"about":[{"href":"https:\/\/ejornais.com.br\/index.php\/wp-json\/wp\/v2\/types\/post"}],"author":[{"embeddable":true,"href":"https:\/\/ejornais.com.br\/index.php\/wp-json\/wp\/v2\/users\/2"}],"replies":[{"embeddable":true,"href":"https:\/\/ejornais.com.br\/index.php\/wp-json\/wp\/v2\/comments?post=58512"}],"version-history":[{"count":0,"href":"https:\/\/ejornais.com.br\/index.php\/wp-json\/wp\/v2\/posts\/58512\/revisions"}],"wp:attachment":[{"href":"https:\/\/ejornais.com.br\/index.php\/wp-json\/wp\/v2\/media?parent=58512"}],"wp:term":[{"taxonomy":"category","embeddable":true,"href":"https:\/\/ejornais.com.br\/index.php\/wp-json\/wp\/v2\/categories?post=58512"},{"taxonomy":"post_tag","embeddable":true,"href":"https:\/\/ejornais.com.br\/index.php\/wp-json\/wp\/v2\/tags?post=58512"}],"curies":[{"name":"wp","href":"https:\/\/api.w.org\/{rel}","templated":true}]}}