{"id":58551,"date":"2026-01-04T11:42:00","date_gmt":"2026-01-04T14:42:00","guid":{"rendered":"https:\/\/ejornais.com.br\/index.php\/2026\/01\/04\/conselho-de-veterinaria-alerta-para-doenca-que-afeta-gatos\/"},"modified":"2026-01-04T11:42:00","modified_gmt":"2026-01-04T14:42:00","slug":"conselho-de-veterinaria-alerta-para-doenca-que-afeta-gatos","status":"publish","type":"post","link":"https:\/\/ejornais.com.br\/index.php\/2026\/01\/04\/conselho-de-veterinaria-alerta-para-doenca-que-afeta-gatos\/","title":{"rendered":"Conselho de Veterin\u00e1ria alerta para doen\u00e7a que afeta gatos"},"content":{"rendered":"<p> Por MRNews<br \/>\n<\/p>\n<div wp_automatic_readability=\"77.028628329599\">\n<p><strong>O Conselho Regional de Medicina Veterin\u00e1ria do Estado de S\u00e3o Paulo alerta para o aumento de casos de esporotricose animal na cidade. A\u00a0doen\u00e7a causada por fungos do g\u00eanero Sporothrix\u00a0\u00e9 considerada preocupante e \u201cj\u00e1 representa um impacto significativo na sa\u00fade animal e humana\u201d.<\/strong>\u00a0<\/p>\n<p>Os fungos afetam principalmente os gatos, pois s\u00e3o bem adaptados \u00e0 temperatura corporal da esp\u00e9cie, considerada chave para a cadeia de transmiss\u00e3o. <strong>A esporotricose \u00e9 um risco para animais soltos, sendo considerada como \u201cum dos principais desafios sanit\u00e1rios urbanos relacionados a zoonoses no Brasil\u201d, informa o conselho, que editou norma t\u00e9cnica para os profissionais paulistas.\u00a0<\/strong><\/p>\n<blockquote wp_automatic_readability=\"18.107936507937\">\n<p>\u201cOs gatos\u00a0contraem a doen\u00e7a por inocula\u00e7\u00e3o traum\u00e1tica, seja pelo contato com solo \u2013 ao cavar \u2013 com espinhos, lascas de madeira ou mat\u00e9ria org\u00e2nica contaminados, seja pelo contato direto com outros animais doentes, principalmente durante brigas, arranh\u00f5es e mordeduras, ou, ainda, pelo contato com secre\u00e7\u00f5es de les\u00f5es cut\u00e2neas, considerada a principal via de contamina\u00e7\u00e3o\u201d, informa a coordenadora t\u00e9cnica m\u00e9dica-veterin\u00e1ria do conselho, Carla Maria Figueiredo de Carvalho.<\/p>\n<p><strong><a href=\"https:\/\/mrnews.com.br\/index.php\/2026\/01\/04\/ataque-dos-eua-demonstra-ofensiva-para-fortalecer-a-extrema-direita\/\">Ataque dos EUA demonstra ofensiva para fortalecer a extrema-direita<\/a><\/strong><\/p>\n<p><strong><a href=\"https:\/\/mrnews.com.br\/index.php\/2026\/01\/04\/brasil-no-mundo-faz-programa-especial-sobre-venezuela-neste-domingo\/\">Brasil no Mundo faz programa especial sobre Venezuela neste domingo<\/a><\/strong><\/p>\n<\/blockquote>\n<p><strong>A doen\u00e7a \u00e9 observada em todas as regi\u00f5es do pa\u00eds, com maior incid\u00eancia nos estados do Sul e Sudeste. H\u00e1 transmiss\u00e3o entre animais dom\u00e9sticos e selvagens e com transmiss\u00e3o de cerca de mil casos por ano para humanos, e tem avan\u00e7ado continuamente desde 2011 em territ\u00f3rio paulista, se espalhando por munic\u00edpios da Regi\u00e3o Metropolitana e do litoral<\/strong>.<\/p>\n<p>Entre 2022 e 2023, o n\u00famero de casos confirmados de esporotricose animal no estado aumentou de 2.417 para 3.309.<\/p>\n<blockquote wp_automatic_readability=\"10\">\n<p>\u201cApesar desse crescimento, a notifica\u00e7\u00e3o da doen\u00e7a em animais ainda n\u00e3o \u00e9 obrigat\u00f3ria na maior parte do territ\u00f3rio paulista, o que dificulta a mensura\u00e7\u00e3o real do problema e o planejamento de estrat\u00e9gias eficazes de controle\u201d, explica a nota do conselho.<\/p>\n<\/blockquote>\n<p><strong>Com o aumento de casos a variante humana da doen\u00e7a passou a ter notifica\u00e7\u00e3o compuls\u00f3ria desde o primeiro semestre de 2025, mas suas variantes zoon\u00f3ticas n\u00e3o o tem<\/strong>. O Projeto de Lei n\u02da 707\/2025,\u00a0que tramita na Assembl\u00e9ia Legislativa do estado,\u00a0prop\u00f5e tornar obrigat\u00f3ria a notifica\u00e7\u00e3o de todos os casos suspeitos e confirmados de esporotricose em humanos e animais aos servi\u00e7os de vigil\u00e2ncia epidemiol\u00f3gica estadual. Hoje h\u00e1 orienta\u00e7\u00e3o para que casos em animais sejam notificados.<\/p>\n<p><strong><a href=\"https:\/\/mrnews.com.br\/index.php\/2026\/01\/04\/carnaval-nao-oficial-abre-pre-folia-neste-domingo-no-rio\/\">Carnaval n\u00e3o oficial abre pr\u00e9-folia neste domingo no Rio<\/a><\/strong><\/p>\n<p><strong><a href=\"https:\/\/mrnews.com.br\/index.php\/2026\/01\/03\/tv-brasil-exibe-show-em-homenagem-a-gal-costa-neste-sabado\/\">TV Brasil exibe show em homenagem a Gal Costa neste s\u00e1bado<\/a><\/strong><\/p>\n<p><strong>O Conselho Regional de Medicina Veterin\u00e1ria do Estado de S\u00e3o Paulo alerta que os sintomas da esporotricose em humanos podem surgir entre poucos dias e at\u00e9 tr\u00eas meses ap\u00f3s a infec\u00e7\u00e3o<\/strong>.<\/p>\n<blockquote wp_automatic_readability=\"18\">\n<p>\u201cGeralmente, a doen\u00e7a se manifesta inicialmente como um pequeno n\u00f3dulo indolor que, com o tempo, pode aumentar de tamanho e evoluir para uma ferida aberta. As formas cl\u00ednicas da esporotricose humana dependem do estado imunol\u00f3gico do paciente e da profundidade das les\u00f5es, podendo se apresentar de forma cut\u00e2nea, atingindo a pele, o tecido subcut\u00e2neo e o sistema linf\u00e1tico, ou de forma extracut\u00e2nea, com dissemina\u00e7\u00e3o para \u00f3rg\u00e3os como pulm\u00f5es, ossos e articula\u00e7\u00f5es\u201d, explica Carla Maria.<\/p>\n<\/blockquote>\n<p><strong>O atendimento m\u00e9dico deve ser procurado logo que surjam os primeiros sintomas. Quando n\u00e3o tratada adequadamente, a esporotricose pode evoluir para feridas extensas e forma\u00e7\u00e3o de n\u00f3dulos, e pode se disseminar para al\u00e9m da pele em pessoas com imunossupress\u00e3o, atingindo pulom\u00f5es, ossos e articula\u00e7\u00f5es.<\/strong><\/p>\n<p>O conselho tamb\u00e9m alerta para a import\u00e2ncia de tratar animais doentes e evitar seu abandono, quebrando a cadeia de infec\u00e7\u00f5es. Gatos com sinais suspeitos devem ser avaliados por m\u00e9dico-veterin\u00e1rio e, sempre que poss\u00edvel, submetidos a exames laboratoriais para confirmar o diagn\u00f3stico.\u00a0<\/p>\n<\/div>\n","protected":false},"excerpt":{"rendered":"<p>Por MRNews O Conselho Regional de Medicina Veterin\u00e1ria do Estado de S\u00e3o Paulo alerta para o aumento de casos de<\/p>\n","protected":false},"author":2,"featured_media":0,"comment_status":"","ping_status":"","sticky":false,"template":"","format":"standard","meta":{"colormag_page_container_layout":"default_layout","colormag_page_sidebar_layout":"default_layout","footnotes":""},"categories":[1],"tags":[],"class_list":["post-58551","post","type-post","status-publish","format-standard","hentry","category-ejornais"],"aioseo_notices":[],"amp_enabled":true,"_links":{"self":[{"href":"https:\/\/ejornais.com.br\/index.php\/wp-json\/wp\/v2\/posts\/58551","targetHints":{"allow":["GET"]}}],"collection":[{"href":"https:\/\/ejornais.com.br\/index.php\/wp-json\/wp\/v2\/posts"}],"about":[{"href":"https:\/\/ejornais.com.br\/index.php\/wp-json\/wp\/v2\/types\/post"}],"author":[{"embeddable":true,"href":"https:\/\/ejornais.com.br\/index.php\/wp-json\/wp\/v2\/users\/2"}],"replies":[{"embeddable":true,"href":"https:\/\/ejornais.com.br\/index.php\/wp-json\/wp\/v2\/comments?post=58551"}],"version-history":[{"count":0,"href":"https:\/\/ejornais.com.br\/index.php\/wp-json\/wp\/v2\/posts\/58551\/revisions"}],"wp:attachment":[{"href":"https:\/\/ejornais.com.br\/index.php\/wp-json\/wp\/v2\/media?parent=58551"}],"wp:term":[{"taxonomy":"category","embeddable":true,"href":"https:\/\/ejornais.com.br\/index.php\/wp-json\/wp\/v2\/categories?post=58551"},{"taxonomy":"post_tag","embeddable":true,"href":"https:\/\/ejornais.com.br\/index.php\/wp-json\/wp\/v2\/tags?post=58551"}],"curies":[{"name":"wp","href":"https:\/\/api.w.org\/{rel}","templated":true}]}}