{"id":58598,"date":"2026-01-05T15:26:01","date_gmt":"2026-01-05T18:26:01","guid":{"rendered":"https:\/\/ejornais.com.br\/index.php\/2026\/01\/05\/cppd-divulga-relatorio-de-atividades-realizadas-em-2025-ifsp\/"},"modified":"2026-01-05T15:26:01","modified_gmt":"2026-01-05T18:26:01","slug":"cppd-divulga-relatorio-de-atividades-realizadas-em-2025-ifsp","status":"publish","type":"post","link":"https:\/\/ejornais.com.br\/index.php\/2026\/01\/05\/cppd-divulga-relatorio-de-atividades-realizadas-em-2025-ifsp\/","title":{"rendered":"CPPD divulga relat\u00f3rio de atividades realizadas em 2025\u00a0 &#8211; IFSP"},"content":{"rendered":"<p><\/p>\n<div>\n<div class=\"subtitle\">\n<p><span data-contrast=\"auto\">Comiss\u00e3o Permanente de Pessoal Docente\u00a0registrou\u00a0volume\u00a0excepcional\u00a0de trabalho<\/span><span data-ccp-props=\"{}\">\u00a0durante o \u00faltimo ano<\/span><\/p>\n<\/div>\n<p><!-- fim .content-header-options-1 --><\/p>\n<p><span data-contrast=\"auto\">A\u00a0Comiss\u00e3o Permanente de Pessoal Docente (CPPD) do IFSP\u00a0divulga o relat\u00f3rio com atividades desempenhadas pelo grupo\u00a0ao longo de 2025, ano marcado por transforma\u00e7\u00f5es significativas na carreira docente federal e por demandas\u00a0excepcionais\u00a0de trabalho.\u00a0<\/span><span data-ccp-props=\"{}\">\u00a0<\/span><\/p>\n<p><span data-contrast=\"auto\">A CPPD atua como inst\u00e2ncia deliberativa respons\u00e1vel pela an\u00e1lise e homologa\u00e7\u00e3o de processos relacionados \u00e0 carreira docente, incluindo promo\u00e7\u00f5es \u00e0 classe de Professor Titular, afastamentos remunerados para programas de p\u00f3s-gradua\u00e7\u00e3o\u00a0stricto\u00a0sensu, e reconhecimento de saberes e compet\u00eancias (RSC).<\/span><span data-ccp-props=\"{}\">\u00a0<\/span><\/p>\n<p><span data-contrast=\"auto\">Segundo o relat\u00f3rio, o\u00a0ano de 2025 consolidou-se como um marco na trajet\u00f3ria da\u00a0comiss\u00e3o\u00a0do\u00a0IFSP,\u00a0caracterizado por\u00a0um\u00a0volume\u00a0excepcional\u00a0de trabalho, adapta\u00e7\u00f5es estruturais significativas e compromisso com a qualidade dos processos de avalia\u00e7\u00e3o e desenvolvimento docente.\u00a0<\/span><span data-ccp-props=\"{}\">\u00a0<\/span><\/p>\n<p><span data-contrast=\"auto\">Entre as\u00a0<\/span><b><span data-contrast=\"auto\">principais\u00a0realiza\u00e7\u00f5es\u00a0pelo grupo em\u00a02025<\/span><\/b><span data-contrast=\"auto\">, destacam-se\u00a0108 processos de Professor Titular analisados,\u00a0o\u00a0que reflete a maturidade institucional e a qualidade do corpo docente;\u00a089 afastamentos para qualifica\u00e7\u00e3o homologados,\u00a0investimento estrat\u00e9gico em excel\u00eancia acad\u00eamica, com destaque para 47 p\u00f3s-doutorados;\u00a0101 processos RSC avaliados e 49 portarias publicadas, apontando a\u00a0manuten\u00e7\u00e3o de via alternativa e inclusiva de progress\u00e3o na carreira; a implementa\u00e7\u00e3o consolidada do novo plano de carreira, demonstrando\u00a0transi\u00e7\u00e3o complexa gerida com efici\u00eancia, transpar\u00eancia e orienta\u00e7\u00e3o aos servidores; e aperfei\u00e7oamento de diretrizes processuais,\u00a0de acordo com\u00a0as orienta\u00e7\u00f5es da presid\u00eancia, as quais\u00a0elevam padr\u00e3o de qualidade e reduzem inconsist\u00eancias.\u00a0<\/span><span data-ccp-props=\"{}\">\u00a0<\/span><\/p>\n<p><span data-contrast=\"auto\">Os dados consolidados\u00a0refletem, segundo o documento,\u00a0n\u00e3o apenas n\u00fameros, mas trajet\u00f3rias profissionais, investimentos institucionais e compromisso com a excel\u00eancia acad\u00eamica.<\/span><span data-ccp-props=\"{}\">\u00a0<\/span><\/p>\n<p><span data-contrast=\"auto\">Confira aqui o Relat\u00f3rio CPPD 2025 na \u00edntegra.\u00a0<\/span><span data-ccp-props=\"{}\">\u00a0<\/span><\/p>\n<\/div>\n","protected":false},"excerpt":{"rendered":"<p>Comiss\u00e3o Permanente de Pessoal Docente\u00a0registrou\u00a0volume\u00a0excepcional\u00a0de trabalho\u00a0durante o \u00faltimo ano A\u00a0Comiss\u00e3o Permanente de Pessoal Docente (CPPD) do IFSP\u00a0divulga o relat\u00f3rio com<\/p>\n","protected":false},"author":2,"featured_media":0,"comment_status":"","ping_status":"","sticky":false,"template":"","format":"standard","meta":{"colormag_page_container_layout":"default_layout","colormag_page_sidebar_layout":"default_layout","footnotes":""},"categories":[1],"tags":[],"class_list":["post-58598","post","type-post","status-publish","format-standard","hentry","category-ejornais"],"aioseo_notices":[],"amp_enabled":true,"_links":{"self":[{"href":"https:\/\/ejornais.com.br\/index.php\/wp-json\/wp\/v2\/posts\/58598","targetHints":{"allow":["GET"]}}],"collection":[{"href":"https:\/\/ejornais.com.br\/index.php\/wp-json\/wp\/v2\/posts"}],"about":[{"href":"https:\/\/ejornais.com.br\/index.php\/wp-json\/wp\/v2\/types\/post"}],"author":[{"embeddable":true,"href":"https:\/\/ejornais.com.br\/index.php\/wp-json\/wp\/v2\/users\/2"}],"replies":[{"embeddable":true,"href":"https:\/\/ejornais.com.br\/index.php\/wp-json\/wp\/v2\/comments?post=58598"}],"version-history":[{"count":0,"href":"https:\/\/ejornais.com.br\/index.php\/wp-json\/wp\/v2\/posts\/58598\/revisions"}],"wp:attachment":[{"href":"https:\/\/ejornais.com.br\/index.php\/wp-json\/wp\/v2\/media?parent=58598"}],"wp:term":[{"taxonomy":"category","embeddable":true,"href":"https:\/\/ejornais.com.br\/index.php\/wp-json\/wp\/v2\/categories?post=58598"},{"taxonomy":"post_tag","embeddable":true,"href":"https:\/\/ejornais.com.br\/index.php\/wp-json\/wp\/v2\/tags?post=58598"}],"curies":[{"name":"wp","href":"https:\/\/api.w.org\/{rel}","templated":true}]}}