{"id":58602,"date":"2026-01-05T17:25:00","date_gmt":"2026-01-05T20:25:00","guid":{"rendered":"https:\/\/ejornais.com.br\/index.php\/2026\/01\/05\/em-fala-na-onu-estados-unidos-nega-guerra-e-ocupacao-da-venezuela\/"},"modified":"2026-01-05T17:25:00","modified_gmt":"2026-01-05T20:25:00","slug":"em-fala-na-onu-estados-unidos-nega-guerra-e-ocupacao-da-venezuela","status":"publish","type":"post","link":"https:\/\/ejornais.com.br\/index.php\/2026\/01\/05\/em-fala-na-onu-estados-unidos-nega-guerra-e-ocupacao-da-venezuela\/","title":{"rendered":"Em fala na ONU, Estados Unidos nega guerra e ocupa\u00e7\u00e3o da Venezuela"},"content":{"rendered":"<p> Por MRNews<br \/>\n<\/p>\n<div wp_automatic_readability=\"77.863397548161\">\n<p>Os Estados Unidos negaram nesta segunda-feira (5) estar em guerra ou ocupar a Venezuela ao justificar, na reuni\u00e3o de emerg\u00eancia do Conselho de Seguran\u00e7a das Na\u00e7\u00f5es Unidas (ONU), a opera\u00e7\u00e3o que resultou no sequestro do presidente venezuelano\u00a0Nicol\u00e1s Maduro no \u00faltimo s\u00e1bado (3), em Caracas.<\/p>\n<p>O representante dos EUA na ONU, o embaixador Michael Waltz, disse que a a\u00e7\u00e3o em territ\u00f3rio venezuelano teve car\u00e1ter jur\u00eddico e n\u00e3o militar. <strong>Na ret\u00f3rica estadunidense, houve \u201caplica\u00e7\u00e3o da lei, facilitada pelas For\u00e7as Armadas\u201d.<\/strong><\/p>\n<blockquote wp_automatic_readability=\"7.5771428571429\">\n<p>\u201cN\u00e3o h\u00e1 guerra contra a Venezuela nem contra o seu povo. N\u00e3o estamos ocupando um pa\u00eds. Tratou-se de uma opera\u00e7\u00e3o de aplica\u00e7\u00e3o da lei em cumprimento de acusa\u00e7\u00f5es legais que existem h\u00e1 d\u00e9cadas\u201d, disse Waltz.<\/p>\n<p><strong><a href=\"https:\/\/mrnews.com.br\/index.php\/2026\/01\/05\/governo-venezuelano-manda-prender-envolvidos-no-sequestro-de-maduro\/\">Governo venezuelano manda prender envolvidos no sequestro de Maduro<\/a><\/strong><\/p>\n<p><strong><a href=\"https:\/\/mrnews.com.br\/index.php\/2026\/01\/05\/relator-do-caso-banco-master-no-tcu-determina-inspecao-do-bc\/\">Relator do caso Banco Master no TCU determina inspe\u00e7\u00e3o do BC<\/a><\/strong><\/p>\n<\/blockquote>\n<p>\u201cOs Estados Unidos prenderam um narcotraficante que agora responder\u00e1 a julgamento nos Estados Unidos, de acordo com o Estado de Direito, pelos crimes que cometeu contra o nosso povo ao longo de 15 anos\u201d, complementou.<\/p>\n<p>Nicol\u00e1s Maduro e a mulher, Cilia Flores, foram acusados de serem fugitivos da Justi\u00e7a dos EUA. O l\u00edder venezuelano \u00e9 descrito como chefe de uma organiza\u00e7\u00e3o criminosa envolvida no tr\u00e1fico internacional de drogas e armas, chamada pelos EUA de \u201cCartel de los Soles\u201d.<\/p>\n<p><strong>Organiza\u00e7\u00f5es como a International Crisis Group dizem que o Cartel de los Soles n\u00e3o existe e que a narrativa \u00e9 usada como estrat\u00e9gia dos EUA para intervir na Venezuela.<\/strong> Segundo o embaixador estadunidense \u201cprovas esmagadoras de seus crimes ser\u00e3o apresentadas abertamente nos processos judiciais\u201d.<\/p>\n<p>Na ONU, Waltz comparou o sequestro de Maduro ao de Manuel Noriega, no Panam\u00e1, em 1989. Levado para os Estados Unidos, Noriega foi condenado por um tribunal e cumpriu pris\u00e3o tanto no pa\u00eds quanto no Panam\u00e1.<\/p>\n<p><strong><a href=\"https:\/\/mrnews.com.br\/index.php\/2026\/01\/05\/producao-de-petroleo-e-gas-atinge-4921-milhoes-de-barris-em-novembro\/\">Produ\u00e7\u00e3o de petr\u00f3leo e g\u00e1s atinge 4,921 milh\u00f5es de barris em novembro<\/a><\/strong><\/p>\n<p><strong><a href=\"https:\/\/mrnews.com.br\/index.php\/2026\/01\/05\/concurso-da-camara-dos-deputados-esta-com-inscricoes-abertas\/\">Concurso da C\u00e2mara\u00a0dos Deputados est\u00e1 com inscri\u00e7\u00f5es abertas<\/a><\/strong><\/p>\n<p><strong>Durante o discurso, Waltz disse que Maduro n\u00e3o \u00e9 reconhecido como chefe de Estado leg\u00edtimo. Ele citou que mais de 50 pa\u00edses rejeitam o resultado das elei\u00e7\u00f5es de 2024, tamb\u00e9m consideradas fraudulentas por um painel de especialistas da ONU.<\/strong><\/p>\n<p>\u201cSe as Na\u00e7\u00f5es Unidas conferirem legitimidade a um narcoterrorista ileg\u00edtimo e lhe derem o mesmo tratamento previsto nesta Carta que a um presidente democraticamente eleito ou chefe de Estado, que tipo de organiza\u00e7\u00e3o \u00e9 essa?\u201d, questionou o embaixador.<\/p>\n<p>O representante estadunidense disse ainda que Maduro \u201ctornou-se incrivelmente rico\u201d \u00e0s custas do povo e favoreceu a a\u00e7\u00e3o de inimigos dos Estados Unidos em territ\u00f3rio venezuelano.<\/p>\n<blockquote wp_automatic_readability=\"13\">\n<p>\u201cEste \u00e9 o Hemisf\u00e9rio Ocidental. \u00c9 onde vivemos e n\u00e3o vamos permitir que seja usado como base de opera\u00e7\u00f5es por advers\u00e1rios, concorrentes e rivais dos Estados Unidos. N\u00e3o se pode transformar a Venezuela em um centro operacional do Ir\u00e3, do Hezbollah, de gangues, de agentes de intelig\u00eancia cubanos e de outros atores malignos que controlam aquele pa\u00eds\u201d, disse Waltz.<\/p>\n<\/blockquote>\n<p>\u201cN\u00e3o se pode continuar tendo as maiores reservas de energia do mundo sob o controle de advers\u00e1rios dos Estados Unidos, sob l\u00edderes ileg\u00edtimos, sem beneficiar o povo da Venezuela, e sendo roubadas por um punhado de oligarcas dentro do pa\u00eds\u201d, complementou.<\/p>\n<p>\u00a0<\/p>\n<\/div>\n","protected":false},"excerpt":{"rendered":"<p>Por MRNews Os Estados Unidos negaram nesta segunda-feira (5) estar em guerra ou ocupar a Venezuela ao justificar, na reuni\u00e3o<\/p>\n","protected":false},"author":2,"featured_media":0,"comment_status":"","ping_status":"","sticky":false,"template":"","format":"standard","meta":{"colormag_page_container_layout":"default_layout","colormag_page_sidebar_layout":"default_layout","footnotes":""},"categories":[1],"tags":[],"class_list":["post-58602","post","type-post","status-publish","format-standard","hentry","category-ejornais"],"aioseo_notices":[],"amp_enabled":true,"_links":{"self":[{"href":"https:\/\/ejornais.com.br\/index.php\/wp-json\/wp\/v2\/posts\/58602","targetHints":{"allow":["GET"]}}],"collection":[{"href":"https:\/\/ejornais.com.br\/index.php\/wp-json\/wp\/v2\/posts"}],"about":[{"href":"https:\/\/ejornais.com.br\/index.php\/wp-json\/wp\/v2\/types\/post"}],"author":[{"embeddable":true,"href":"https:\/\/ejornais.com.br\/index.php\/wp-json\/wp\/v2\/users\/2"}],"replies":[{"embeddable":true,"href":"https:\/\/ejornais.com.br\/index.php\/wp-json\/wp\/v2\/comments?post=58602"}],"version-history":[{"count":0,"href":"https:\/\/ejornais.com.br\/index.php\/wp-json\/wp\/v2\/posts\/58602\/revisions"}],"wp:attachment":[{"href":"https:\/\/ejornais.com.br\/index.php\/wp-json\/wp\/v2\/media?parent=58602"}],"wp:term":[{"taxonomy":"category","embeddable":true,"href":"https:\/\/ejornais.com.br\/index.php\/wp-json\/wp\/v2\/categories?post=58602"},{"taxonomy":"post_tag","embeddable":true,"href":"https:\/\/ejornais.com.br\/index.php\/wp-json\/wp\/v2\/tags?post=58602"}],"curies":[{"name":"wp","href":"https:\/\/api.w.org\/{rel}","templated":true}]}}