{"id":58687,"date":"2026-01-07T06:41:02","date_gmt":"2026-01-07T09:41:02","guid":{"rendered":"https:\/\/ejornais.com.br\/index.php\/2026\/01\/07\/sed-divulga-resultado-definitivo-do-processo-seletivo-simplificado-para-professores-temporarios-da-ree\/"},"modified":"2026-01-07T06:41:02","modified_gmt":"2026-01-07T09:41:02","slug":"sed-divulga-resultado-definitivo-do-processo-seletivo-simplificado-para-professores-temporarios-da-ree","status":"publish","type":"post","link":"https:\/\/ejornais.com.br\/index.php\/2026\/01\/07\/sed-divulga-resultado-definitivo-do-processo-seletivo-simplificado-para-professores-temporarios-da-ree\/","title":{"rendered":"SED divulga resultado definitivo do Processo Seletivo Simplificado para professores tempor\u00e1rios da REE"},"content":{"rendered":"<p><\/p>\n<div>\n<p style=\"text-align: center;\"><em>O resultado definitivo da Prova Escrita Objetiva consta a rela\u00e7\u00e3o nominal de todos os candidatos, em ordem alfab\u00e9tica, acompanhado da respectiva pontua\u00e7\u00e3o obtida e da situa\u00e7\u00e3o do candidato<\/em><\/p>\n<p>A SED (Secretaria de Estado de Educa\u00e7\u00e3o) divulgou no DOE (Di\u00e1rio Oficial Eletr\u00f4nico) n. 12.040 \u2013 Suplemento, o edital n. 10\/2026 &#8211; SAD\/SED\/FDT\/2025, de ter\u00e7a-feira (6), o resultado definitivo da Prova Escrita Objetiva do Processo Seletivo Simplificado, visando \u00e0 constitui\u00e7\u00e3o do banco reserva de profissionais para a fun\u00e7\u00e3o Docente Tempor\u00e1ria, a ser utilizado para a convoca\u00e7\u00e3o de professores em regime de supl\u00eancia, na REE (Rede Estadual de Ensino).<\/p>\n<p>O Banco Reserva de Profissionais para a Fun\u00e7\u00e3o Docente Tempor\u00e1ria \u00e9 constitu\u00eddo pelos candidatos selecionados por meio de Processo Seletivo Simplificado, por ordem de classifica\u00e7\u00e3o, de acordo com as etapas, componentes curriculares, modalidades e munic\u00edpio de op\u00e7\u00e3o, devidamente indicados no ato da inscri\u00e7\u00e3o.<\/p>\n<p>O Processo Seletivo Simplificado com vistas \u00e0 constitui\u00e7\u00e3o do Banco Reserva de Profissionais para a Fun\u00e7\u00e3o Docente Tempor\u00e1ria destina-se exclusivamente \u00e0 forma\u00e7\u00e3o de cadastro reserva, de modo que a convoca\u00e7\u00e3o ser\u00e1 realizada conforme a demanda existente na REE\/MS, n\u00e3o garantindo \u00e0quele que nele for aprovado, direito subjetivo \u00e0 convoca\u00e7\u00e3o.<\/p>\n<p><strong>Resultado<\/strong><\/p>\n<p>O resultado definitivo da Prova Escrita Objetiva, ap\u00f3s an\u00e1lise dos recursos impetrados contra o resultado preliminar, consta a rela\u00e7\u00e3o nominal de todos os candidatos, em ordem alfab\u00e9tica, acompanhado da respectiva pontua\u00e7\u00e3o obtida e da situa\u00e7\u00e3o do candidato, expressa pelas palavras \u201caprovado\u201d, \u201creprovado\u201d e \u201causente\u201d, conforme rela\u00e7\u00e3o constante no Anexo \u00danico deste Edital.<\/p>\n<p>Os candidatos que impetraram recurso contra o resultado preliminar da prova objetiva, poder\u00e3o consultar a resposta por meio do link \u201cResposta do Recurso contra o resultado preliminar da Prova Escrita Objetiva, que estar\u00e3o dispon\u00edveis no endere\u00e7o eletr\u00f4nico www.avalia.org.br por 10 (dez) dias, a contar da data de publica\u00e7\u00e3o deste edital.<\/p>\n<p><em>Adersino Junior, Comunica\u00e7\u00e3o SED<\/em><\/p>\n<\/div>\n","protected":false},"excerpt":{"rendered":"<p>O resultado definitivo da Prova Escrita Objetiva consta a rela\u00e7\u00e3o nominal de todos os candidatos, em ordem alfab\u00e9tica, acompanhado da<\/p>\n","protected":false},"author":2,"featured_media":0,"comment_status":"","ping_status":"","sticky":false,"template":"","format":"standard","meta":{"colormag_page_container_layout":"default_layout","colormag_page_sidebar_layout":"default_layout","footnotes":""},"categories":[1],"tags":[],"class_list":["post-58687","post","type-post","status-publish","format-standard","hentry","category-ejornais"],"aioseo_notices":[],"amp_enabled":true,"_links":{"self":[{"href":"https:\/\/ejornais.com.br\/index.php\/wp-json\/wp\/v2\/posts\/58687","targetHints":{"allow":["GET"]}}],"collection":[{"href":"https:\/\/ejornais.com.br\/index.php\/wp-json\/wp\/v2\/posts"}],"about":[{"href":"https:\/\/ejornais.com.br\/index.php\/wp-json\/wp\/v2\/types\/post"}],"author":[{"embeddable":true,"href":"https:\/\/ejornais.com.br\/index.php\/wp-json\/wp\/v2\/users\/2"}],"replies":[{"embeddable":true,"href":"https:\/\/ejornais.com.br\/index.php\/wp-json\/wp\/v2\/comments?post=58687"}],"version-history":[{"count":0,"href":"https:\/\/ejornais.com.br\/index.php\/wp-json\/wp\/v2\/posts\/58687\/revisions"}],"wp:attachment":[{"href":"https:\/\/ejornais.com.br\/index.php\/wp-json\/wp\/v2\/media?parent=58687"}],"wp:term":[{"taxonomy":"category","embeddable":true,"href":"https:\/\/ejornais.com.br\/index.php\/wp-json\/wp\/v2\/categories?post=58687"},{"taxonomy":"post_tag","embeddable":true,"href":"https:\/\/ejornais.com.br\/index.php\/wp-json\/wp\/v2\/tags?post=58687"}],"curies":[{"name":"wp","href":"https:\/\/api.w.org\/{rel}","templated":true}]}}