{"id":58717,"date":"2026-01-07T16:29:00","date_gmt":"2026-01-07T19:29:00","guid":{"rendered":"https:\/\/ejornais.com.br\/index.php\/2026\/01\/07\/governo-de-ms-antecipa-metas-do-saneamento-e-consolida-investimentos-estruturantes-em-chapadao-do-sul\/"},"modified":"2026-01-07T16:29:00","modified_gmt":"2026-01-07T19:29:00","slug":"governo-de-ms-antecipa-metas-do-saneamento-e-consolida-investimentos-estruturantes-em-chapadao-do-sul","status":"publish","type":"post","link":"https:\/\/ejornais.com.br\/index.php\/2026\/01\/07\/governo-de-ms-antecipa-metas-do-saneamento-e-consolida-investimentos-estruturantes-em-chapadao-do-sul\/","title":{"rendered":"Governo de MS antecipa metas do saneamento e consolida investimentos estruturantes em Chapad\u00e3o do Sul"},"content":{"rendered":"<p><\/p>\n<div>\n<p style=\"text-align: center;\"><em>Governador em exerc\u00edcio Barbosinha oficializa entregas que colocam o munic\u00edpio como refer\u00eancia nacional em esgotamento sanit\u00e1rio<\/em><\/p>\n<p>O Governo de Mato Grosso do Sul oficializou, nesta quarta-feira (7), um conjunto de entregas estrat\u00e9gicas em Chapad\u00e3o do Sul que refor\u00e7am o compromisso do Estado com o desenvolvimento urbano, a qualidade de vida e a antecipa\u00e7\u00e3o de metas estruturantes. Cumprindo agenda oficial no munic\u00edpio, o governador em exerc\u00edcio Jos\u00e9 Carlos Barbosa, o Barbosinha, formalizou obras nas \u00e1reas de saneamento b\u00e1sico, educa\u00e7\u00e3o profissional e infraestrutura vi\u00e1ria.<\/p>\n<p>O principal destaque foi a entrega das obras de amplia\u00e7\u00e3o do sistema de esgotamento sanit\u00e1rio executadas pela Sanesul, com investimento de R$ 2.477.905,88. A interven\u00e7\u00e3o implantou 7.283 metros de rede coletora e 845 novas liga\u00e7\u00f5es domiciliares, elevando a cobertura de esgoto tratado do munic\u00edpio para 94%, com abastecimento de \u00e1gua j\u00e1 universalizado em toda a cidade.<\/p>\n<p>Durante a solenidade, Barbosinha destacou que Chapad\u00e3o do Sul j\u00e1 superou, com anteced\u00eancia, as metas do marco legal do saneamento. \u201cA legisla\u00e7\u00e3o nacional estabelece como objetivo atingir 90% de cobertura at\u00e9 2033. Aqui, j\u00e1 alcan\u00e7amos 94%, antecipando esse compromisso em pelo menos oito anos. E vamos avan\u00e7ar ainda mais, com novas obras previstas que podem elevar esse \u00edndice para at\u00e9 98%, consolidando Chapad\u00e3o como refer\u00eancia para o Brasil\u201d, afirmou.<\/p>\n<p>O governador em exerc\u00edcio ressaltou que os investimentos em saneamento fazem parte de uma pol\u00edtica p\u00fablica estruturante do Estado. \u201cSaneamento \u00e9 sa\u00fade, dignidade e desenvolvimento. Quando antecipamos solu\u00e7\u00f5es, garantimos melhor qualidade de vida para a popula\u00e7\u00e3o e crescimento sustent\u00e1vel para as cidades\u201d, pontuou.<\/p>\n<p>O prefeito em exerc\u00edcio, Ernany Andrade Machado, agradeceu a parceria com o Governo do Estado e destacou o impacto direto das obras. \u201cEsses investimentos fortalecem o crescimento ordenado de Chapad\u00e3o do Sul e melhoram a vida da popula\u00e7\u00e3o, mostrando a import\u00e2ncia da uni\u00e3o entre Estado e munic\u00edpio\u201d, disse.<\/p>\n<p>J\u00e1 o diretor de opera\u00e7\u00f5es da Sanesul, Madson Valente, enfatizou os ganhos ambientais e sociais. \u201cAlcan\u00e7ar \u00edndices t\u00e3o elevados de esgotamento sanit\u00e1rio reduz impactos ambientais e fortalece a sa\u00fade p\u00fablica. \u00c9 um resultado concreto da pol\u00edtica de saneamento adotada pelo Governo do Estado\u201d, afirmou.<\/p>\n<p>Al\u00e9m do saneamento, a agenda incluiu a entrega da reforma do Centro Estadual de Educa\u00e7\u00e3o Profissional Arlindo Neckel, com investimento de R$ 1,5 milh\u00e3o, garantindo moderniza\u00e7\u00e3o e acessibilidade \u00e0 unidade que atende mais de mil estudantes. Tamb\u00e9m foi formalizada a restaura\u00e7\u00e3o funcional do pavimento asf\u00e1ltico em diversas vias urbanas, com investimento de R$ 2,77 milh\u00f5es, executado pela Secretaria de Estado de Infraestrutura e Log\u00edstica (Seilog).<\/p>\n<p>Desde 2023, somados os empreendimentos conclu\u00eddos e em execu\u00e7\u00e3o, o Governo do Estado j\u00e1 investiu cerca de R$ 14,5 milh\u00f5es em obras de \u00e1gua e esgoto em Chapad\u00e3o do Sul, consolidando o munic\u00edpio como exemplo de antecipa\u00e7\u00e3o de metas e efici\u00eancia na pol\u00edtica de saneamento.<\/p>\n<p><em>Lucas Cavalheiro, Comunica\u00e7\u00e3o Vice-governadoria<br \/>Fotos: \u00c1lvaro Rezende\/Secom<\/em><\/p>\n<\/div>\n","protected":false},"excerpt":{"rendered":"<p>Governador em exerc\u00edcio Barbosinha oficializa entregas que colocam o munic\u00edpio como refer\u00eancia nacional em esgotamento sanit\u00e1rio O Governo de Mato<\/p>\n","protected":false},"author":2,"featured_media":0,"comment_status":"","ping_status":"","sticky":false,"template":"","format":"standard","meta":{"colormag_page_container_layout":"default_layout","colormag_page_sidebar_layout":"default_layout","footnotes":""},"categories":[1],"tags":[],"class_list":["post-58717","post","type-post","status-publish","format-standard","hentry","category-ejornais"],"aioseo_notices":[],"amp_enabled":true,"_links":{"self":[{"href":"https:\/\/ejornais.com.br\/index.php\/wp-json\/wp\/v2\/posts\/58717","targetHints":{"allow":["GET"]}}],"collection":[{"href":"https:\/\/ejornais.com.br\/index.php\/wp-json\/wp\/v2\/posts"}],"about":[{"href":"https:\/\/ejornais.com.br\/index.php\/wp-json\/wp\/v2\/types\/post"}],"author":[{"embeddable":true,"href":"https:\/\/ejornais.com.br\/index.php\/wp-json\/wp\/v2\/users\/2"}],"replies":[{"embeddable":true,"href":"https:\/\/ejornais.com.br\/index.php\/wp-json\/wp\/v2\/comments?post=58717"}],"version-history":[{"count":0,"href":"https:\/\/ejornais.com.br\/index.php\/wp-json\/wp\/v2\/posts\/58717\/revisions"}],"wp:attachment":[{"href":"https:\/\/ejornais.com.br\/index.php\/wp-json\/wp\/v2\/media?parent=58717"}],"wp:term":[{"taxonomy":"category","embeddable":true,"href":"https:\/\/ejornais.com.br\/index.php\/wp-json\/wp\/v2\/categories?post=58717"},{"taxonomy":"post_tag","embeddable":true,"href":"https:\/\/ejornais.com.br\/index.php\/wp-json\/wp\/v2\/tags?post=58717"}],"curies":[{"name":"wp","href":"https:\/\/api.w.org\/{rel}","templated":true}]}}