{"id":58766,"date":"2026-01-08T15:34:06","date_gmt":"2026-01-08T18:34:06","guid":{"rendered":"https:\/\/ejornais.com.br\/index.php\/2026\/01\/08\/hospitais-publicos-de-mato-grosso-do-sul-se-destacam-entre-os-100-melhores-do-brasil-agencia-de-noticias-do-governo-de-mato-grosso-do-sul\/"},"modified":"2026-01-08T15:34:06","modified_gmt":"2026-01-08T18:34:06","slug":"hospitais-publicos-de-mato-grosso-do-sul-se-destacam-entre-os-100-melhores-do-brasil-agencia-de-noticias-do-governo-de-mato-grosso-do-sul","status":"publish","type":"post","link":"https:\/\/ejornais.com.br\/index.php\/2026\/01\/08\/hospitais-publicos-de-mato-grosso-do-sul-se-destacam-entre-os-100-melhores-do-brasil-agencia-de-noticias-do-governo-de-mato-grosso-do-sul\/","title":{"rendered":"Hospitais p\u00fablicos de Mato Grosso do Sul se destacam entre os 100 melhores do Brasil \u2013 Ag\u00eancia de Noticias do Governo de Mato Grosso do Sul"},"content":{"rendered":"<p><\/p>\n<div>\n<p style=\"text-align: left;\">Dois hospitais p\u00fablicos de Mato Grosso do Sul foram reconhecidos em um levantamento nacional entre as melhores unidades do pa\u00eds com atendimento 100% pelo SUS (Sistema \u00danico de Sa\u00fade). Na lista nacional, que avaliou exclusivamente unidades com atendimento integral, foram citados o Hospital Regional da Costa Leste Magid Thom\u00e9, em Tr\u00eas Lagoas, e o Hospital Regional Dr. Jos\u00e9 de Simone Netto, em Ponta Por\u00e3.<\/p>\n<p style=\"text-align: left;\">As duas unidades representam Mato Grosso do Sul entre centros de excel\u00eancia distribu\u00eddos por todas as regi\u00f5es do pa\u00eds.<\/p>\n<p>O levantamento considerou crit\u00e9rios t\u00e9cnicos como acredita\u00e7\u00e3o hospitalar, taxas de ocupa\u00e7\u00e3o, taxa de mortalidade, disponibilidade de leitos de UTI e tempo m\u00e9dio de perman\u00eancia dos pacientes, com base em dados do SIH (Sistema de Informa\u00e7\u00f5es Hospitalares<strong>)<\/strong> do Minist\u00e9rio da Sa\u00fade, referentes ao per\u00edodo de agosto de 2024 a julho de 2025.<\/p>\n<p>Para o Secret\u00e1rio de Estado de Sa\u00fade, Maur\u00edcio Sim\u00f5es, o resultado indica que Mato Grosso do Sul est\u00e1 no caminho correto na organiza\u00e7\u00e3o e qualifica\u00e7\u00e3o da rede hospitalar p\u00fablica. \u201cEsse desempenho mostra que as a\u00e7\u00f5es adotadas est\u00e3o produzindo efeito, mas o trabalho s\u00f3 estar\u00e1 completo quando todos os hospitais estaduais estiverem entre os melhores do pa\u00eds\u201d, afirma o secret\u00e1rio.<\/p>\n<div id=\"gallery-1\" class=\"gallery galleryid-530750 gallery-columns-2 gallery-size-large\">\n<figure class=\"gallery-item\">\n<div class=\"gallery-icon landscape\"><\/div>\n<\/figure>\n<figure class=\"gallery-item\">\n<div class=\"gallery-icon landscape\"><\/div>\n<\/figure><\/div>\n<p>O estudo foi realizado pelo Ibross (Instituto Brasileiro das Organiza\u00e7\u00f5es Sociais de Sa\u00fade), em parceria com a OPAS\/OMS (Organiza\u00e7\u00e3o Pan-Americana da Sa\u00fade\/Organiza\u00e7\u00e3o Mundial da Sa\u00fade), o Instituto \u00c9tica Sa\u00fade, o Conass (Conselho Nacional dos Secret\u00e1rios de Sa\u00fade) e o Conasems (Conselho Nacional das Secretarias Municipais de Sa\u00fade), e avaliou hospitais gerais e especializados com mais de 50 leitos e produ\u00e7\u00e3o assistencial comprovada.<\/p>\n<p>A partir dessa sele\u00e7\u00e3o inicial, os hospitais indicados passar\u00e3o por uma nova etapa de avalia\u00e7\u00e3o para a defini\u00e7\u00e3o dos 10 melhores hospitais p\u00fablicos do Brasil, que ser\u00e3o anunciados em maio, durante o Pr\u00eamio Melhores Hospitais P\u00fablicos do Brasil.<\/p>\n<p><em>Andr\u00e9 Lima, Comunica\u00e7\u00e3o SES<\/em><br \/><em>Fotos: Arquivo SES<\/em><\/p>\n<\/div>\n","protected":false},"excerpt":{"rendered":"<p>Dois hospitais p\u00fablicos de Mato Grosso do Sul foram reconhecidos em um levantamento nacional entre as melhores unidades do pa\u00eds<\/p>\n","protected":false},"author":2,"featured_media":0,"comment_status":"","ping_status":"","sticky":false,"template":"","format":"standard","meta":{"colormag_page_container_layout":"default_layout","colormag_page_sidebar_layout":"default_layout","footnotes":""},"categories":[1],"tags":[],"class_list":["post-58766","post","type-post","status-publish","format-standard","hentry","category-ejornais"],"aioseo_notices":[],"amp_enabled":true,"_links":{"self":[{"href":"https:\/\/ejornais.com.br\/index.php\/wp-json\/wp\/v2\/posts\/58766","targetHints":{"allow":["GET"]}}],"collection":[{"href":"https:\/\/ejornais.com.br\/index.php\/wp-json\/wp\/v2\/posts"}],"about":[{"href":"https:\/\/ejornais.com.br\/index.php\/wp-json\/wp\/v2\/types\/post"}],"author":[{"embeddable":true,"href":"https:\/\/ejornais.com.br\/index.php\/wp-json\/wp\/v2\/users\/2"}],"replies":[{"embeddable":true,"href":"https:\/\/ejornais.com.br\/index.php\/wp-json\/wp\/v2\/comments?post=58766"}],"version-history":[{"count":0,"href":"https:\/\/ejornais.com.br\/index.php\/wp-json\/wp\/v2\/posts\/58766\/revisions"}],"wp:attachment":[{"href":"https:\/\/ejornais.com.br\/index.php\/wp-json\/wp\/v2\/media?parent=58766"}],"wp:term":[{"taxonomy":"category","embeddable":true,"href":"https:\/\/ejornais.com.br\/index.php\/wp-json\/wp\/v2\/categories?post=58766"},{"taxonomy":"post_tag","embeddable":true,"href":"https:\/\/ejornais.com.br\/index.php\/wp-json\/wp\/v2\/tags?post=58766"}],"curies":[{"name":"wp","href":"https:\/\/api.w.org\/{rel}","templated":true}]}}