{"id":58805,"date":"2026-01-09T08:27:06","date_gmt":"2026-01-09T11:27:06","guid":{"rendered":"https:\/\/ejornais.com.br\/index.php\/2026\/01\/09\/aplicativo-joao-pessoa-na-palma-da-mao-ganha-novas-funcoes-para-fortalecer-seguranca-aos-cidadaos\/"},"modified":"2026-01-09T08:27:06","modified_gmt":"2026-01-09T11:27:06","slug":"aplicativo-joao-pessoa-na-palma-da-mao-ganha-novas-funcoes-para-fortalecer-seguranca-aos-cidadaos","status":"publish","type":"post","link":"https:\/\/ejornais.com.br\/index.php\/2026\/01\/09\/aplicativo-joao-pessoa-na-palma-da-mao-ganha-novas-funcoes-para-fortalecer-seguranca-aos-cidadaos\/","title":{"rendered":"Aplicativo \u2018Jo\u00e3o Pessoa na Palma da M\u00e3o\u2019 ganha novas fun\u00e7\u00f5es para fortalecer seguran\u00e7a aos cidad\u00e3os"},"content":{"rendered":"<p><\/p>\n<div>\n<h5 class=\"text-primary\">&#8216;Ver\u00e3o Seguro&#8217;<\/h5>\n<p>                        <!-- Mostra o t&iacute;tulo como um link para o link permanente do post --><\/p>\n<h2 class=\"mb-3\">Aplicativo \u2018Jo\u00e3o Pessoa na Palma da M\u00e3o\u2019 ganha novas fun\u00e7\u00f5es para fortalecer seguran\u00e7a aos cidad\u00e3os<\/h2>\n<p class=\"text-secondary font-italic mb-3 p-0\">&#13;<br \/>\n                            <i class=\"fa fa-calendar\"\/> 09\/01\/2026 | &#13;<br \/>\n                            <i class=\"fa fa-clock-o\"\/> 07:30 |&#13;<br \/>\n                            <i class=\"fa fa-eye\"\/> 67                        <\/p>\n<p>                        <!-- Mostra o conte&uacute;do do post em uma DIV --><\/p>\n<div class=\"\">\n<p>O aplicativo \u2018Jo\u00e3o Pessoa na Palma da M\u00e3o\u2019 passa a contar, nesta sexta-feira (9), com duas novas funcionalidades voltadas ao fortalecimento da seguran\u00e7a dos moradores e das pessoas que est\u00e3o aproveitando as f\u00e9rias curtindo as belezas da cidade. As fun\u00e7\u00f5es do app est\u00e3o inseridas na ferramenta \u2018Ver\u00e3o Seguro\u2019, que liga o cidad\u00e3o diretamente \u00e0 Guarda Civil Metropolitana e ao Procon-JP, garantindo aos consumidores locais e turistas mais prote\u00e7\u00e3o, agilidade no atendimento e comunica\u00e7\u00e3o direta com os \u00f3rg\u00e3os municipais.<\/p>\n<figure class=\"wp-block-gallery has-nested-images columns-default is-cropped wp-block-gallery-1 is-layout-flex wp-block-gallery-is-layout-flex\">\n<figure class=\"wp-block-image size-large\"><\/figure>\n<\/figure>\n<p>O Ver\u00e3o Seguro \u00e9 um canal oficial em que \u00e9 poss\u00edvel fazer dois tipos de den\u00fancias. A primeira fun\u00e7\u00e3o \u00e9 receber reclama\u00e7\u00f5es contra cobran\u00e7as indevidas feitas por flanelinhas em vias e espa\u00e7os p\u00fablicos da cidade, e podem ser enviadas direto para a Guarda Civil. A segunda liga o consumidor diretamente ao Procon-JP e est\u00e1 destinada ao recebimento de reclama\u00e7\u00f5es sobre cobran\u00e7as abusivas de pre\u00e7os de produtos e servi\u00e7os, a exemplo de aluguel de guarda-s\u00f3is e alimentos, praticadas por ambulantes ou prestadores de servi\u00e7os nas praias.<\/p>\n<p>\u201cEsse \u00e9 um cuidado da gest\u00e3o com quem vive e com quem visita nossa cidade. N\u00e3o se pode ter essas cobran\u00e7as exorbitantes e indevidas, n\u00e3o apenas na quest\u00e3o de cadeiras e guarda-s\u00f3is, mas tamb\u00e9m com os flanelinhas que cobram taxas. Para o turismo, essa \u00e9 uma medida superpositiva, porque a pessoa quando viaja, quando ela vem com sua fam\u00edlia, ela quer se sentir segura, quer ver que a prefeitura cuida da sua estadia\u201d, observou o secret\u00e1rio-executivo de Turismo de Jo\u00e3o Pessoa (Setur), Daniel Rodrigues.<\/p>\n<figure class=\"wp-block-gallery has-nested-images columns-default is-cropped wp-block-gallery-2 is-layout-flex wp-block-gallery-is-layout-flex\">\n<figure class=\"wp-block-image size-large\"><\/figure>\n<\/figure>\n<p>O gestor da Pasta acrescentou que, al\u00e9m de ser bem f\u00e1cil acessar o canal de den\u00fancia, equipes de atendimento ao turista estar\u00e3o a postos para explicar sobre seu funcionamento. \u201cTamb\u00e9m vamos colocar cartilhas nos hot\u00e9is para que as equipes desses estabelecimentos entreguem aos visitantes. O nosso objetivo \u00e9 fazer com que todos se sintam em casa\u201d, enfatizou.<\/p>\n<p><strong>Como utilizar o aplicativo<\/strong> \u2013 Usar os dois canais \u00e9 bem simples. \u00c9 s\u00f3 baixar o aplicativo \u2018Jo\u00e3o Pessoa na Palma da M\u00e3o\u2019 (vers\u00e3o iOS ou Android) e logo em destaque o cidad\u00e3o encontra o \u00edcone do Ver\u00e3o Seguro. Clique no \u00edcone. Ir\u00e3o aparecer as op\u00e7\u00f5es com as novas fun\u00e7\u00f5es do App. Escolha o que quer denunciar e clique em cima. Envie sua reclama\u00e7\u00e3o, acompanhada de fotos e a localiza\u00e7\u00e3o e os \u00f3rg\u00e3os municipais tomar\u00e3o as provid\u00eancias cab\u00edveis contra as cobran\u00e7as indevidas ou abusivas.<\/p>\n<\/p><\/div>\n<\/p><\/div>\n","protected":false},"excerpt":{"rendered":"<p>&#8216;Ver\u00e3o Seguro&#8217; Aplicativo \u2018Jo\u00e3o Pessoa na Palma da M\u00e3o\u2019 ganha novas fun\u00e7\u00f5es para fortalecer seguran\u00e7a aos cidad\u00e3os &#13; 09\/01\/2026 |<\/p>\n","protected":false},"author":2,"featured_media":0,"comment_status":"","ping_status":"","sticky":false,"template":"","format":"standard","meta":{"colormag_page_container_layout":"default_layout","colormag_page_sidebar_layout":"default_layout","footnotes":""},"categories":[1],"tags":[],"class_list":["post-58805","post","type-post","status-publish","format-standard","hentry","category-ejornais"],"aioseo_notices":[],"amp_enabled":true,"_links":{"self":[{"href":"https:\/\/ejornais.com.br\/index.php\/wp-json\/wp\/v2\/posts\/58805","targetHints":{"allow":["GET"]}}],"collection":[{"href":"https:\/\/ejornais.com.br\/index.php\/wp-json\/wp\/v2\/posts"}],"about":[{"href":"https:\/\/ejornais.com.br\/index.php\/wp-json\/wp\/v2\/types\/post"}],"author":[{"embeddable":true,"href":"https:\/\/ejornais.com.br\/index.php\/wp-json\/wp\/v2\/users\/2"}],"replies":[{"embeddable":true,"href":"https:\/\/ejornais.com.br\/index.php\/wp-json\/wp\/v2\/comments?post=58805"}],"version-history":[{"count":0,"href":"https:\/\/ejornais.com.br\/index.php\/wp-json\/wp\/v2\/posts\/58805\/revisions"}],"wp:attachment":[{"href":"https:\/\/ejornais.com.br\/index.php\/wp-json\/wp\/v2\/media?parent=58805"}],"wp:term":[{"taxonomy":"category","embeddable":true,"href":"https:\/\/ejornais.com.br\/index.php\/wp-json\/wp\/v2\/categories?post=58805"},{"taxonomy":"post_tag","embeddable":true,"href":"https:\/\/ejornais.com.br\/index.php\/wp-json\/wp\/v2\/tags?post=58805"}],"curies":[{"name":"wp","href":"https:\/\/api.w.org\/{rel}","templated":true}]}}