{"id":58806,"date":"2026-01-09T09:13:11","date_gmt":"2026-01-09T12:13:11","guid":{"rendered":"https:\/\/ejornais.com.br\/index.php\/2026\/01\/09\/feriados-deste-ano-podem-afetar-vendas-do-comercio-no-rio\/"},"modified":"2026-01-09T09:13:11","modified_gmt":"2026-01-09T12:13:11","slug":"feriados-deste-ano-podem-afetar-vendas-do-comercio-no-rio","status":"publish","type":"post","link":"https:\/\/ejornais.com.br\/index.php\/2026\/01\/09\/feriados-deste-ano-podem-afetar-vendas-do-comercio-no-rio\/","title":{"rendered":"Feriados deste ano podem afetar vendas do com\u00e9rcio no Rio"},"content":{"rendered":"<p> Por MRNews<br \/>\n<\/p>\n<div wp_automatic_readability=\"68.389094269871\">\n<p>O estado do Rio de Janeiro ter\u00e1, ao todo, 26 feriados municipais, considerando anivers\u00e1rios das cidades e outras datas de relev\u00e2ncia regional, al\u00e9m dos feriados nacionais e estaduais, como o Dia de S\u00e3o Jorge (23 de abril). Com isso, o com\u00e9rcio varejista fluminense pode deixar de faturar mais de R$ 2 bilh\u00f5es neste ano. O faturamento mensal do com\u00e9rcio fluminense atinge, em m\u00e9dia, R$ 1,4 bilh\u00e3o, sendo a cidade do Rio de Janeiro respons\u00e1vel pela metade, em torno de R$ 700 milh\u00f5es. O levantamento \u00e9 do Sindicato dos Lojistas do Com\u00e9rcio do Munic\u00edpio do Rio de Janeiro (SindilojasRio).<\/p>\n<p><strong>Para o com\u00e9rcio, o ponto sens\u00edvel \u00e9 que datas comemorativas importantes cair\u00e3o em dias \u00fateis, podendo se estender devido aos chamados enforcamentos<\/strong>, levando muitas empresas a n\u00e3o funcionarem, diminuindo a movimenta\u00e7\u00e3o de pessoas nas ruas, o que impacta, principalmente, o com\u00e9rcio lojista. \u00c9 importante lembrar ainda\u00a0os 52 domingos deste ano, quando boa parte do com\u00e9rcio n\u00e3o funcionar\u00e1. Al\u00e9m disso,\u00a02026 ser\u00e1 ano de Copa do Mundo e de elei\u00e7\u00f5es, que tamb\u00e9m podem afetar negativamente o com\u00e9rcio.<\/p>\n<p><strong>Outro fator\u00a0a ser considerado \u00e9 a lucratividade, observada por meio do custo de abertura do estabelecimento e da receita auferida com a loja aberta.<\/strong> Essa oportunidade \u00e9 muito examinada nos shoppings e no com\u00e9rcio de rua, que abrem nos feriados e lidam, em particular, com produtos essenciais.<\/p>\n<p><strong><a href=\"https:\/\/mrnews.com.br\/index.php\/2026\/01\/09\/homens-que-vendiam-carros-de-luxo-a-traficantes-tem-prisao-decretada\/\">Homens que vendiam carros de luxo a traficantes t\u00eam pris\u00e3o decretada<\/a><\/strong><\/p>\n<p><strong><a href=\"https:\/\/mrnews.com.br\/index.php\/2026\/01\/09\/brasil-anuncia-doacao-de-100-toneladas-de-medicamentos-a-venezuela\/\">Brasil anuncia doa\u00e7\u00e3o de 100 toneladas de medicamentos \u00e0 Venezuela<\/a><\/strong><\/p>\n<p>\u201cOs feriados s\u00e3o importantes para a sociedade. O excesso \u00e9 que preocupa. N\u00e3o fossem os acordos coletivos, que permitem a abertura nos feriados e domingos, e o com\u00e9rcio eletr\u00f4nico, as perdas de faturamento poderiam ser ainda maiores\u201d, afirma Aldo Gon\u00e7alves, presidente do SindilojasRio.<\/p>\n<blockquote wp_automatic_readability=\"14\">\n<p>\u201cO excesso de feriados acaba por prejudicar a atividade do com\u00e9rcio, freando a circula\u00e7\u00e3o de mercadorias e o giro do dinheiro e dos neg\u00f3cios. Em algumas localidades, afeta notadamente os lojistas de rua, principalmente os de menor porte, que s\u00e3o mais sens\u00edveis aos efeitos dos finais de semana e feriados porque j\u00e1 n\u00e3o abrem nesses dias, normalmente\u201d, avalia Gon\u00e7alves.<\/p>\n<\/blockquote>\n<p><strong>Nos feriados, os gastos das fam\u00edlias se misturam aos de lazer. Assim, os apelos para os consumidores viajarem, passearem e buscarem outros divertimentos s\u00e3o maiores, favorecendo mais as atividades relacionadas ao turismo, bares e restaurantes\u201d, concluiu o presidente do Sindilojas.<\/strong><\/p>\n<p><strong><a href=\"https:\/\/mrnews.com.br\/index.php\/2026\/01\/09\/casos-de-sindrome-respiratoria-grave-estao-em-queda-diz-infogripe\/\">Casos de S\u00edndrome Respirat\u00f3ria Grave est\u00e3o em queda, diz InfoGripe<\/a><\/strong><\/p>\n<p><strong><a href=\"https:\/\/mrnews.com.br\/index.php\/2026\/01\/09\/justica-determina-que-sus-forneca-remedio-para-tratar-de-cancer-raro\/\">Justi\u00e7a determina que SUS forne\u00e7a rem\u00e9dio para tratar de c\u00e2ncer raro<\/a><\/strong><\/p>\n<\/div>\n","protected":false},"excerpt":{"rendered":"<p>Por MRNews O estado do Rio de Janeiro ter\u00e1, ao todo, 26 feriados municipais, considerando anivers\u00e1rios das cidades e outras<\/p>\n","protected":false},"author":2,"featured_media":0,"comment_status":"","ping_status":"","sticky":false,"template":"","format":"standard","meta":{"colormag_page_container_layout":"default_layout","colormag_page_sidebar_layout":"default_layout","footnotes":""},"categories":[1],"tags":[],"class_list":["post-58806","post","type-post","status-publish","format-standard","hentry","category-ejornais"],"aioseo_notices":[],"amp_enabled":true,"_links":{"self":[{"href":"https:\/\/ejornais.com.br\/index.php\/wp-json\/wp\/v2\/posts\/58806","targetHints":{"allow":["GET"]}}],"collection":[{"href":"https:\/\/ejornais.com.br\/index.php\/wp-json\/wp\/v2\/posts"}],"about":[{"href":"https:\/\/ejornais.com.br\/index.php\/wp-json\/wp\/v2\/types\/post"}],"author":[{"embeddable":true,"href":"https:\/\/ejornais.com.br\/index.php\/wp-json\/wp\/v2\/users\/2"}],"replies":[{"embeddable":true,"href":"https:\/\/ejornais.com.br\/index.php\/wp-json\/wp\/v2\/comments?post=58806"}],"version-history":[{"count":0,"href":"https:\/\/ejornais.com.br\/index.php\/wp-json\/wp\/v2\/posts\/58806\/revisions"}],"wp:attachment":[{"href":"https:\/\/ejornais.com.br\/index.php\/wp-json\/wp\/v2\/media?parent=58806"}],"wp:term":[{"taxonomy":"category","embeddable":true,"href":"https:\/\/ejornais.com.br\/index.php\/wp-json\/wp\/v2\/categories?post=58806"},{"taxonomy":"post_tag","embeddable":true,"href":"https:\/\/ejornais.com.br\/index.php\/wp-json\/wp\/v2\/tags?post=58806"}],"curies":[{"name":"wp","href":"https:\/\/api.w.org\/{rel}","templated":true}]}}