{"id":58817,"date":"2026-01-09T13:16:24","date_gmt":"2026-01-09T16:16:24","guid":{"rendered":"https:\/\/ejornais.com.br\/index.php\/2026\/01\/09\/lideres-europeus-comemoram-aprovacao-provisoria-de-acordo-ue-mercosul\/"},"modified":"2026-01-09T13:16:24","modified_gmt":"2026-01-09T16:16:24","slug":"lideres-europeus-comemoram-aprovacao-provisoria-de-acordo-ue-mercosul","status":"publish","type":"post","link":"https:\/\/ejornais.com.br\/index.php\/2026\/01\/09\/lideres-europeus-comemoram-aprovacao-provisoria-de-acordo-ue-mercosul\/","title":{"rendered":"L\u00edderes europeus comemoram aprova\u00e7\u00e3o provis\u00f3ria de Acordo UE-Mercosul"},"content":{"rendered":"<p> Por MRNews<br \/>\n<\/p>\n<div wp_automatic_readability=\"114.81933962264\">\n<p>O chanceler da Alemanha, Friedrich Merz, e alguns setores empresariais comemoram, nesta sexta-feira (9), a conclus\u00e3o provis\u00f3ria das negocia\u00e7\u00f5es do acordo de livre com\u00e9rcio entre Uni\u00e3o Europeia e Mercosul, iniciadas h\u00e1 25 anos. O Conselho da Uni\u00e3o Europeia (UE), no entanto, ainda n\u00e3o anunciou oficialmente a assinatura do acordo.<\/p>\n<p>\u201cO acordo UE-Mercosul \u00e9 um marco na pol\u00edtica comercial europeia e um forte sinal da nossa soberania estrat\u00e9gica e capacidade de a\u00e7\u00e3o\u201d, escreveu\u00a0Merz em sua conta no X.<\/p>\n<blockquote wp_automatic_readability=\"7.015873015873\">\n<p>\u201cIsso \u00e9 bom para a Alemanha e para a Europa, mas 25 anos de negocia\u00e7\u00f5es foram muito longos \u2013 precisamos avan\u00e7ar mais r\u00e1pido\u201d.<\/p>\n<p><strong><a href=\"https:\/\/mrnews.com.br\/index.php\/2026\/01\/09\/russia-usa-missil-hipersonico-contra-ucrania-em-ataque-massivo\/\">R\u00fassia usa m\u00edssil hipers\u00f4nico contra Ucr\u00e2nia em ataque massivo<\/a><\/strong><\/p>\n<p><strong><a href=\"https:\/\/mrnews.com.br\/index.php\/2026\/01\/09\/ipca-vai-a-033-em-dezembro-e-fecha-2025-em-426\/\">IPCA vai a 0,33% em dezembro e fecha 2025 em 4,26%<\/a><\/strong><\/p>\n<\/blockquote>\n<h2>Repercuss\u00e3o<\/h2>\n<p><strong>A ministra das Rela\u00e7\u00f5es Exteriores da \u00c1ustria, Beate Meinl-Reisinger, tamb\u00e9m usou as redes sociais para expressar seu contentamento com a not\u00edcia, apesar de seu pa\u00eds ter votado contrariamente \u00e0 iniciativa. <\/strong><\/p>\n<p>\u201cEstou emocionada! Finalmente, h\u00e1 uma maioria entre os Estados-membros da UE para [a assinatura] do acordo com o Mercosul\u201d, afirmou\u00a0Beate na rede social.<\/p>\n<p>\u201cN\u00e3o \u00e9 nenhum segredo que eu esperava que a \u00c1ustria apoiasse o acordo tamb\u00e9m. Porque uma coisa \u00e9 clara: nossa economia, nossos neg\u00f3cios e nossa prosperidade se beneficiar\u00e3o enormemente disso\u201d, acrescentou a ministra, defendendo que a \u00c1ustria aprofunde as rela\u00e7\u00f5es comerciais com outras na\u00e7\u00f5es, come\u00e7ando pela \u00cdndia, pa\u00eds com o qual a \u00c1ustria j\u00e1 negocia um acordo bilateral.<\/p>\n<p>\u201cIsso \u00e9 especialmente crucial, pois a ordem global est\u00e1 passando por mudan\u00e7as maci\u00e7as \u2013 a Europa, e a \u00c1ustria tamb\u00e9m precisa de novos parceiros. Temos agora de aprofundar os nossos la\u00e7os com outras regi\u00f5es do mundo\u201d, defendeu Beate.<\/p>\n<p><strong><a href=\"https:\/\/mrnews.com.br\/index.php\/2026\/01\/09\/feriados-deste-ano-podem-afetar-vendas-do-comercio-no-rio\/\">Feriados deste ano podem afetar vendas do com\u00e9rcio no Rio<\/a><\/strong><\/p>\n<p><strong><a href=\"https:\/\/mrnews.com.br\/index.php\/2026\/01\/09\/homens-que-vendiam-carros-de-luxo-a-traficantes-tem-prisao-decretada\/\">Homens que vendiam carros de luxo a traficantes t\u00eam pris\u00e3o decretada<\/a><\/strong><\/p>\n<p><strong>De acordo com o ministro da Agricultura e Desenvolvimento Rural da Pol\u00f4nia, Stefan Krajewski, al\u00e9m de seu pa\u00eds e da \u00c1ustria, os embaixadores da Fran\u00e7a, Hungria e da Irlanda tamb\u00e9m\u00a0se manifestaram contra o acordo.<\/strong><\/p>\n<p>\u201cSe a It\u00e1lia estivesse do nosso lado, o acordo seria bloqueado\u201d, lamentou Krajewski.<\/p>\n<p>\u201cInfelizmente, as consequ\u00eancias desta decis\u00e3o afetar\u00e3o todos n\u00f3s. Repito o que tenho dito: vamos proteger os agricultores poloneses\u201d, acrescentou o ministro, destacando que o Parlamento polon\u00eas j\u00e1 vem propondo mecanismo legais para proteger os setores produtivos de seu pa\u00eds e para garantir eventuais compensa\u00e7\u00f5es ao setor agr\u00edcola.<\/p>\n<h2>Ind\u00fastria<\/h2>\n<p><strong>Em nota, a Associa\u00e7\u00e3o Europeia de Fabricantes de Autom\u00f3veis (Acea) afirmou que o apoio da maioria dos Estados-membros ao acordo UE-Mercosul \u00e9 um \u201cmomento marcante e um sinal claro de que a Europa quer manter uma economia forte, aberta e focada no com\u00e9rcio\u201d. <\/strong><\/p>\n<p>Segundo a entidade, a assinatura do acordo reduzir\u00e1, \u201cde forma muito significativa\u201d, as tarifas sobre os autom\u00f3veis fabricados na UE (atualmente, de at\u00e9 35%), resolver\u00e1 os obst\u00e1culos t\u00e9cnicos ao livre-com\u00e9rcio entre os dois blocos e refor\u00e7ar\u00e1 as cadeias de abastecimento de mat\u00e9rias-primas cr\u00edticas.<\/p>\n<p>\u201cA Acea insta agora os tomadores de decis\u00f5es pol\u00edticas do Parlamento Europeu a ratificar rapidamente o acordo para que todos os setores envolvidos se beneficiem rapidamente das vantagens comerciais e estrat\u00e9gicas do acordo.\u201d<\/p>\n<h2>Prazo<\/h2>\n<p><strong>Segundo a ag\u00eancia de not\u00edcias Reuters, os embaixadores dos 27 Estados-membros da UE indicaram\u00a0as posi\u00e7\u00f5es de seus governos na manh\u00e3 desta sexta-feira, mas cada pa\u00eds deve confirmar seu voto por escrito at\u00e9 as 17h (13h, em Bras\u00edlia) de hoje.<\/strong><\/p>\n<p>Ainda de acordo com a Reuters, ao menos 15 pa\u00edses, que juntos representam pelo menos 65% da popula\u00e7\u00e3o total do bloco europeu, votaram a favor da assinatura, conforme exigido.<\/p>\n<p>Se o resultado for confirmado, a presidente da Comiss\u00e3o Europeia, Ursula von der Leyen poder\u00e1 viajar ao Paraguai j\u00e1 na pr\u00f3xima semana para ratificar o acerto com os os pa\u00edses-membros do Mercosul \u2013 bloco formado por Argentina, Brasil, Paraguai e Uruguai.<\/p>\n<p>O Parlamento Europeu tamb\u00e9m precisar\u00e1 aprovar o acordo para que ele possa entrar em vigor.\u00a0<\/p>\n<\/div>\n","protected":false},"excerpt":{"rendered":"<p>Por MRNews O chanceler da Alemanha, Friedrich Merz, e alguns setores empresariais comemoram, nesta sexta-feira (9), a conclus\u00e3o provis\u00f3ria das<\/p>\n","protected":false},"author":2,"featured_media":0,"comment_status":"","ping_status":"","sticky":false,"template":"","format":"standard","meta":{"colormag_page_container_layout":"default_layout","colormag_page_sidebar_layout":"default_layout","footnotes":""},"categories":[1],"tags":[],"class_list":["post-58817","post","type-post","status-publish","format-standard","hentry","category-ejornais"],"aioseo_notices":[],"amp_enabled":true,"_links":{"self":[{"href":"https:\/\/ejornais.com.br\/index.php\/wp-json\/wp\/v2\/posts\/58817","targetHints":{"allow":["GET"]}}],"collection":[{"href":"https:\/\/ejornais.com.br\/index.php\/wp-json\/wp\/v2\/posts"}],"about":[{"href":"https:\/\/ejornais.com.br\/index.php\/wp-json\/wp\/v2\/types\/post"}],"author":[{"embeddable":true,"href":"https:\/\/ejornais.com.br\/index.php\/wp-json\/wp\/v2\/users\/2"}],"replies":[{"embeddable":true,"href":"https:\/\/ejornais.com.br\/index.php\/wp-json\/wp\/v2\/comments?post=58817"}],"version-history":[{"count":0,"href":"https:\/\/ejornais.com.br\/index.php\/wp-json\/wp\/v2\/posts\/58817\/revisions"}],"wp:attachment":[{"href":"https:\/\/ejornais.com.br\/index.php\/wp-json\/wp\/v2\/media?parent=58817"}],"wp:term":[{"taxonomy":"category","embeddable":true,"href":"https:\/\/ejornais.com.br\/index.php\/wp-json\/wp\/v2\/categories?post=58817"},{"taxonomy":"post_tag","embeddable":true,"href":"https:\/\/ejornais.com.br\/index.php\/wp-json\/wp\/v2\/tags?post=58817"}],"curies":[{"name":"wp","href":"https:\/\/api.w.org\/{rel}","templated":true}]}}