{"id":58855,"date":"2026-01-10T03:21:59","date_gmt":"2026-01-10T06:21:59","guid":{"rendered":"https:\/\/ejornais.com.br\/index.php\/2026\/01\/10\/agencia-minas-gerais-governo-de-minas-entrega-titulos-de-regularizacao-fundiaria-urbana-a-mais-de-140-familias\/"},"modified":"2026-01-10T03:21:59","modified_gmt":"2026-01-10T06:21:59","slug":"agencia-minas-gerais-governo-de-minas-entrega-titulos-de-regularizacao-fundiaria-urbana-a-mais-de-140-familias","status":"publish","type":"post","link":"https:\/\/ejornais.com.br\/index.php\/2026\/01\/10\/agencia-minas-gerais-governo-de-minas-entrega-titulos-de-regularizacao-fundiaria-urbana-a-mais-de-140-familias\/","title":{"rendered":"Ag\u00eancia Minas Gerais | Governo de Minas entrega t\u00edtulos de regulariza\u00e7\u00e3o fundi\u00e1ria urbana a mais de 140 fam\u00edlias"},"content":{"rendered":"<p><\/p>\n<div>\n<section class=\"news-related \/ col-md-4 col-lg-3 \/ margin-md-bottom-2 margin-left-1 \/ pull-right \/ hidden-xs hidden-sm\">\n<header>\n<p class=\"text-title-section \/ margin-bottom-1\">Relacionadas<\/p>\n<\/header>\n<p>\t\t\t\t\t\t\t<main><\/p>\n<hr class=\"row margin-md-bottom-2\"\/>\n\t\t\t\t\t\t\t<\/main><br \/>\n\t\t\t\t\t\t<\/section>\n<p>O Governo de Minas, por meio da Secretaria de Estado de Desenvolvimento Econ\u00f4mico de Minas Gerais (Sede-MG), realizou a entrega de 143 t\u00edtulos de regulariza\u00e7\u00e3o fundi\u00e1ria urbana para fam\u00edlias em Barroso, na regi\u00e3o do Campo das Vertentes, beneficiando 429 residentes dos n\u00facleos urbanos Ros\u00e1rio, Arthur Napole\u00e3o e Praia.\u00a0<\/p>\n<p>As escrituras de propriedade no munic\u00edpio, concedidas nessa quinta-feira (8\/1), s\u00e3o executadas por meio de conv\u00eanio entre o Estado e a Prefeitura de Barroso, no valor de R$ 132,1 mil.<\/p>\n<p>O secret\u00e1rio Executivo da Sede-MG, Bruno Ara\u00fajo, destacou a import\u00e2ncia dos documentos para os moradores de Barroso. &#8220;Esse \u00e9 um dos principais trabalhos que realizamos, al\u00e9m de desenvolvimento, entregamos dignidade para essas fam\u00edlias, que ter\u00e3o acesso ao cr\u00e9dito e a muitas oportunidades para poder viver bem. Desde 2019, j\u00e1 entregamos mais de 20 mil t\u00edtulos no estado&#8221;.<\/p>\n<p><strong>Minas Reurb<\/strong><\/p>\n<p>No estado, o processo de regulariza\u00e7\u00e3o fundi\u00e1ria urbana \u00e9 executado por meio do programa Minas Reurb, executado pela Sede-MG, em parceria com a Companhia de Habita\u00e7\u00e3o do Estado de Minas Gerais (Cohab Minas) e a Ag\u00eancia de Desenvolvimento da Regi\u00e3o Metropolitana do Vale do A\u00e7o (ARMVA), para regularizar n\u00facleos urbanos informais nos munic\u00edpios mineiros.<\/p>\n<p>O programa possibilita maior intera\u00e7\u00e3o com os munic\u00edpios e a conclus\u00e3o dos processos para o fornecimento do t\u00edtulo de propriedade aos moradores dos n\u00facleos informais, ampliando a seguran\u00e7a jur\u00eddica dessas fam\u00edlias.<\/p>\n<\/p><\/div>\n","protected":false},"excerpt":{"rendered":"<p>Relacionadas O Governo de Minas, por meio da Secretaria de Estado de Desenvolvimento Econ\u00f4mico de Minas Gerais (Sede-MG), realizou a<\/p>\n","protected":false},"author":2,"featured_media":0,"comment_status":"","ping_status":"","sticky":false,"template":"","format":"standard","meta":{"colormag_page_container_layout":"default_layout","colormag_page_sidebar_layout":"default_layout","footnotes":""},"categories":[1],"tags":[],"class_list":["post-58855","post","type-post","status-publish","format-standard","hentry","category-ejornais"],"aioseo_notices":[],"amp_enabled":true,"_links":{"self":[{"href":"https:\/\/ejornais.com.br\/index.php\/wp-json\/wp\/v2\/posts\/58855","targetHints":{"allow":["GET"]}}],"collection":[{"href":"https:\/\/ejornais.com.br\/index.php\/wp-json\/wp\/v2\/posts"}],"about":[{"href":"https:\/\/ejornais.com.br\/index.php\/wp-json\/wp\/v2\/types\/post"}],"author":[{"embeddable":true,"href":"https:\/\/ejornais.com.br\/index.php\/wp-json\/wp\/v2\/users\/2"}],"replies":[{"embeddable":true,"href":"https:\/\/ejornais.com.br\/index.php\/wp-json\/wp\/v2\/comments?post=58855"}],"version-history":[{"count":0,"href":"https:\/\/ejornais.com.br\/index.php\/wp-json\/wp\/v2\/posts\/58855\/revisions"}],"wp:attachment":[{"href":"https:\/\/ejornais.com.br\/index.php\/wp-json\/wp\/v2\/media?parent=58855"}],"wp:term":[{"taxonomy":"category","embeddable":true,"href":"https:\/\/ejornais.com.br\/index.php\/wp-json\/wp\/v2\/categories?post=58855"},{"taxonomy":"post_tag","embeddable":true,"href":"https:\/\/ejornais.com.br\/index.php\/wp-json\/wp\/v2\/tags?post=58855"}],"curies":[{"name":"wp","href":"https:\/\/api.w.org\/{rel}","templated":true}]}}