{"id":59010,"date":"2026-01-13T13:15:00","date_gmt":"2026-01-13T16:15:00","guid":{"rendered":"https:\/\/ejornais.com.br\/index.php\/2026\/01\/13\/venda-de-automoveis-e-comerciais-leves-cresce-258-em-2025\/"},"modified":"2026-01-13T13:15:00","modified_gmt":"2026-01-13T16:15:00","slug":"venda-de-automoveis-e-comerciais-leves-cresce-258-em-2025","status":"publish","type":"post","link":"https:\/\/ejornais.com.br\/index.php\/2026\/01\/13\/venda-de-automoveis-e-comerciais-leves-cresce-258-em-2025\/","title":{"rendered":"Venda de autom\u00f3veis e comerciais leves cresce 2,58% em 2025"},"content":{"rendered":"<p> Por MRNews<br \/>\n<\/p>\n<div wp_automatic_readability=\"48.994996426019\">\n<p><strong>As vendas de novos autom\u00f3veis e comerciais leves, como picapes e furg\u00f5es, apresentaram, em 2025, desempenho positivo com crescimento de 2,58 % em rela\u00e7\u00e3o a 2024. Ao todo, foram emplacadas 2.549.462 unidades.\u00a0<\/strong>O balan\u00e7o foi divulgado nesta ter\u00e7a-feira (13), em S\u00e3o Paulo, pela Federa\u00e7\u00e3o Nacional da Distribui\u00e7\u00e3o de Ve\u00edculos Automotores (Fenabrave).<\/p>\n<p>Somando-se a venda de \u00f4nibus e caminh\u00f5es com a de comerciais leves, o resultado tamb\u00e9m foi positivo, com o emplacamento de 2.689.179 unidades, o que representou aumento de 2,08% comparada a 2024.<\/p>\n<p>J\u00e1 quando se considera o emplacamento de todos os segmentos somados (autom\u00f3veis, comerciais leves, caminh\u00f5es, \u00f4nibus, motocicletas, implementos rodovi\u00e1rios e outros ve\u00edculos), o crescimento foi 8,02% no per\u00edodo, com a comercializa\u00e7\u00e3o de 5.124.544 unidades.<\/p>\n<p><strong><a href=\"https:\/\/mrnews.com.br\/index.php\/2026\/01\/13\/filhos-de-vladimir-herzog-sao-reconhecidos-como-anistiados-politicos\/\">Filhos de Vladimir Herzog s\u00e3o reconhecidos como anistiados pol\u00edticos<\/a><\/strong><\/p>\n<p><strong><a href=\"https:\/\/mrnews.com.br\/index.php\/2026\/01\/13\/espanha-apreende-cocaina-a-bordo-de-navio-que-fez-escala-no-brasil\/\">Espanha apreende coca\u00edna a bordo de navio que fez escala no Brasil<\/a><\/strong><\/p>\n<h2>Dezembro<\/h2>\n<p>Em dezembro, a venda de autom\u00f3veis e comerciais leves cresceu 17,59% em rela\u00e7\u00e3o a novembro e 9,60% na compara\u00e7\u00e3o com dezembro de 2024, totalizando 267.117 unidades emplacadas.<\/p>\n<p>Considerando-se o emplacamento de todos os segmentos em dezembro, o setor apresentou crescimento de 12,28% em rela\u00e7\u00e3o a novembro e de 14,97% em rela\u00e7\u00e3o a dezembro de 2024, somando 492.468 ve\u00edculos.<\/p>\n<\/div>\n","protected":false},"excerpt":{"rendered":"<p>Por MRNews As vendas de novos autom\u00f3veis e comerciais leves, como picapes e furg\u00f5es, apresentaram, em 2025, desempenho positivo com<\/p>\n","protected":false},"author":2,"featured_media":0,"comment_status":"","ping_status":"","sticky":false,"template":"","format":"standard","meta":{"colormag_page_container_layout":"default_layout","colormag_page_sidebar_layout":"default_layout","footnotes":""},"categories":[1],"tags":[],"class_list":["post-59010","post","type-post","status-publish","format-standard","hentry","category-ejornais"],"aioseo_notices":[],"amp_enabled":true,"_links":{"self":[{"href":"https:\/\/ejornais.com.br\/index.php\/wp-json\/wp\/v2\/posts\/59010","targetHints":{"allow":["GET"]}}],"collection":[{"href":"https:\/\/ejornais.com.br\/index.php\/wp-json\/wp\/v2\/posts"}],"about":[{"href":"https:\/\/ejornais.com.br\/index.php\/wp-json\/wp\/v2\/types\/post"}],"author":[{"embeddable":true,"href":"https:\/\/ejornais.com.br\/index.php\/wp-json\/wp\/v2\/users\/2"}],"replies":[{"embeddable":true,"href":"https:\/\/ejornais.com.br\/index.php\/wp-json\/wp\/v2\/comments?post=59010"}],"version-history":[{"count":0,"href":"https:\/\/ejornais.com.br\/index.php\/wp-json\/wp\/v2\/posts\/59010\/revisions"}],"wp:attachment":[{"href":"https:\/\/ejornais.com.br\/index.php\/wp-json\/wp\/v2\/media?parent=59010"}],"wp:term":[{"taxonomy":"category","embeddable":true,"href":"https:\/\/ejornais.com.br\/index.php\/wp-json\/wp\/v2\/categories?post=59010"},{"taxonomy":"post_tag","embeddable":true,"href":"https:\/\/ejornais.com.br\/index.php\/wp-json\/wp\/v2\/tags?post=59010"}],"curies":[{"name":"wp","href":"https:\/\/api.w.org\/{rel}","templated":true}]}}