{"id":59173,"date":"2026-01-16T14:24:05","date_gmt":"2026-01-16T17:24:05","guid":{"rendered":"https:\/\/ejornais.com.br\/index.php\/2026\/01\/16\/prefeitura-reune-setor-produtivo-em-workshop-cgnoticias\/"},"modified":"2026-01-16T14:24:05","modified_gmt":"2026-01-16T17:24:05","slug":"prefeitura-reune-setor-produtivo-em-workshop-cgnoticias","status":"publish","type":"post","link":"https:\/\/ejornais.com.br\/index.php\/2026\/01\/16\/prefeitura-reune-setor-produtivo-em-workshop-cgnoticias\/","title":{"rendered":"Prefeitura re\u00fane setor produtivo em workshop \u2013 CGNot\u00edcias"},"content":{"rendered":"<p><\/p>\n<div>\n<p>A Prefeitura de Campo Grande, por meio da Secretaria Municipal de Meio Ambiente, Gest\u00e3o Urbana e Desenvolvimento Econ\u00f4mico, Tur\u00edstico e Sustent\u00e1vel (Semades), realizou nesta sexta-feira (16), o Workshop Log\u00edstica Florestal 360\u00b0, em parceria com a empresa Suzano. O encontro reuniu no Teatro Oct\u00e1vio Guizzo, autoridades, representantes do setor produtivo e parceiros estrat\u00e9gicos com o objetivo de fortalecer o di\u00e1logo, promover a integra\u00e7\u00e3o regional e construir solu\u00e7\u00f5es conjuntas para os desafios da cadeia log\u00edstica florestal.<\/p>\n<p>O workshop teve como foco principal a escuta ativa de empres\u00e1rios e representantes do setor, al\u00e9m da apresenta\u00e7\u00e3o de programas e a\u00e7\u00f5es voltadas ao fortalecimento da log\u00edstica florestal e da integra\u00e7\u00e3o regional. A programa\u00e7\u00e3o contou com pain\u00e9is t\u00e9cnicos sobre Log\u00edstica Florestal, Torre de Controle de Transporte e Malha Vi\u00e1ria, temas considerados estrat\u00e9gicos para ampliar a competitividade do setor.<\/p>\n<p>\u201cCampo Grande possui um papel estrat\u00e9gico nesse cen\u00e1rio. A Semades atua como articuladora para fomentar a integra\u00e7\u00e3o entre ind\u00fastrias e empres\u00e1rios locais. A Capital tem potencial para atender o plantio florestal e toda a cadeia log\u00edstica associada, desde o transporte at\u00e9 os servi\u00e7os de apoio. Nosso papel \u00e9 criar pontes, ouvir o setor produtivo e trabalhar de forma integrada para que Campo Grande, fortalecendo a economia local e sustentabilidade\u201d, destacou gerente de Ind\u00fastria, Com\u00e9rcio e Servi\u00e7os da Semades, Rafaela Capelari.<\/p>\n<figure class=\"wp-block-image size-large\"><\/figure>\n<p>Representando a Suzano, o diretor de abastecimento de madeira em Ribas do Rio Pardo, Rodrigo Zagonel, destacou a relev\u00e2ncia da log\u00edstica para as opera\u00e7\u00f5es da empresa no Estado, especialmente ap\u00f3s a entrada em opera\u00e7\u00e3o da f\u00e1brica de celulose. \u201cO Mato Grosso do Sul hoje responde por quase 40% de toda a produ\u00e7\u00e3o de celulose da Suzano. A log\u00edstica \u00e9 um dos grandes fatores diferenciais do nosso neg\u00f3cio. Ter uma cadeia log\u00edstica eficiente traz produtividade, competitividade e permite o desenvolvimento das nossas opera\u00e7\u00f5es\u201d, afirmou.<\/p>\n<figure class=\"wp-block-image size-large\"><\/figure>\n<p>Ainda segundo Rodrigo, a cadeia log\u00edstica florestal da empresa no Estado opera por meio dos modais rodovi\u00e1rio e ferrovi\u00e1rio, com transporte de madeira realizado por tritrens e hexatrens, al\u00e9m do escoamento da celulose via ferrovia a partir de terminais em Aparecida do Taboado e Inoc\u00eancia. A f\u00e1brica, em conjunto com o poder p\u00fablico, j\u00e1 atua em iniciativas voltadas \u00e0 melhoria da infraestrutura e ao fortalecimento da cadeia log\u00edstica.<\/p>\n<p>O evento tamb\u00e9m foi uma oportunidade para empres\u00e1rios locais conhecerem de perto as demandas e oportunidades do setor florestal. G\u00e9lson Pavone, empres\u00e1rio do setor de transportes, afirmou que o workshop abriu novas perspectivas de atua\u00e7\u00e3o. \u201cHoje ainda n\u00e3o atuamos diretamente no setor de papel e celulose, mas esse evento mostra a import\u00e2ncia e as possibilidades dessa modalidade de transporte. \u00c9 muito relevante para as empresas do Mato Grosso do Sul\u201d, disse.<\/p>\n<figure class=\"wp-block-image size-large\"><\/figure>\n<p>J\u00e1 Pedro Lopes, empres\u00e1rio do setor de loca\u00e7\u00e3o de equipamentos pesados, destacou que o workshop permitiu conhecer novas frentes de atua\u00e7\u00e3o junto \u00e0 Suzano. \u201cFoi uma oportunidade muito boa para entender melhor a \u00e1rea de log\u00edstica florestal, que utiliza equipamentos que j\u00e1 trabalhamos. Existe a pretens\u00e3o de ampliar nossa atua\u00e7\u00e3o e buscar novas parcerias\u201d, afirmou.<\/p>\n<figure class=\"wp-block-image size-large\"><\/figure>\n<p>Com a realiza\u00e7\u00e3o do Workshop Log\u00edstica Florestal 360\u00b0, a Prefeitura de Campo Grande refor\u00e7a seu compromisso com o desenvolvimento econ\u00f4mico sustent\u00e1vel, a integra\u00e7\u00e3o regional e o fortalecimento das parcerias entre o poder p\u00fablico, grandes empresas e empreendedores locais, contribuindo para uma economia mais competitiva, inovadora e alinhada \u00e0s voca\u00e7\u00f5es do munic\u00edpio.<\/p>\n<\/div>\n<p><script async defer async defer src=\"https:\/\/connect.facebook.net\/en_US\/sdk.js?ver=1#xfbml=1&amp;version=v3.2\" id=\"prefeitura-campogrande-script-facebook-sdk-js\"><\/script><\/p>\n","protected":false},"excerpt":{"rendered":"<p>A Prefeitura de Campo Grande, por meio da Secretaria Municipal de Meio Ambiente, Gest\u00e3o Urbana e Desenvolvimento Econ\u00f4mico, Tur\u00edstico e<\/p>\n","protected":false},"author":2,"featured_media":0,"comment_status":"","ping_status":"","sticky":false,"template":"","format":"standard","meta":{"colormag_page_container_layout":"default_layout","colormag_page_sidebar_layout":"default_layout","footnotes":""},"categories":[1],"tags":[],"class_list":["post-59173","post","type-post","status-publish","format-standard","hentry","category-ejornais"],"aioseo_notices":[],"aioseo_head":"\n\t\t<!-- All in One SEO 5.0.1.1 - aioseo.com -->\n\t<meta name=\"description\" content=\"A Prefeitura de Campo Grande, por meio da Secretaria Municipal de Meio Ambiente, Gest\u00e3o Urbana e Desenvolvimento Econ\u00f4mico, Tur\u00edstico e Sustent\u00e1vel (Semades), realizou nesta sexta-feira (16), o Workshop Log\u00edstica Florestal 360\u00b0, em parceria com a empresa Suzano. O encontro reuniu no Teatro Oct\u00e1vio Guizzo, autoridades, representantes do setor produtivo e parceiros estrat\u00e9gicos com o objetivo\" \/>\n\t<meta name=\"robots\" content=\"max-image-preview:large\" \/>\n\t<meta name=\"author\" content=\"admin1\"\/>\n\t<link rel=\"canonical\" href=\"https:\/\/ejornais.com.br\/index.php\/2026\/01\/16\/prefeitura-reune-setor-produtivo-em-workshop-cgnoticias\/\" \/>\n\t<meta name=\"generator\" content=\"All in One SEO (AIOSEO) 5.0.1.1\" \/>\n\t\t<meta property=\"og:locale\" content=\"pt_BR\" \/>\n\t\t<meta property=\"og:site_name\" content=\"eJornais - Cat\u00e1logo de Jornais no mundo, Not\u00edcias, Blog e Esportes ao vivo\" \/>\n\t\t<meta property=\"og:type\" content=\"article\" \/>\n\t\t<meta property=\"og:title\" content=\"Prefeitura re\u00fane setor produtivo em workshop \u2013 CGNot\u00edcias - eJornais\" \/>\n\t\t<meta property=\"og:description\" content=\"A Prefeitura de Campo Grande, por meio da Secretaria Municipal de Meio Ambiente, Gest\u00e3o Urbana e Desenvolvimento Econ\u00f4mico, Tur\u00edstico e Sustent\u00e1vel (Semades), realizou nesta sexta-feira (16), o Workshop Log\u00edstica Florestal 360\u00b0, em parceria com a empresa Suzano. O encontro reuniu no Teatro Oct\u00e1vio Guizzo, autoridades, representantes do setor produtivo e parceiros estrat\u00e9gicos com o objetivo\" \/>\n\t\t<meta property=\"og:url\" content=\"https:\/\/ejornais.com.br\/index.php\/2026\/01\/16\/prefeitura-reune-setor-produtivo-em-workshop-cgnoticias\/\" \/>\n\t\t<meta property=\"article:published_time\" content=\"2026-01-16T17:24:05+00:00\" \/>\n\t\t<meta property=\"article:modified_time\" content=\"2026-01-16T17:24:05+00:00\" \/>\n\t\t<meta name=\"twitter:card\" content=\"summary_large_image\" \/>\n\t\t<meta name=\"twitter:title\" content=\"Prefeitura re\u00fane setor produtivo em workshop \u2013 CGNot\u00edcias - eJornais\" \/>\n\t\t<meta name=\"twitter:description\" content=\"A Prefeitura de Campo Grande, por meio da Secretaria Municipal de Meio Ambiente, Gest\u00e3o Urbana e Desenvolvimento Econ\u00f4mico, Tur\u00edstico e Sustent\u00e1vel (Semades), realizou nesta sexta-feira (16), o Workshop Log\u00edstica Florestal 360\u00b0, em parceria com a empresa Suzano. O encontro reuniu no Teatro Oct\u00e1vio Guizzo, autoridades, representantes do setor produtivo e parceiros estrat\u00e9gicos com o objetivo\" \/>\n\t\t<script type=\"application\/ld+json\" class=\"aioseo-schema\">\n\t\t\t{\"@context\":\"https:\\\/\\\/schema.org\",\"@graph\":[{\"@type\":\"BlogPosting\",\"@id\":\"https:\\\/\\\/ejornais.com.br\\\/index.php\\\/2026\\\/01\\\/16\\\/prefeitura-reune-setor-produtivo-em-workshop-cgnoticias\\\/#blogposting\",\"name\":\"Prefeitura re\\u00fane setor produtivo em workshop \\u2013 CGNot\\u00edcias - eJornais\",\"headline\":\"Prefeitura re\\u00fane setor produtivo em workshop \\u2013 CGNot\\u00edcias\",\"author\":{\"@id\":\"https:\\\/\\\/ejornais.com.br\\\/index.php\\\/author\\\/admin1\\\/#author\"},\"publisher\":{\"@id\":\"https:\\\/\\\/ejornais.com.br\\\/#organization\"},\"datePublished\":\"2026-01-16T14:24:05-03:00\",\"dateModified\":\"2026-01-16T14:24:05-03:00\",\"inLanguage\":\"pt-BR\",\"mainEntityOfPage\":{\"@id\":\"https:\\\/\\\/ejornais.com.br\\\/index.php\\\/2026\\\/01\\\/16\\\/prefeitura-reune-setor-produtivo-em-workshop-cgnoticias\\\/#webpage\"},\"isPartOf\":{\"@id\":\"https:\\\/\\\/ejornais.com.br\\\/index.php\\\/2026\\\/01\\\/16\\\/prefeitura-reune-setor-produtivo-em-workshop-cgnoticias\\\/#webpage\"},\"articleSection\":\"Cat\\u00e1logo de Jornais\"},{\"@type\":\"BreadcrumbList\",\"@id\":\"https:\\\/\\\/ejornais.com.br\\\/index.php\\\/2026\\\/01\\\/16\\\/prefeitura-reune-setor-produtivo-em-workshop-cgnoticias\\\/#breadcrumblist\",\"itemListElement\":[{\"@type\":\"ListItem\",\"@id\":\"https:\\\/\\\/ejornais.com.br#listItem\",\"position\":1,\"name\":\"In\\u00edcio\",\"item\":\"https:\\\/\\\/ejornais.com.br\",\"nextItem\":{\"@type\":\"ListItem\",\"@id\":\"https:\\\/\\\/ejornais.com.br\\\/index.php\\\/category\\\/ejornais\\\/#listItem\",\"name\":\"Cat\\u00e1logo de Jornais\"}},{\"@type\":\"ListItem\",\"@id\":\"https:\\\/\\\/ejornais.com.br\\\/index.php\\\/category\\\/ejornais\\\/#listItem\",\"position\":2,\"name\":\"Cat\\u00e1logo de Jornais\",\"item\":\"https:\\\/\\\/ejornais.com.br\\\/index.php\\\/category\\\/ejornais\\\/\",\"nextItem\":{\"@type\":\"ListItem\",\"@id\":\"https:\\\/\\\/ejornais.com.br\\\/index.php\\\/2026\\\/01\\\/16\\\/prefeitura-reune-setor-produtivo-em-workshop-cgnoticias\\\/#listItem\",\"name\":\"Prefeitura re\\u00fane setor produtivo em workshop \\u2013 CGNot\\u00edcias\"},\"previousItem\":{\"@type\":\"ListItem\",\"@id\":\"https:\\\/\\\/ejornais.com.br#listItem\",\"name\":\"In\\u00edcio\"}},{\"@type\":\"ListItem\",\"@id\":\"https:\\\/\\\/ejornais.com.br\\\/index.php\\\/2026\\\/01\\\/16\\\/prefeitura-reune-setor-produtivo-em-workshop-cgnoticias\\\/#listItem\",\"position\":3,\"name\":\"Prefeitura re\\u00fane setor produtivo em workshop \\u2013 CGNot\\u00edcias\",\"previousItem\":{\"@type\":\"ListItem\",\"@id\":\"https:\\\/\\\/ejornais.com.br\\\/index.php\\\/category\\\/ejornais\\\/#listItem\",\"name\":\"Cat\\u00e1logo de Jornais\"}}]},{\"@type\":\"Organization\",\"@id\":\"https:\\\/\\\/ejornais.com.br\\\/#organization\",\"name\":\"eJornais\",\"description\":\"Cat\\u00e1logo de Jornais no mundo, Not\\u00edcias, Blog e Esportes ao vivo\",\"url\":\"https:\\\/\\\/ejornais.com.br\\\/\"},{\"@type\":\"Person\",\"@id\":\"https:\\\/\\\/ejornais.com.br\\\/index.php\\\/author\\\/admin1\\\/#author\",\"url\":\"https:\\\/\\\/ejornais.com.br\\\/index.php\\\/author\\\/admin1\\\/\",\"name\":\"admin1\",\"image\":{\"@type\":\"ImageObject\",\"@id\":\"https:\\\/\\\/ejornais.com.br\\\/index.php\\\/2026\\\/01\\\/16\\\/prefeitura-reune-setor-produtivo-em-workshop-cgnoticias\\\/#authorImage\",\"url\":\"https:\\\/\\\/secure.gravatar.com\\\/avatar\\\/04084e6d73c042b8646e7c17b494073bf0ede3ea13c7105cfc45cbbbc28385a4?s=96&d=mm&r=g\",\"width\":96,\"height\":96,\"caption\":\"admin1\"}},{\"@type\":\"WebPage\",\"@id\":\"https:\\\/\\\/ejornais.com.br\\\/index.php\\\/2026\\\/01\\\/16\\\/prefeitura-reune-setor-produtivo-em-workshop-cgnoticias\\\/#webpage\",\"url\":\"https:\\\/\\\/ejornais.com.br\\\/index.php\\\/2026\\\/01\\\/16\\\/prefeitura-reune-setor-produtivo-em-workshop-cgnoticias\\\/\",\"name\":\"Prefeitura re\\u00fane setor produtivo em workshop \\u2013 CGNot\\u00edcias - eJornais\",\"description\":\"A Prefeitura de Campo Grande, por meio da Secretaria Municipal de Meio Ambiente, Gest\\u00e3o Urbana e Desenvolvimento Econ\\u00f4mico, Tur\\u00edstico e Sustent\\u00e1vel (Semades), realizou nesta sexta-feira (16), o Workshop Log\\u00edstica Florestal 360\\u00b0, em parceria com a empresa Suzano. O encontro reuniu no Teatro Oct\\u00e1vio Guizzo, autoridades, representantes do setor produtivo e parceiros estrat\\u00e9gicos com o objetivo\",\"inLanguage\":\"pt-BR\",\"isPartOf\":{\"@id\":\"https:\\\/\\\/ejornais.com.br\\\/#website\"},\"breadcrumb\":{\"@id\":\"https:\\\/\\\/ejornais.com.br\\\/index.php\\\/2026\\\/01\\\/16\\\/prefeitura-reune-setor-produtivo-em-workshop-cgnoticias\\\/#breadcrumblist\"},\"author\":{\"@id\":\"https:\\\/\\\/ejornais.com.br\\\/index.php\\\/author\\\/admin1\\\/#author\"},\"creator\":{\"@id\":\"https:\\\/\\\/ejornais.com.br\\\/index.php\\\/author\\\/admin1\\\/#author\"},\"datePublished\":\"2026-01-16T14:24:05-03:00\",\"dateModified\":\"2026-01-16T14:24:05-03:00\"},{\"@type\":\"WebSite\",\"@id\":\"https:\\\/\\\/ejornais.com.br\\\/#website\",\"url\":\"https:\\\/\\\/ejornais.com.br\\\/\",\"name\":\"eJornais\",\"description\":\"Cat\\u00e1logo de Jornais no mundo, Not\\u00edcias, Blog e Esportes ao vivo\",\"inLanguage\":\"pt-BR\",\"publisher\":{\"@id\":\"https:\\\/\\\/ejornais.com.br\\\/#organization\"}}]}\n\t\t<\/script>\n\t\t<!-- All in One SEO -->\n\n","aioseo_head_json":{"title":"Prefeitura re\u00fane setor produtivo em workshop \u2013 CGNot\u00edcias - eJornais","description":"A Prefeitura de Campo Grande, por meio da Secretaria Municipal de Meio Ambiente, Gest\u00e3o Urbana e Desenvolvimento Econ\u00f4mico, Tur\u00edstico e Sustent\u00e1vel (Semades), realizou nesta sexta-feira (16), o Workshop Log\u00edstica Florestal 360\u00b0, em parceria com a empresa Suzano. O encontro reuniu no Teatro Oct\u00e1vio Guizzo, autoridades, representantes do setor produtivo e parceiros estrat\u00e9gicos com o objetivo","canonical_url":"https:\/\/ejornais.com.br\/index.php\/2026\/01\/16\/prefeitura-reune-setor-produtivo-em-workshop-cgnoticias\/","robots":"max-image-preview:large","keywords":"","webmasterTools":{"miscellaneous":""},"schema":{"@context":"https:\/\/schema.org","@graph":[{"@type":"BlogPosting","@id":"https:\/\/ejornais.com.br\/index.php\/2026\/01\/16\/prefeitura-reune-setor-produtivo-em-workshop-cgnoticias\/#blogposting","name":"Prefeitura re\u00fane setor produtivo em workshop \u2013 CGNot\u00edcias - eJornais","headline":"Prefeitura re\u00fane setor produtivo em workshop \u2013 CGNot\u00edcias","author":{"@id":"https:\/\/ejornais.com.br\/index.php\/author\/admin1\/#author"},"publisher":{"@id":"https:\/\/ejornais.com.br\/#organization"},"datePublished":"2026-01-16T14:24:05-03:00","dateModified":"2026-01-16T14:24:05-03:00","inLanguage":"pt-BR","mainEntityOfPage":{"@id":"https:\/\/ejornais.com.br\/index.php\/2026\/01\/16\/prefeitura-reune-setor-produtivo-em-workshop-cgnoticias\/#webpage"},"isPartOf":{"@id":"https:\/\/ejornais.com.br\/index.php\/2026\/01\/16\/prefeitura-reune-setor-produtivo-em-workshop-cgnoticias\/#webpage"},"articleSection":"Cat\u00e1logo de Jornais"},{"@type":"BreadcrumbList","@id":"https:\/\/ejornais.com.br\/index.php\/2026\/01\/16\/prefeitura-reune-setor-produtivo-em-workshop-cgnoticias\/#breadcrumblist","itemListElement":[{"@type":"ListItem","@id":"https:\/\/ejornais.com.br#listItem","position":1,"name":"In\u00edcio","item":"https:\/\/ejornais.com.br","nextItem":{"@type":"ListItem","@id":"https:\/\/ejornais.com.br\/index.php\/category\/ejornais\/#listItem","name":"Cat\u00e1logo de Jornais"}},{"@type":"ListItem","@id":"https:\/\/ejornais.com.br\/index.php\/category\/ejornais\/#listItem","position":2,"name":"Cat\u00e1logo de Jornais","item":"https:\/\/ejornais.com.br\/index.php\/category\/ejornais\/","nextItem":{"@type":"ListItem","@id":"https:\/\/ejornais.com.br\/index.php\/2026\/01\/16\/prefeitura-reune-setor-produtivo-em-workshop-cgnoticias\/#listItem","name":"Prefeitura re\u00fane setor produtivo em workshop \u2013 CGNot\u00edcias"},"previousItem":{"@type":"ListItem","@id":"https:\/\/ejornais.com.br#listItem","name":"In\u00edcio"}},{"@type":"ListItem","@id":"https:\/\/ejornais.com.br\/index.php\/2026\/01\/16\/prefeitura-reune-setor-produtivo-em-workshop-cgnoticias\/#listItem","position":3,"name":"Prefeitura re\u00fane setor produtivo em workshop \u2013 CGNot\u00edcias","previousItem":{"@type":"ListItem","@id":"https:\/\/ejornais.com.br\/index.php\/category\/ejornais\/#listItem","name":"Cat\u00e1logo de Jornais"}}]},{"@type":"Organization","@id":"https:\/\/ejornais.com.br\/#organization","name":"eJornais","description":"Cat\u00e1logo de Jornais no mundo, Not\u00edcias, Blog e Esportes ao vivo","url":"https:\/\/ejornais.com.br\/"},{"@type":"Person","@id":"https:\/\/ejornais.com.br\/index.php\/author\/admin1\/#author","url":"https:\/\/ejornais.com.br\/index.php\/author\/admin1\/","name":"admin1","image":{"@type":"ImageObject","@id":"https:\/\/ejornais.com.br\/index.php\/2026\/01\/16\/prefeitura-reune-setor-produtivo-em-workshop-cgnoticias\/#authorImage","url":"https:\/\/secure.gravatar.com\/avatar\/04084e6d73c042b8646e7c17b494073bf0ede3ea13c7105cfc45cbbbc28385a4?s=96&d=mm&r=g","width":96,"height":96,"caption":"admin1"}},{"@type":"WebPage","@id":"https:\/\/ejornais.com.br\/index.php\/2026\/01\/16\/prefeitura-reune-setor-produtivo-em-workshop-cgnoticias\/#webpage","url":"https:\/\/ejornais.com.br\/index.php\/2026\/01\/16\/prefeitura-reune-setor-produtivo-em-workshop-cgnoticias\/","name":"Prefeitura re\u00fane setor produtivo em workshop \u2013 CGNot\u00edcias - eJornais","description":"A Prefeitura de Campo Grande, por meio da Secretaria Municipal de Meio Ambiente, Gest\u00e3o Urbana e Desenvolvimento Econ\u00f4mico, Tur\u00edstico e Sustent\u00e1vel (Semades), realizou nesta sexta-feira (16), o Workshop Log\u00edstica Florestal 360\u00b0, em parceria com a empresa Suzano. O encontro reuniu no Teatro Oct\u00e1vio Guizzo, autoridades, representantes do setor produtivo e parceiros estrat\u00e9gicos com o objetivo","inLanguage":"pt-BR","isPartOf":{"@id":"https:\/\/ejornais.com.br\/#website"},"breadcrumb":{"@id":"https:\/\/ejornais.com.br\/index.php\/2026\/01\/16\/prefeitura-reune-setor-produtivo-em-workshop-cgnoticias\/#breadcrumblist"},"author":{"@id":"https:\/\/ejornais.com.br\/index.php\/author\/admin1\/#author"},"creator":{"@id":"https:\/\/ejornais.com.br\/index.php\/author\/admin1\/#author"},"datePublished":"2026-01-16T14:24:05-03:00","dateModified":"2026-01-16T14:24:05-03:00"},{"@type":"WebSite","@id":"https:\/\/ejornais.com.br\/#website","url":"https:\/\/ejornais.com.br\/","name":"eJornais","description":"Cat\u00e1logo de Jornais no mundo, Not\u00edcias, Blog e Esportes ao vivo","inLanguage":"pt-BR","publisher":{"@id":"https:\/\/ejornais.com.br\/#organization"}}]},"og:locale":"pt_BR","og:site_name":"eJornais - Cat\u00e1logo de Jornais no mundo, Not\u00edcias, Blog e Esportes ao vivo","og:type":"article","og:title":"Prefeitura re\u00fane setor produtivo em workshop \u2013 CGNot\u00edcias - eJornais","og:description":"A Prefeitura de Campo Grande, por meio da Secretaria Municipal de Meio Ambiente, Gest\u00e3o Urbana e Desenvolvimento Econ\u00f4mico, Tur\u00edstico e Sustent\u00e1vel (Semades), realizou nesta sexta-feira (16), o Workshop Log\u00edstica Florestal 360\u00b0, em parceria com a empresa Suzano. O encontro reuniu no Teatro Oct\u00e1vio Guizzo, autoridades, representantes do setor produtivo e parceiros estrat\u00e9gicos com o objetivo","og:url":"https:\/\/ejornais.com.br\/index.php\/2026\/01\/16\/prefeitura-reune-setor-produtivo-em-workshop-cgnoticias\/","article:published_time":"2026-01-16T17:24:05+00:00","article:modified_time":"2026-01-16T17:24:05+00:00","twitter:card":"summary_large_image","twitter:title":"Prefeitura re\u00fane setor produtivo em workshop \u2013 CGNot\u00edcias - eJornais","twitter:description":"A Prefeitura de Campo Grande, por meio da Secretaria Municipal de Meio Ambiente, Gest\u00e3o Urbana e Desenvolvimento Econ\u00f4mico, Tur\u00edstico e Sustent\u00e1vel (Semades), realizou nesta sexta-feira (16), o Workshop Log\u00edstica Florestal 360\u00b0, em parceria com a empresa Suzano. O encontro reuniu no Teatro Oct\u00e1vio Guizzo, autoridades, representantes do setor produtivo e parceiros estrat\u00e9gicos com o objetivo"},"aioseo_meta_data":{"post_id":"59173","title":null,"description":null,"keywords":null,"keyphrases":null,"primary_term":null,"canonical_url":null,"og_title":null,"og_description":null,"og_object_type":"default","og_image_type":"default","og_image_url":null,"og_image_width":null,"og_image_height":null,"og_image_custom_url":null,"og_image_custom_fields":null,"og_video":null,"og_custom_url":null,"og_article_section":null,"og_article_tags":null,"twitter_use_og":false,"twitter_card":"default","twitter_image_type":"default","twitter_image_url":null,"twitter_image_custom_url":null,"twitter_image_custom_fields":null,"twitter_title":null,"twitter_description":null,"schema":{"blockGraphs":[],"customGraphs":[],"default":{"data":{"Article":[],"Course":[],"Dataset":[],"FAQPage":[],"Movie":[],"Person":[],"Product":[],"ProductReview":[],"Car":[],"Recipe":[],"Service":[],"SoftwareApplication":[],"WebPage":[]},"graphName":"","isEnabled":true},"graphs":[]},"schema_type":"default","schema_type_options":null,"pillar_content":false,"robots_default":true,"robots_noindex":false,"robots_noarchive":false,"robots_nosnippet":false,"robots_nofollow":false,"robots_noimageindex":false,"robots_noodp":false,"robots_notranslate":false,"robots_max_snippet":null,"robots_max_videopreview":null,"robots_max_imagepreview":"large","priority":null,"frequency":null,"local_seo":null,"breadcrumb_settings":null,"limit_modified_date":false,"ai":null,"created":"2026-01-16 17:30:02","updated":"2026-01-16 17:30:02","seo_analyzer_scan_date":null,"focus_keyword":null,"additional_keywords":null,"truseo_locale":null},"aioseo_breadcrumb":"<div class=\"aioseo-breadcrumbs\"><span class=\"aioseo-breadcrumb\">\n\t\t\t<a href=\"https:\/\/ejornais.com.br\" title=\"In\u00edcio\">In\u00edcio<\/a>\n\t\t<\/span><span class=\"aioseo-breadcrumb-separator\">&raquo;<\/span><span class=\"aioseo-breadcrumb\">\n\t\t\t<a href=\"https:\/\/ejornais.com.br\/index.php\/category\/ejornais\/\" title=\"Cat\u00e1logo de Jornais\">Cat\u00e1logo de Jornais<\/a>\n\t\t<\/span><span class=\"aioseo-breadcrumb-separator\">&raquo;<\/span><span class=\"aioseo-breadcrumb\">\n\t\t\tPrefeitura re\u00fane setor produtivo em workshop \u2013 CGNot\u00edcias\n\t\t<\/span><\/div>","aioseo_breadcrumb_json":[{"label":"In\u00edcio","link":"https:\/\/ejornais.com.br"},{"label":"Cat\u00e1logo de Jornais","link":"https:\/\/ejornais.com.br\/index.php\/category\/ejornais\/"},{"label":"Prefeitura re\u00fane setor produtivo em workshop \u2013 CGNot\u00edcias","link":"https:\/\/ejornais.com.br\/index.php\/2026\/01\/16\/prefeitura-reune-setor-produtivo-em-workshop-cgnoticias\/"}],"amp_enabled":true,"_links":{"self":[{"href":"https:\/\/ejornais.com.br\/index.php\/wp-json\/wp\/v2\/posts\/59173","targetHints":{"allow":["GET"]}}],"collection":[{"href":"https:\/\/ejornais.com.br\/index.php\/wp-json\/wp\/v2\/posts"}],"about":[{"href":"https:\/\/ejornais.com.br\/index.php\/wp-json\/wp\/v2\/types\/post"}],"author":[{"embeddable":true,"href":"https:\/\/ejornais.com.br\/index.php\/wp-json\/wp\/v2\/users\/2"}],"replies":[{"embeddable":true,"href":"https:\/\/ejornais.com.br\/index.php\/wp-json\/wp\/v2\/comments?post=59173"}],"version-history":[{"count":0,"href":"https:\/\/ejornais.com.br\/index.php\/wp-json\/wp\/v2\/posts\/59173\/revisions"}],"wp:attachment":[{"href":"https:\/\/ejornais.com.br\/index.php\/wp-json\/wp\/v2\/media?parent=59173"}],"wp:term":[{"taxonomy":"category","embeddable":true,"href":"https:\/\/ejornais.com.br\/index.php\/wp-json\/wp\/v2\/categories?post=59173"},{"taxonomy":"post_tag","embeddable":true,"href":"https:\/\/ejornais.com.br\/index.php\/wp-json\/wp\/v2\/tags?post=59173"}],"curies":[{"name":"wp","href":"https:\/\/api.w.org\/{rel}","templated":true}]}}